{"id":99892,"date":"2023-08-26T16:23:30","date_gmt":"2023-08-26T19:23:30","guid":{"rendered":"https:\/\/grandepremio.com\/br\/noticias\/speed-trap-confira-velocidades-maximas-classificacao-gp-da-holanda-f1\/"},"modified":"2023-08-26T16:25:30","modified_gmt":"2023-08-26T19:25:30","slug":"speed-trap-confira-velocidades-maximas-classificacao-gp-da-holanda-f1","status":"publish","type":"post","link":"https:\/\/grandepremio.com\/br\/f1\/speed-trap-confira-velocidades-maximas-classificacao-gp-da-holanda-f1\/","title":{"rendered":"Speed trap: confira velocidades m\u00e1ximas da classifica\u00e7\u00e3o do GP da Holanda de F1"},"content":{"rendered":"\n<figure class=\"wp-block-embed is-type-video is-provider-youtube wp-block-embed-youtube wp-embed-aspect-16-9 wp-has-aspect-ratio\"><div class=\"wp-block-embed__wrapper\">\n<iframe loading=\"lazy\" title=\"F1 2023 na HOLANDA: VERSTAPPEN pole, NORRIS 2\u00ba. LECLERC bate | Briefing\" width=\"500\" height=\"281\" src=\"https:\/\/www.youtube.com\/embed\/7AiwyhURs_8?feature=oembed\" frameborder=\"0\" allow=\"accelerometer; autoplay; clipboard-write; encrypted-media; gyroscope; picture-in-picture; web-share\" referrerpolicy=\"strict-origin-when-cross-origin\" allowfullscreen><\/iframe>\n<\/div><\/figure>\n\n\n\n<p class=\"wp-block-paragraph\">Charles Leclerc foi o dono da maior velocidade m\u00e1xima da classifica\u00e7\u00e3o deste s\u00e1bado (26) para o GP da Holanda. O monegasco da Ferrari vai largar apenas em nono lugar, mas chegou a 328,6 km\/h e comandou o speed trap.<\/p>\n\n\n\n<p class=\"wp-block-paragraph\">Ap\u00f3s Leclerc, <a href=\"https:\/\/www.grandepremio.com\/br\/f1\/noticias\/max-verstappen-faz-mar-laranja-vibrar-conquista-pole-position-gp-da-holanda-formula-1\/\" class=\"ek-link\">vem o pole-position<\/a> Max Verstappen, com 327 km\/h. Completam os cinco primeiros Carlos Sainz, Sergio P\u00e9rez e Logan Sargeant, com excelente atua\u00e7\u00e3o com a Williams e que vai partir da d\u00e9cima posi\u00e7\u00e3o.<\/p>\n\n\n\n<p class=\"wp-block-paragraph\">Fernando Alonso foi o sexto mais r\u00e1pido da sess\u00e3o, atingindo 322,2 km\/h, \u00e0 frente de Alexander Albon, que chegou a 321,7 km\/h. O top-10 foi completado pela dupla da McLaren, Oscar Piastri e Lando Norris, e George Russell, da Mercedes, com 318,3 km\/h. O heptacampe\u00e3o Lewis Hamilton ficou apenas em 15\u00ba.<\/p>\n\n\n\n<figure class=\"wp-block-image size-large\"><img decoding=\"async\" src=\"https:\/\/www.grandepremio.com\/br\/wp-content\/uploads\/2023\/08\/holanda-2023-f1-classificacao-williams-logan-sargeant-04-1024x683.jpg\" alt=\"\" class=\"wp-image-721698\"\/><figcaption class=\"wp-element-caption\">Logan Sargeant brilhou em Zandvoort e foi o quinto mais r\u00e1pido da classifica\u00e7\u00e3o (Foto: Williams)<\/figcaption><\/figure>\n\n\n\n<p class=\"wp-block-paragraph\"><strong>\u25b6\ufe0f\u00a0Inscreva-se nos dois canais do GRANDE PR\u00caMIO no YouTube:\u00a0<a href=\"https:\/\/www.youtube.com\/channel\/UC9OlHEgxoaY6QY6nWPoiqQg?sub_confirmation=1\" target=\"_blank\" rel=\"noreferrer noopener\">GP<\/a>\u00a0|\u00a0<a href=\"https:\/\/www.youtube.com\/channel\/UC9csiS6q_C3C0FYhyr1rnFA?sub_confirmation=1\" target=\"_blank\" rel=\"noreferrer noopener\">GP2<\/a><\/strong><br><strong>\u25b6\ufe0f\u00a0<a href=\"https:\/\/www.twitch.tv\/grandepremio\" target=\"_blank\" rel=\"noreferrer noopener\">Conhe\u00e7a o canal do GRANDE PR\u00caMIO na Twitch clicando aqui!<\/a><\/strong><\/p>\n\n\n\n<p class=\"wp-block-paragraph\">O\u00a0<strong>GRANDE PR\u00caMIO<\/strong>\u00a0acompanha\u00a0<strong><a href=\"https:\/\/www.grandepremio.com\/br\/ao-vivo\/f1\">AO VIVO e EM\u00a0<\/a><a href=\"https:\/\/www.grandepremio.com\/br\/ao-vivo\/\" target=\"_blank\" rel=\"noreferrer noopener\">TEMPO REAL<\/a><\/strong>\u00a0todas as atividades do\u00a0<strong>GP da Holanda<\/strong>, em\u00a0<strong>Zandvoort<\/strong>, 13\u00aa etapa da temporada 2023. <\/p>\n\n\n\n<p class=\"wp-block-paragraph\">No s\u00e1bado e no domingo, classifica\u00e7\u00e3o e corrida tamb\u00e9m contam com\u00a0<a href=\"https:\/\/formula1aovivo.com\/\" target=\"_blank\" rel=\"noreferrer noopener\">transmiss\u00e3o<\/a>\u00a0em\u00a0<strong><a href=\"https:\/\/www.youtube.com\/@GrandePremio1\/streams\" class=\"ek-link\">SEGUNDA TELA, NA GPTV, EM PARCERIA COM A VOZ DO ESPO<\/a><\/strong><a href=\"https:\/\/www.youtube.com\/@GrandePremio1\/streams\"><strong>RTE<\/strong>.<\/a>\u00a0No domingo, a largada est\u00e1 marcada para as 10h (de Bras\u00edlia, GMT-3).<\/p>\n\n\n\n<figure class=\"wp-block-table\"><table><tbody><tr><td>\u00a0Pos<\/td><td>Piloto<\/td><td>Equipe<\/td><td>KM\/H<\/td><\/tr><tr><td>1<\/td><td>C LECLERC<\/td><td>Ferrari<\/td><td>328.6<\/td><\/tr><tr><td>2<\/td><td>M VERSTAPPEN<\/td><td>Red Bull RBPT<\/td><td>327<\/td><\/tr><tr><td>3<\/td><td>C SAINZ<\/td><td>Ferrari<\/td><td>326.7<\/td><\/tr><tr><td>4<\/td><td>S P\u00c9REZ<\/td><td>Red Bull RBPT<\/td><td>326.1<\/td><\/tr><tr><td>5<\/td><td>L SARGEANT<\/td><td>Williams Mercedes<\/td><td>322.3<\/td><\/tr><tr><td>6<\/td><td>F ALONSO<\/td><td>Aston Martin Mercedes<\/td><td>322.2<\/td><\/tr><tr><td>7<\/td><td>A ALBON<\/td><td>Williams Mercedes<\/td><td>321.7<\/td><\/tr><tr><td>8<\/td><td>O PIASTRI<\/td><td>McLaren Mercedes<\/td><td>320.6<\/td><\/tr><tr><td>9<\/td><td>L NORRIS<\/td><td>McLaren Mercedes<\/td><td>319.7<\/td><\/tr><tr><td>10<\/td><td>G RUSSELL<\/td><td>Mercedes<\/td><td>318.3<\/td><\/tr><tr><td>11<\/td><td>P GASLY<\/td><td>Alpine<\/td><td>299.4<\/td><\/tr><tr><td>12<\/td><td>L STROLL<\/td><td>Aston Martin Mercedes<\/td><td>298.4<\/td><\/tr><tr><td>13<\/td><td>Y TSUNODA<\/td><td>AlphaTauri RBPT<\/td><td>298.1<\/td><\/tr><tr><td>14<\/td><td>V BOTTAS<\/td><td>Alfa Romeo Ferrari<\/td><td>296<\/td><\/tr><tr><td>15<\/td><td>L HAMILTON<\/td><td>Mercedes<\/td><td>295.2<\/td><\/tr><tr><td>16<\/td><td>N H\u00dcLKENBERG<\/td><td>Haas Ferrari<\/td><td>292.5<\/td><\/tr><tr><td>17<\/td><td>K MAGNUSSEN<\/td><td>Haas Ferrari<\/td><td>291.1<\/td><\/tr><tr><td>18<\/td><td>E OCON<\/td><td>Alpine<\/td><td>286.9<\/td><\/tr><tr><td>19<\/td><td>L LAWSON<\/td><td>AlphaTauri RBPT<\/td><td>285.7<\/td><\/tr><tr><td>20<\/td><td>G ZHOU<\/td><td>Alfa Romeo Ferrari<\/td><td>282.5<\/td><\/tr><\/tbody><\/table><\/figure>\n","protected":false},"excerpt":{"rendered":"<p>Max Verstappen foi o mais r\u00e1pido da classifica\u00e7\u00e3o do GP da Holanda, mas quem atingiu a maior velocidade m\u00e1xima foi Charles Leclerc<\/p>\n","protected":false},"author":0,"featured_media":1000721686,"comment_status":"closed","ping_status":"closed","sticky":false,"template":"","format":"standard","meta":{"42wp_featured_image_caption":"","42wp_featured_image_credits":"","42wp_featured_video":"","42wp_featured_image_hidden":false,"42wp_authors_list":[],"footnotes":""},"categories":[2],"tags":[26271,5273,147,6533,180,30722,1388,1491,28285,901,36192,29129,30840,35129,1998,31447,1389,36193,32346],"42wp_author":[47128],"class_list":["post-99892","post","type-post","status-publish","format-standard","has-post-thumbnail","hentry","category-f1","tag-calendario-f1","tag-classificacao-f1","tag-f1","tag-f1-2023","tag-formula-1","tag-formula-1-2023","tag-gp-da-holanda","tag-grande-premio","tag-grandepremio","tag-holanda","tag-holanda-2023","tag-holanda-f1","tag-horarios-f1","tag-onde-assistir-f1","tag-speed-trap","tag-temporada-2023-f1","tag-zandvoort","tag-zandvoort-2023","tag-zandvoort-f1","42wp_author-guilherme-bloisi"],"_links":{"self":[{"href":"https:\/\/grandepremio.com\/br\/wp-json\/wp\/v2\/posts\/99892","targetHints":{"allow":["GET"]}}],"collection":[{"href":"https:\/\/grandepremio.com\/br\/wp-json\/wp\/v2\/posts"}],"about":[{"href":"https:\/\/grandepremio.com\/br\/wp-json\/wp\/v2\/types\/post"}],"replies":[{"embeddable":true,"href":"https:\/\/grandepremio.com\/br\/wp-json\/wp\/v2\/comments?post=99892"}],"version-history":[{"count":0,"href":"https:\/\/grandepremio.com\/br\/wp-json\/wp\/v2\/posts\/99892\/revisions"}],"wp:featuredmedia":[{"embeddable":true,"href":"https:\/\/grandepremio.com\/br\/wp-json\/wp\/v2\/media\/1000721686"}],"wp:attachment":[{"href":"https:\/\/grandepremio.com\/br\/wp-json\/wp\/v2\/media?parent=99892"}],"wp:term":[{"taxonomy":"category","embeddable":true,"href":"https:\/\/grandepremio.com\/br\/wp-json\/wp\/v2\/categories?post=99892"},{"taxonomy":"post_tag","embeddable":true,"href":"https:\/\/grandepremio.com\/br\/wp-json\/wp\/v2\/tags?post=99892"},{"taxonomy":"42wp_author","embeddable":true,"href":"https:\/\/grandepremio.com\/br\/wp-json\/wp\/v2\/42wp_author?post=99892"}],"curies":[{"name":"wp","href":"https:\/\/api.w.org\/{rel}","templated":true}]}}