{"id":99896,"date":"2023-08-26T15:27:50","date_gmt":"2023-08-26T18:27:50","guid":{"rendered":"https:\/\/grandepremio.com\/br\/noticias\/oscar-piastri-lamenta-8o-classificacao-confia-carro-rapido-gp-holanda\/"},"modified":"2023-08-26T15:41:58","modified_gmt":"2023-08-26T18:41:58","slug":"oscar-piastri-lamenta-8o-classificacao-confia-carro-rapido-gp-holanda","status":"publish","type":"post","link":"https:\/\/grandepremio.com\/br\/f1\/oscar-piastri-lamenta-8o-classificacao-confia-carro-rapido-gp-holanda\/","title":{"rendered":"Piastri lamenta 8\u00ba na classifica\u00e7\u00e3o, mas confia em &#8220;carro r\u00e1pido&#8221; no GP da Holanda"},"content":{"rendered":"\n<p class=\"wp-block-paragraph\">Com <strong>Lando Norris<\/strong> dividindo a primeira fila com o pole-position <strong>Max Verstappen<\/strong>, <strong>Oscar Piastri <\/strong>lamentou o <strong><a href=\"https:\/\/www.grandepremio.com\/br\/f1\/noticias\/max-verstappen-faz-mar-laranja-vibrar-conquista-pole-position-gp-da-holanda-formula-1\/\" class=\"ek-link\">oitavo lugar ap\u00f3s a classifica\u00e7\u00e3o do GP da Holanda<\/a><\/strong>. Em entrevista neste s\u00e1bado (26), o australiano da <strong>McLaren<\/strong> avaliou que n\u00e3o fez uma boa volta no Q3, mas mostrou confian\u00e7a na competitividade do MCL60 para a volta por cima na corrida deste domingo, em Zandvoort.<\/p>\n\n\n\n<p class=\"wp-block-paragraph\">&#8220;N\u00e3o fiz uma boa volta&#8221;, iniciou Piastri. &#8220;Est\u00e1vamos bem at\u00e9 ent\u00e3o, mas simplesmente n\u00e3o fizemos uma boa volta quando importava. \u00c9 uma pena estar um pouco mais atr\u00e1s do que o esperado&#8221;, prosseguiu o dono do carro #81, que avan\u00e7ou pela quarta vez consecutiva ao Q3 &#8211; a s\u00e9tima, ao todo &#8211; na temporada 2023 da F\u00f3rmula 1.<\/p>\n\n\n\n<p class=\"wp-block-paragraph\"><strong>\u25b6\ufe0f&nbsp;Inscreva-se nos dois canais do GRANDE PR\u00caMIO no YouTube:&nbsp;<\/strong><a href=\"https:\/\/www.youtube.com\/channel\/UC9OlHEgxoaY6QY6nWPoiqQg?sub_confirmation=1\" target=\"_blank\" rel=\"noreferrer noopener\"><strong>GP&nbsp;|&nbsp;GP2<\/strong><br><strong>\u25b6\ufe0f&nbsp;Conhe\u00e7a o canal do GRANDE PR\u00caMIO na Twitch clicando a<\/strong><\/a><strong><a href=\"https:\/\/www.youtube.com\/channel\/UC9OlHEgxoaY6QY6nWPoiqQg?sub_confirmation=1\" target=\"_blank\" rel=\"noreferrer noopener\">qui!<\/a><\/strong><\/p>\n\n\n\n<figure class=\"wp-block-image size-large\"><img decoding=\"async\" src=\"https:\/\/www.grandepremio.com\/br\/wp-content\/uploads\/2023\/08\/holanda-2023-f1-classificacao-mclaren-oscar-piastri-afp-01-1024x683.jpg\" alt=\"\" class=\"wp-image-721741\"\/><figcaption class=\"wp-element-caption\">Oscar Piastri (Foto: AFP) <\/figcaption><\/figure>\n\n\n\n<p class=\"wp-block-paragraph\">Com o Q3 sendo realizado em pista mais seca em compara\u00e7\u00e3o com as duas fases anteriores, Piastri justificou a falta de performance no momento decisivo devido ao <strong><a href=\"https:\/\/www.grandepremio.com\/br\/f1\/noticias\/oscar-piastri-escorrega-espanca-muro-tl2-do-gp-holanda-daniel-ricciardo-bate-junto\/\" class=\"ek-link\">acidente que protagonizou no in\u00edcio do TL2 <\/a><\/strong>de sexta-feira. O incidente impediu o australiano de acumular voltas e obter uma refer\u00eancia de tra\u00e7ado seco na classifica\u00e7\u00e3o. <\/p>\n\n\n\n<p class=\"wp-block-paragraph\">&#8220;Acho que paguei o pre\u00e7o por n\u00e3o ter feito voltas suficientes em pista seca ontem. Est\u00e1vamos r\u00e1pidos comigo e com o Lando. Estava me sentindo bem at\u00e9 bater. [A classifica\u00e7\u00e3o] foi apertada com Mercedes, Ferrari e Aston Martin, j\u00e1 Max est\u00e1 muito \u00e0 frente de todos&#8221;, afirmou.<\/p>\n\n\n\n<p class=\"wp-block-paragraph\">Mesmo largando em oitavo lugar neste domingo, o austrialino mostrou confian\u00e7a na competitividade do MCL60 em Zandvoort. &#8220;O carro \u00e9 bastante r\u00e1pido e veremos o que podemos fazer na corrida&#8221;, concluiu.<\/p>\n\n\n\n<p class=\"wp-block-paragraph\">O&nbsp;<strong>GRANDE PR\u00caMIO<\/strong>&nbsp;acompanha&nbsp;<strong><a href=\"https:\/\/www.grandepremio.com\/br\/ao-vivo\/f1\" class=\"ek-link\">AO VIVO e EM&nbsp;<\/a><a href=\"https:\/\/www.grandepremio.com\/br\/ao-vivo\/\" target=\"_blank\" rel=\"noreferrer noopener\">TEMPO REAL<\/a><\/strong>&nbsp;todas as atividades do&nbsp;<strong>GP da Holanda<\/strong>, em&nbsp;<strong>Zandvoort<\/strong>, 13\u00aa etapa da temporada 2023. No s\u00e1bado e no domingo, classifica\u00e7\u00e3o e corrida tamb\u00e9m contam com&nbsp;<a href=\"https:\/\/formula1aovivo.com\/\" target=\"_blank\" rel=\"noreferrer noopener\">transmiss\u00e3o<\/a>&nbsp;em&nbsp;<strong><a href=\"https:\/\/www.youtube.com\/@GrandePremio1\/streams\">SEGUNDA TELA, NA GPTV, EM PARCERIA COM A VOZ DO ESPO<\/a><\/strong><a href=\"https:\/\/www.youtube.com\/@GrandePremio1\/streams\"><strong>RTE<\/strong>.<\/a>&nbsp;No domingo, a largada est\u00e1 marcada para as 10h (de Bras\u00edlia, GMT-3).<\/p>\n\n\n\n<figure class=\"wp-block-embed is-type-video is-provider-youtube wp-block-embed-youtube wp-embed-aspect-16-9 wp-has-aspect-ratio\"><div class=\"wp-block-embed__wrapper\">\n<iframe loading=\"lazy\" title=\"APOSTA certa: Por que HAAS manteve H\u00dcLKENBERG e MAGNUSSEN para futuro na F1? | GP \u00e0s 10\" width=\"500\" height=\"281\" src=\"https:\/\/www.youtube.com\/embed\/2TPTVMM3Y90?feature=oembed\" frameborder=\"0\" allow=\"accelerometer; autoplay; clipboard-write; encrypted-media; gyroscope; picture-in-picture; web-share\" referrerpolicy=\"strict-origin-when-cross-origin\" allowfullscreen><\/iframe>\n<\/div><\/figure>\n","protected":false},"excerpt":{"rendered":"<p>Oscar Piastri afirmou que falta de refer\u00eancia em pista seca ap\u00f3s acidente no TL2 culminou com resultado longe do esperado na sess\u00e3o deste s\u00e1bado em Zandvoort<\/p>\n","protected":false},"author":0,"featured_media":1000721737,"comment_status":"closed","ping_status":"closed","sticky":false,"template":"","format":"standard","meta":{"42wp_featured_image_caption":"","42wp_featured_image_credits":"","42wp_featured_video":"","42wp_featured_image_hidden":false,"42wp_authors_list":[],"footnotes":""},"categories":[2],"tags":[6533,642,29116,1387,36204,30722,1388,36203,1491,26123,30103,28285,547,90,6285,35129,36205,2916,30336],"42wp_author":[47145],"class_list":["post-99896","post","type-post","status-publish","format-standard","has-post-thumbnail","hentry","category-f1","tag-f1-2023","tag-f1-ao-vivo","tag-f1-grande-premio","tag-f1-holanda","tag-f1-zandvoort","tag-formula-1-2023","tag-gp-da-holanda","tag-gp-em-zandvoort","tag-grande-premio","tag-grande-premio-ao-vivo","tag-grande-premio-f1","tag-grandepremio","tag-lando-norris","tag-mclaren","tag-norris","tag-onde-assistir-f1","tag-onde-assistir-gp-da-holanda","tag-oscar-piastri","tag-piastri","42wp_author-alessandro-pinheiro"],"_links":{"self":[{"href":"https:\/\/grandepremio.com\/br\/wp-json\/wp\/v2\/posts\/99896","targetHints":{"allow":["GET"]}}],"collection":[{"href":"https:\/\/grandepremio.com\/br\/wp-json\/wp\/v2\/posts"}],"about":[{"href":"https:\/\/grandepremio.com\/br\/wp-json\/wp\/v2\/types\/post"}],"replies":[{"embeddable":true,"href":"https:\/\/grandepremio.com\/br\/wp-json\/wp\/v2\/comments?post=99896"}],"version-history":[{"count":0,"href":"https:\/\/grandepremio.com\/br\/wp-json\/wp\/v2\/posts\/99896\/revisions"}],"wp:featuredmedia":[{"embeddable":true,"href":"https:\/\/grandepremio.com\/br\/wp-json\/wp\/v2\/media\/1000721737"}],"wp:attachment":[{"href":"https:\/\/grandepremio.com\/br\/wp-json\/wp\/v2\/media?parent=99896"}],"wp:term":[{"taxonomy":"category","embeddable":true,"href":"https:\/\/grandepremio.com\/br\/wp-json\/wp\/v2\/categories?post=99896"},{"taxonomy":"post_tag","embeddable":true,"href":"https:\/\/grandepremio.com\/br\/wp-json\/wp\/v2\/tags?post=99896"},{"taxonomy":"42wp_author","embeddable":true,"href":"https:\/\/grandepremio.com\/br\/wp-json\/wp\/v2\/42wp_author?post=99896"}],"curies":[{"name":"wp","href":"https:\/\/api.w.org\/{rel}","templated":true}]}}