{"id":99900,"date":"2023-08-26T14:42:08","date_gmt":"2023-08-26T17:42:08","guid":{"rendered":"https:\/\/grandepremio.com\/br\/noticias\/red-bull-elogia-mclaren-holanda-ninguem-tem-confianca-max-verstappen\/"},"modified":"2023-08-26T14:47:08","modified_gmt":"2023-08-26T17:47:08","slug":"red-bull-elogia-mclaren-holanda-ninguem-tem-confianca-max-verstappen","status":"publish","type":"post","link":"https:\/\/grandepremio.com\/br\/f1\/red-bull-elogia-mclaren-holanda-ninguem-tem-confianca-max-verstappen\/","title":{"rendered":"Red Bull at\u00e9 elogia McLaren na Holanda, mas &#8220;ningu\u00e9m tem confian\u00e7a de Verstappen&#8221;"},"content":{"rendered":"\n<p class=\"wp-block-paragraph\">Mais uma classifica\u00e7\u00e3o em 2023, mais uma vez a <strong>Red Bull<\/strong> em primeiro. A equipe austr\u00edaca conquistou, neste s\u00e1bado (26), a d\u00e9cima pole-position da temporada, a oitava de <strong>Max Verstappen<\/strong>. Mas a <a href=\"https:\/\/www.grandepremio.com\/br\/f1\/noticias\/max-verstappen-faz-mar-laranja-vibrar-conquista-pole-position-gp-da-holanda-formula-1\/\" class=\"ek-link\">forma\u00e7\u00e3o do grid de largada do <strong>GP da Holanda<\/strong><\/a> n\u00e3o deixou de ter suas dificuldades devido ao tempo inst\u00e1vel, e <strong>Christian Horner<\/strong>, chefe da equipe de <strong>Milton Keynes<\/strong>, chegou a elogiar o trabalho da <strong>McLaren<\/strong>, que est\u00e1 bem r\u00e1pida em <strong>Zandvoort<\/strong>. Mas tamb\u00e9m afirmou que esperava mais da equipe inglesa.<\/p>\n\n\n\n<p class=\"wp-block-paragraph\">Enquanto <a href=\"https:\/\/www.grandepremio.com\/br\/f1\/noticias\/max-verstappen-admite-classificacao-complicada-holanda-preciso-correr-alguns-riscos\/\" class=\"ek-link\">Verstappen conseguia uma volta impec\u00e1vel<\/a>, ficando mais de 0s5 \u00e0 frente de <strong>Lando Norris<\/strong>, segundo colocado, <strong>Sergio P\u00e9rez<\/strong> sofria e pegou somente a s\u00e9tima posi\u00e7\u00e3o na pista neerlandesa, algo que Horner n\u00e3o se furtou em criticar, mais uma vez.<\/p>\n\n\n\n<p class=\"wp-block-paragraph\">&#8220;Em condi\u00e7\u00f5es como essa, a McLaren parece aquecer seus pneus muito rapidamente, pensei que eles estariam muito mais perto do que realmente estavam,&#8221; observou Horner. \u201cPensei que Lando ou <strong>Oscar [Piastri]<\/strong> poderiam ter roubado a pole-position. E a\u00ed um monte de outros pilotos apareceram bem tamb\u00e9m, foi uma mistura interessante&#8221;, completou o ingl\u00eas.<\/p>\n\n\n\n<p class=\"wp-block-paragraph\"><strong><strong>\u25b6\ufe0f&nbsp;Inscreva-se nos dois canais do GRANDE PR\u00caMIO no YouTube:&nbsp;<a href=\"https:\/\/www.youtube.com\/channel\/UC9OlHEgxoaY6QY6nWPoiqQg?sub_confirmation=1\" target=\"_blank\" rel=\"noreferrer noopener\">GP<\/a>&nbsp;|&nbsp;<a href=\"https:\/\/www.youtube.com\/channel\/UC9csiS6q_C3C0FYhyr1rnFA?sub_confirmation=1\" target=\"_blank\" rel=\"noreferrer noopener\">GP2<\/a><\/strong><br><strong>\u25b6\ufe0f&nbsp;<a href=\"https:\/\/www.twitch.tv\/grandepremio\" target=\"_blank\" rel=\"noreferrer noopener\">Conhe\u00e7a o canal do GRANDE PR\u00caMIO na Twitch clicando aqui!<\/a><\/strong><\/strong><\/p>\n\n\n\n<figure class=\"wp-block-image size-large\"><img decoding=\"async\" src=\"https:\/\/www.grandepremio.com\/br\/wp-content\/uploads\/2023\/08\/holanda-2023-f1-classificacao-red-bull-sergio-perez-05-1024x683.jpg\" alt=\"\" class=\"wp-image-721708\"\/><figcaption class=\"wp-element-caption\">J\u00e1 Sergio P\u00e9rez ter\u00e1 de se contentar com somente a s\u00e9tima posi\u00e7\u00e3o (Foto: Red Bull Content Pool)<\/figcaption><\/figure>\n\n\n\n<p class=\"wp-block-paragraph\">J\u00e1 falando sobre P\u00e9rez, Horner n\u00e3o deixou de comentar a diferen\u00e7a de confian\u00e7a entre o piloto mexicano e Verstappen. &#8220;Por qualquer motivo, Checo [P\u00e9rez] n\u00e3o tem a confian\u00e7a que certamente Max tem \u2013 acho que ningu\u00e9m tem a confian\u00e7a de Max \u2013 ent\u00e3o foi uma classifica\u00e7\u00e3o dif\u00edcil para ele, mas h\u00e1 outros pilotos que tamb\u00e9m tiveram problemas&#8221;, explicou.<\/p>\n\n\n\n<p class=\"wp-block-paragraph\">Ainda assim, o dirigente n\u00e3o deixou de criticar seu piloto, abordando como as condi\u00e7\u00f5es imprevis\u00edveis de pista devido a chuva que caiu durante a manh\u00e3 em Zandvoort fazem com que as dificuldades sejam as mesmas para todos.<\/p>\n\n\n\n<p class=\"wp-block-paragraph\">&#8220;O que voc\u00ea pode dizer em condi\u00e7\u00f5es como essa? \u00c9 o mesmo para todo mundo, voc\u00ea s\u00f3 tem que ir l\u00e1, sentir a ader\u00eancia e fazer uma volta&#8221;, concluiu Horner.<\/p>\n\n\n\n<p class=\"wp-block-paragraph\">O&nbsp;<strong>GRANDE PR\u00caMIO<\/strong>&nbsp;acompanha&nbsp;<strong><a href=\"https:\/\/www.grandepremio.com\/br\/ao-vivo\/f1\">AO VIVO e EM&nbsp;<\/a><a href=\"https:\/\/www.grandepremio.com\/br\/ao-vivo\/\" target=\"_blank\" rel=\"noreferrer noopener\">TEMPO REAL<\/a><\/strong>&nbsp;todas as atividades do&nbsp;<strong>GP da Holanda<\/strong>, em&nbsp;<strong>Zandvoort<\/strong>, 13\u00aa etapa da temporada 2023. No s\u00e1bado e no domingo, classifica\u00e7\u00e3o e corrida tamb\u00e9m contam com&nbsp;<a href=\"https:\/\/formula1aovivo.com\/\" target=\"_blank\" rel=\"noreferrer noopener\">transmiss\u00e3o<\/a>&nbsp;em&nbsp;<strong><a href=\"https:\/\/www.youtube.com\/@GrandePremio1\/streams\">SEGUNDA TELA, NA GPTV, EM PARCERIA COM A VOZ DO ESPO<\/a><\/strong><a href=\"https:\/\/www.youtube.com\/@GrandePremio1\/streams\"><strong>RTE<\/strong>.<\/a>&nbsp;No domingo, a largada est\u00e1 marcada para as 10h (de Bras\u00edlia, GMT-3).<\/p>\n\n\n\n<figure class=\"wp-block-embed is-type-video is-provider-youtube wp-block-embed-youtube wp-embed-aspect-16-9 wp-has-aspect-ratio\"><div class=\"wp-block-embed__wrapper\">\n<iframe loading=\"lazy\" title=\"F1 2023 na HOLANDA: VERSTAPPEN pole, NORRIS 2\u00ba. LECLERC bate | Briefing\" width=\"500\" height=\"281\" src=\"https:\/\/www.youtube.com\/embed\/7AiwyhURs_8?feature=oembed\" frameborder=\"0\" allow=\"accelerometer; autoplay; clipboard-write; encrypted-media; gyroscope; picture-in-picture; web-share\" referrerpolicy=\"strict-origin-when-cross-origin\" allowfullscreen><\/iframe>\n<\/div><\/figure>\n","protected":false},"excerpt":{"rendered":"<p>Christian Horner, chefe da Red Bull, ao mesmo tempo que fez um morde e assopra com a McLaren, ainda teceu leves cr\u00edticas a Sergio P\u00e9rez, que largar\u00e1 somente em s\u00e9timo neste domingo na Holanda<\/p>\n","protected":false},"author":0,"featured_media":1000721702,"comment_status":"closed","ping_status":"closed","sticky":false,"template":"","format":"standard","meta":{"42wp_featured_image_caption":"","42wp_featured_image_credits":"","42wp_featured_video":"","42wp_featured_image_hidden":false,"42wp_authors_list":[],"footnotes":""},"categories":[2],"tags":[655,147,180,1388,29115,29117,29083,29126,36222,1491,28285,203,204,27332,2639,3132],"42wp_author":[47157],"class_list":["post-99900","post","type-post","status-publish","format-standard","has-post-thumbnail","hentry","category-f1","tag-christian-horner","tag-f1","tag-formula-1","tag-gp-da-holanda","tag-gp-da-holanda-de-f1","tag-gp-da-holanda-de-formula-1","tag-gp-da-holanda-zandvoort","tag-gp-dos-paises-baixos","tag-gp-dos-paises-baixos-2023","tag-grande-premio","tag-grandepremio","tag-max-verstappen","tag-red-bull","tag-red-bull-f1","tag-red-bull-racing","tag-sergio-perez","42wp_author-jonas-souza"],"_links":{"self":[{"href":"https:\/\/grandepremio.com\/br\/wp-json\/wp\/v2\/posts\/99900","targetHints":{"allow":["GET"]}}],"collection":[{"href":"https:\/\/grandepremio.com\/br\/wp-json\/wp\/v2\/posts"}],"about":[{"href":"https:\/\/grandepremio.com\/br\/wp-json\/wp\/v2\/types\/post"}],"replies":[{"embeddable":true,"href":"https:\/\/grandepremio.com\/br\/wp-json\/wp\/v2\/comments?post=99900"}],"version-history":[{"count":0,"href":"https:\/\/grandepremio.com\/br\/wp-json\/wp\/v2\/posts\/99900\/revisions"}],"wp:featuredmedia":[{"embeddable":true,"href":"https:\/\/grandepremio.com\/br\/wp-json\/wp\/v2\/media\/1000721702"}],"wp:attachment":[{"href":"https:\/\/grandepremio.com\/br\/wp-json\/wp\/v2\/media?parent=99900"}],"wp:term":[{"taxonomy":"category","embeddable":true,"href":"https:\/\/grandepremio.com\/br\/wp-json\/wp\/v2\/categories?post=99900"},{"taxonomy":"post_tag","embeddable":true,"href":"https:\/\/grandepremio.com\/br\/wp-json\/wp\/v2\/tags?post=99900"},{"taxonomy":"42wp_author","embeddable":true,"href":"https:\/\/grandepremio.com\/br\/wp-json\/wp\/v2\/42wp_author?post=99900"}],"curies":[{"name":"wp","href":"https:\/\/api.w.org\/{rel}","templated":true}]}}