{"id":99901,"date":"2023-08-26T14:19:26","date_gmt":"2023-08-26T17:19:26","guid":{"rendered":"https:\/\/grandepremio.com\/br\/noticias\/yuki-tsunoda-punido-perde-3-posicoes-grid-gp-da-holanda-bloquear-lewis-hamilton\/"},"modified":"2023-08-26T15:24:25","modified_gmt":"2023-08-26T18:24:25","slug":"yuki-tsunoda-punido-perde-3-posicoes-grid-gp-da-holanda-bloquear-lewis-hamilton","status":"publish","type":"post","link":"https:\/\/grandepremio.com\/br\/f1\/yuki-tsunoda-punido-perde-3-posicoes-grid-gp-da-holanda-bloquear-lewis-hamilton\/","title":{"rendered":"Tsunoda \u00e9 punido e perde 3 posi\u00e7\u00f5es no grid do GP da Holanda por bloquear Hamilton"},"content":{"rendered":"\n<p class=\"wp-block-paragraph\">O dia de <strong>Yuki Tsunoda<\/strong> j\u00e1 n\u00e3o estava t\u00e3o bom, com um resultado abaixo do que se imaginava para a <strong>AlphaTauri<\/strong>, mas piorou. Os comiss\u00e1rios aproveitaram as horas subsequentes \u00e0 <strong><a href=\"https:\/\/www.grandepremio.com\/br\/f1\/noticias\/max-verstappen-faz-mar-laranja-vibrar-conquista-pole-position-gp-da-holanda-formula-1\/\" class=\"ek-link\">tomada de tempos para o GP da Holanda<\/a><\/strong> de <strong>F\u00f3rmula 1<\/strong>, neste s\u00e1bado (26), e ainda puniram Tsunoda com tr\u00eas posi\u00e7\u00f5es no grid. O 14\u00ba lugar virou 17\u00ba.<\/p>\n\n\n\n<p class=\"wp-block-paragraph\">O motivo da puni\u00e7\u00e3o foi um bloqueio a <strong>Lewis Hamilton<\/strong> que passou quase que desapercebido em meio ao fim do Q2, quando ambos lutavam para tentar avan\u00e7ar ao Q3. Nenhum dos dois conseguiu, Hamilton sai em 13\u00ba.<\/p>\n\n\n\n<p class=\"wp-block-paragraph\"><strong>\u25b6\ufe0f\u00a0Inscreva-se nos dois canais do GRANDE PR\u00caMIO no YouTube:\u00a0<a href=\"https:\/\/www.youtube.com\/channel\/UC9OlHEgxoaY6QY6nWPoiqQg?sub_confirmation=1\" target=\"_blank\" rel=\"noreferrer noopener\">GP<\/a>\u00a0|\u00a0<a href=\"https:\/\/www.youtube.com\/channel\/UC9csiS6q_C3C0FYhyr1rnFA?sub_confirmation=1\" target=\"_blank\" rel=\"noreferrer noopener\">GP2<\/a><\/strong><br><strong>\u25b6\ufe0f\u00a0<a href=\"https:\/\/www.twitch.tv\/grandepremio\" target=\"_blank\" rel=\"noreferrer noopener\">Conhe\u00e7a o canal do GRANDE PR\u00caMIO na Twitch clicando aqui!<\/a><\/strong><\/p>\n\n\n\n<figure class=\"wp-block-image size-large\"><img decoding=\"async\" src=\"https:\/\/www.grandepremio.com\/br\/wp-content\/uploads\/2023\/08\/holanda-2023-f1-classificacao-mercedes-lewis-hamilton-05-1024x683.jpg\" alt=\"\" class=\"wp-image-721724\"\/><figcaption class=\"wp-element-caption\">Lewis Hamilton foi o piloto bloqueado por Yuki Tsunoda (Foto: Mercedes)<\/figcaption><\/figure>\n\n\n\n<p class=\"wp-block-paragraph\">Com a puni\u00e7\u00e3o, <strong>Nico H\u00fclkenberg, Guanyu Zhou e Esteban Ocon<\/strong>, nessa exata ordem, ganham uma posi\u00e7\u00e3o e saem entre 14\u00ba e 16\u00ba Tsunoda sai em 17\u00ba.<\/p>\n\n\n\n<p class=\"wp-block-paragraph\">Como o companheiro dele \u00e9 o novato <strong>Liam Lawson<\/strong>, <strong><a href=\"https:\/\/www.grandepremio.com\/br\/f1\/noticias\/daniel-ricciardo-quebra-punho-perde-gp-holanda-liam-lawson-estreia-alphatauri\/\" class=\"ek-link\">que assumiu \u00e0s pressas por conta da fratura<\/a><\/strong> de <strong>Daniel Ricciardo<\/strong> na m\u00e3o esquerda, a equipe italiana vai largar com um piloto em 17\u00ba e outro na 20\u00aa e \u00faltima posi\u00e7\u00e3o.<\/p>\n\n\n\n<p class=\"wp-block-paragraph\">O\u00a0<strong>GRANDE PR\u00caMIO<\/strong>\u00a0acompanha\u00a0<strong><a href=\"https:\/\/www.grandepremio.com\/br\/ao-vivo\/f1\">AO VIVO e EM\u00a0<\/a><a href=\"https:\/\/www.grandepremio.com\/br\/ao-vivo\/\" target=\"_blank\" rel=\"noreferrer noopener\">TEMPO REAL<\/a><\/strong>\u00a0todas as atividades do\u00a0<strong>GP da Holanda<\/strong>, em\u00a0<strong>Zandvoort<\/strong>, 13\u00aa etapa da temporada 2023. No s\u00e1bado e no domingo, classifica\u00e7\u00e3o e corrida tamb\u00e9m contam com\u00a0<a href=\"https:\/\/formula1aovivo.com\/\" target=\"_blank\" rel=\"noreferrer noopener\">transmiss\u00e3o<\/a>\u00a0em\u00a0<strong><a href=\"https:\/\/www.youtube.com\/@GrandePremio1\/streams\">SEGUNDA TELA, NA GPTV, EM PARCERIA COM A VOZ DO ESPO<\/a><\/strong><a href=\"https:\/\/www.youtube.com\/@GrandePremio1\/streams\"><strong>RTE<\/strong>.<\/a>\u00a0No domingo, a largada est\u00e1 marcada para as 10h (de Bras\u00edlia, GMT-3).<\/p>\n\n\n\n<figure class=\"wp-block-embed is-type-video is-provider-youtube wp-block-embed-youtube wp-embed-aspect-16-9 wp-has-aspect-ratio\"><div class=\"wp-block-embed__wrapper\">\n<iframe loading=\"lazy\" title=\"F1 2023 na HOLANDA: esquenta e pr\u00e9-corrida | Briefing\" width=\"500\" height=\"281\" src=\"https:\/\/www.youtube.com\/embed\/IBPlwGlu5zc?feature=oembed\" frameborder=\"0\" allow=\"accelerometer; autoplay; clipboard-write; encrypted-media; gyroscope; picture-in-picture; web-share\" referrerpolicy=\"strict-origin-when-cross-origin\" allowfullscreen><\/iframe>\n<\/div><figcaption class=\"wp-element-caption\">\ud83d\udd34AO VIVO! F1 2023 na HOLANDA: esquenta e pr\u00e9-corrida | Briefing<\/figcaption><\/figure>\n","protected":false},"excerpt":{"rendered":"<p>Os comiss\u00e1rios da FIA entenderam que Yuki Tsunoda atrapalhou a volta r\u00e1pida de Lewis Hamilton na classifica\u00e7\u00e3o do GP da Holanda e, assim, deram tr\u00eas posi\u00e7\u00f5es de puni\u00e7\u00e3o ao japon\u00eas da AlphaTauri, que agora larga de 17\u00ba<\/p>\n","protected":false},"author":0,"featured_media":1000721845,"comment_status":"closed","ping_status":"closed","sticky":false,"template":"","format":"standard","meta":{"42wp_featured_image_caption":"","42wp_featured_image_credits":"","42wp_featured_video":"","42wp_featured_image_hidden":false,"42wp_authors_list":[],"footnotes":""},"categories":[2],"tags":[524,6533,642,103,30722,1388,36203,1491,26123,30103,28285,87,35129,36205,2477,597],"42wp_author":[47120],"class_list":["post-99901","post","type-post","status-publish","format-standard","has-post-thumbnail","hentry","category-f1","tag-alphatauri","tag-f1-2023","tag-f1-ao-vivo","tag-fia","tag-formula-1-2023","tag-gp-da-holanda","tag-gp-em-zandvoort","tag-grande-premio","tag-grande-premio-ao-vivo","tag-grande-premio-f1","tag-grandepremio","tag-lewis-hamilton","tag-onde-assistir-f1","tag-onde-assistir-gp-da-holanda","tag-punicao","tag-yuki-tsunoda","42wp_author-pedro-henrique-marum"],"_links":{"self":[{"href":"https:\/\/grandepremio.com\/br\/wp-json\/wp\/v2\/posts\/99901","targetHints":{"allow":["GET"]}}],"collection":[{"href":"https:\/\/grandepremio.com\/br\/wp-json\/wp\/v2\/posts"}],"about":[{"href":"https:\/\/grandepremio.com\/br\/wp-json\/wp\/v2\/types\/post"}],"replies":[{"embeddable":true,"href":"https:\/\/grandepremio.com\/br\/wp-json\/wp\/v2\/comments?post=99901"}],"version-history":[{"count":0,"href":"https:\/\/grandepremio.com\/br\/wp-json\/wp\/v2\/posts\/99901\/revisions"}],"wp:featuredmedia":[{"embeddable":true,"href":"https:\/\/grandepremio.com\/br\/wp-json\/wp\/v2\/media\/1000721845"}],"wp:attachment":[{"href":"https:\/\/grandepremio.com\/br\/wp-json\/wp\/v2\/media?parent=99901"}],"wp:term":[{"taxonomy":"category","embeddable":true,"href":"https:\/\/grandepremio.com\/br\/wp-json\/wp\/v2\/categories?post=99901"},{"taxonomy":"post_tag","embeddable":true,"href":"https:\/\/grandepremio.com\/br\/wp-json\/wp\/v2\/tags?post=99901"},{"taxonomy":"42wp_author","embeddable":true,"href":"https:\/\/grandepremio.com\/br\/wp-json\/wp\/v2\/42wp_author?post=99901"}],"curies":[{"name":"wp","href":"https:\/\/api.w.org\/{rel}","templated":true}]}}