{"id":99906,"date":"2023-08-26T13:36:49","date_gmt":"2023-08-26T16:36:49","guid":{"rendered":"https:\/\/grandepremio.com\/br\/noticias\/fernando-alonso-esgotado-classificacao-muito-estressante-gp-da-holanda\/"},"modified":"2023-08-26T13:38:40","modified_gmt":"2023-08-26T16:38:40","slug":"fernando-alonso-esgotado-classificacao-muito-estressante-gp-da-holanda","status":"publish","type":"post","link":"https:\/\/grandepremio.com\/br\/f1\/fernando-alonso-esgotado-classificacao-muito-estressante-gp-da-holanda\/","title":{"rendered":"Alonso se diz &#8220;esgotado&#8221; ap\u00f3s classifica\u00e7\u00e3o &#8220;muito estressante&#8221; do GP da Holanda"},"content":{"rendered":"\n<p class=\"wp-block-paragraph\"><strong>Fernando Alonso<\/strong> garantiu uma <a href=\"https:\/\/www.grandepremio.com\/br\/f1\/noticias\/max-verstappen-faz-mar-laranja-vibrar-conquista-pole-position-gp-da-holanda-formula-1\/\" class=\"ek-link\">competitiva quinta coloca\u00e7\u00e3o<\/a> no grid do<strong> GP da Holanda.<\/strong> Neste s\u00e1bado (26), o bicampe\u00e3o do mundo precisou superar o azar de ter duas voltas interrompidas por bandeiras vermelhas e, mesmo assim, ainda pegou uma terceira fila. E j\u00e1 foca em tentar voltar ao p\u00f3dio neste domingo.<\/p>\n\n\n\n<p class=\"wp-block-paragraph\">Alonso falou no estresse que sentiu dentro do carro por ter de escolher os pneus certos, depois por n\u00e3o conseguir encaixar uma volta r\u00e1pida. O resultado final, por\u00e9m, agradou.<\/p>\n\n\n\n<p class=\"wp-block-paragraph\">&#8220;Contente pelo resultado, mas a chuva foi meio que um pesadelo ali, n\u00e3o sabia qual pneu usar, aquele seca e depois molha, foi dif\u00edcil saber o momento de encaixar a volta e precisando acertar ela de cara, sem margem para erro. Mas vamos sair perto do p\u00f3dio, \u00e9 a melhor not\u00edcia&#8221;, disse ao jornal espanhol Marca.<\/p>\n\n\n\n<figure class=\"wp-block-image size-large\"><img decoding=\"async\" src=\"https:\/\/www.grandepremio.com\/br\/wp-content\/uploads\/2023\/08\/holanda-2023-f1-treinos-livres-astonmartin-fernando-alonso-afp-07-1024x683.jpg\" alt=\"\" class=\"wp-image-721205\"\/><figcaption class=\"wp-element-caption\">Fernando Alonso ficou satisfeito com atualiza\u00e7\u00f5es da Aston Martin (Foto: AFP)<\/figcaption><\/figure>\n\n\n\n<p class=\"wp-block-paragraph\">&#8220;A adrenalina me deixou esgotado, ali na pista \u00e9 outra coisa. Arriscamos no Q3 com os pneus secos, mas as bandeiras vermelhas me atrapalharam, s\u00f3 fui conseguir encaixar volta faltando 30s, muito estressante&#8221;, seguiu.<\/p>\n\n\n\n<p class=\"wp-block-paragraph\">Mais uma vez, o veterano fez quest\u00e3o de exaltar o trabalho da<strong> Aston Martin<\/strong>. Fernando entende que o time voltou aos eixos depois de desfazer as atualiza\u00e7\u00f5es que n\u00e3o funcionaram no fim da primeira metade do ano.<\/p>\n\n\n\n<p class=\"wp-block-paragraph\">&#8220;Estou feliz com as atualiza\u00e7\u00f5es, os resultados est\u00e3o a\u00ed, o carro melhorou. O pessoal fez um grande trabalho na f\u00e1brica, correram na maratona de corridas, porque a f\u00e1brica fecha nas f\u00e9rias&#8221;, completou.<\/p>\n\n\n\n<p class=\"wp-block-paragraph\">Alonso <a href=\"https:\/\/www.grandepremio.com\/br\/f1\/classificacao\/\" class=\"ek-link\">ocupa a terceira posi\u00e7\u00e3o<\/a> do <strong>Mundial de Pilotos<\/strong> com 149 pontos e ganhou um respiro para o fim de semana, j\u00e1 que <strong>Lewis Hamilton<\/strong>, que vem 1 pontinho atr\u00e1s, sai apenas em 13\u00ba no grid dos <strong>Pa\u00edses Baixos.<\/strong><\/p>\n\n\n\n<p class=\"wp-block-paragraph\">O&nbsp;<strong>GRANDE PR\u00caMIO<\/strong>&nbsp;acompanha&nbsp;<strong><a href=\"https:\/\/www.grandepremio.com\/br\/ao-vivo\/f1\">AO VIVO e EM&nbsp;<\/a><a href=\"https:\/\/www.grandepremio.com\/br\/ao-vivo\/\" target=\"_blank\" rel=\"noreferrer noopener\">TEMPO REAL<\/a><\/strong>&nbsp;todas as atividades do&nbsp;<strong>GP da Holanda<\/strong>, em&nbsp;<strong>Zandvoort<\/strong>, 13\u00aa etapa da temporada 2023. No s\u00e1bado e no domingo, classifica\u00e7\u00e3o e corrida tamb\u00e9m contam com&nbsp;<a href=\"https:\/\/formula1aovivo.com\/\" target=\"_blank\" rel=\"noreferrer noopener\">transmiss\u00e3o<\/a>&nbsp;em&nbsp;<strong><a href=\"https:\/\/www.youtube.com\/@GrandePremio1\/streams\">SEGUNDA TELA, NA GPTV, EM PARCERIA COM A VOZ DO ESPO<\/a><\/strong><a href=\"https:\/\/www.youtube.com\/@GrandePremio1\/streams\"><strong>RTE<\/strong>.<\/a>&nbsp;No domingo, a largada est\u00e1 marcada para as 10h (de Bras\u00edlia, GMT-3).<\/p>\n\n\n\n<p class=\"wp-block-paragraph\"><strong>\u25b6\ufe0f\u00a0Inscreva-se nos dois canais do GRANDE PR\u00caMIO no YouTube:\u00a0<a href=\"https:\/\/www.youtube.com\/channel\/UC9OlHEgxoaY6QY6nWPoiqQg?sub_confirmation=1\" target=\"_blank\" rel=\"noreferrer noopener\">GP<\/a>\u00a0|\u00a0<a href=\"https:\/\/www.youtube.com\/channel\/UC9csiS6q_C3C0FYhyr1rnFA?sub_confirmation=1\" target=\"_blank\" rel=\"noreferrer noopener\">GP2<\/a><\/strong><br><strong>\u25b6\ufe0f\u00a0<a href=\"https:\/\/www.twitch.tv\/grandepremio\" target=\"_blank\" rel=\"noreferrer noopener\">Conhe\u00e7a o canal do GRANDE PR\u00caMIO na Twitch clicando aqui!<\/a><\/strong><\/p>\n\n\n\n<figure class=\"wp-block-embed is-type-video is-provider-youtube wp-block-embed-youtube wp-embed-aspect-16-9 wp-has-aspect-ratio\"><div class=\"wp-block-embed__wrapper\">\n<iframe loading=\"lazy\" title=\"F1 2023 na HOLANDA: VERSTAPPEN pole, NORRIS 2\u00ba. LECLERC bate | Briefing\" width=\"500\" height=\"281\" src=\"https:\/\/www.youtube.com\/embed\/7AiwyhURs_8?feature=oembed\" frameborder=\"0\" allow=\"accelerometer; autoplay; clipboard-write; encrypted-media; gyroscope; picture-in-picture; web-share\" referrerpolicy=\"strict-origin-when-cross-origin\" allowfullscreen><\/iframe>\n<\/div><\/figure>\n","protected":false},"excerpt":{"rendered":"<p>Fernando Alonso falou que se sentiu estressado e esgotado durante a classifica\u00e7\u00e3o de condi\u00e7\u00f5es de pista mistas no GP da Holanda. O espanhol larga na quinta coloca\u00e7\u00e3o<\/p>\n","protected":false},"author":0,"featured_media":1000721819,"comment_status":"closed","ping_status":"closed","sticky":false,"template":"","format":"standard","meta":{"42wp_featured_image_caption":"","42wp_featured_image_credits":"","42wp_featured_video":"","42wp_featured_image_hidden":false,"42wp_authors_list":[],"footnotes":""},"categories":[2],"tags":[309,26271,5273,147,6533,176,180,30722,1388,1491,28285,901,36192,29129,30840,87,35129,31447,1389,36193,32346],"42wp_author":[47117],"class_list":["post-99906","post","type-post","status-publish","format-standard","has-post-thumbnail","hentry","category-f1","tag-aston-martin","tag-calendario-f1","tag-classificacao-f1","tag-f1","tag-f1-2023","tag-fernando-alonso","tag-formula-1","tag-formula-1-2023","tag-gp-da-holanda","tag-grande-premio","tag-grandepremio","tag-holanda","tag-holanda-2023","tag-holanda-f1","tag-horarios-f1","tag-lewis-hamilton","tag-onde-assistir-f1","tag-temporada-2023-f1","tag-zandvoort","tag-zandvoort-2023","tag-zandvoort-f1","42wp_author-gabriel-curty"],"_links":{"self":[{"href":"https:\/\/grandepremio.com\/br\/wp-json\/wp\/v2\/posts\/99906","targetHints":{"allow":["GET"]}}],"collection":[{"href":"https:\/\/grandepremio.com\/br\/wp-json\/wp\/v2\/posts"}],"about":[{"href":"https:\/\/grandepremio.com\/br\/wp-json\/wp\/v2\/types\/post"}],"replies":[{"embeddable":true,"href":"https:\/\/grandepremio.com\/br\/wp-json\/wp\/v2\/comments?post=99906"}],"version-history":[{"count":0,"href":"https:\/\/grandepremio.com\/br\/wp-json\/wp\/v2\/posts\/99906\/revisions"}],"wp:featuredmedia":[{"embeddable":true,"href":"https:\/\/grandepremio.com\/br\/wp-json\/wp\/v2\/media\/1000721819"}],"wp:attachment":[{"href":"https:\/\/grandepremio.com\/br\/wp-json\/wp\/v2\/media?parent=99906"}],"wp:term":[{"taxonomy":"category","embeddable":true,"href":"https:\/\/grandepremio.com\/br\/wp-json\/wp\/v2\/categories?post=99906"},{"taxonomy":"post_tag","embeddable":true,"href":"https:\/\/grandepremio.com\/br\/wp-json\/wp\/v2\/tags?post=99906"},{"taxonomy":"42wp_author","embeddable":true,"href":"https:\/\/grandepremio.com\/br\/wp-json\/wp\/v2\/42wp_author?post=99906"}],"curies":[{"name":"wp","href":"https:\/\/api.w.org\/{rel}","templated":true}]}}