{"id":99910,"date":"2023-08-26T12:55:04","date_gmt":"2023-08-26T15:55:04","guid":{"rendered":"https:\/\/grandepremio.com\/br\/noticias\/alexander-albon-ve-classificacao-especial-holanda-admite-surpresa-forca-williams\/"},"modified":"2023-08-26T15:23:20","modified_gmt":"2023-08-26T18:23:20","slug":"alexander-albon-ve-classificacao-especial-holanda-admite-surpresa-forca-williams","status":"publish","type":"post","link":"https:\/\/grandepremio.com\/br\/f1\/alexander-albon-ve-classificacao-especial-holanda-admite-surpresa-forca-williams\/","title":{"rendered":"Albon v\u00ea &#8220;classifica\u00e7\u00e3o especial&#8221; na Holanda e admite surpresa com for\u00e7a da Williams"},"content":{"rendered":"\n<p class=\"wp-block-paragraph\">A <strong>Williams<\/strong> \u00e9 uma das boas hist\u00f3rias do fim de semana do <strong>GP da Holanda<\/strong> at\u00e9 agora. Neste s\u00e1bado (26), <strong>Alexander Albon<\/strong> confirmou o bom rendimento que mostrava desde a primeira atividade e <strong><a href=\"https:\/\/www.grandepremio.com\/br\/f1\/noticias\/max-verstappen-faz-mar-laranja-vibrar-conquista-pole-position-gp-da-holanda-formula-1\/\" class=\"ek-link\">garantiu a quarta coloca\u00e7\u00e3o no grid de largada nos Pa\u00edses Baixos<\/a><\/strong> \u2014 com direito at\u00e9 a <strong>Logan Sargeant<\/strong> indo ao Q3 pela primeira vez na carreira. Mesmo muito animado, Albon admite que a Williams n\u00e3o entende bem os motivos de t\u00e3o forte rendimento.<\/p>\n\n\n\n<p class=\"wp-block-paragraph\">De acordo com Albon, a Williams ter\u00e1 de fazer uma esp\u00e9cie de engenharia reversa para entender o que aconteceu. Algo que ajudou, por\u00e9m, \u00e9 o fato do vento estar contra os carros, o que diminui as dificuldades cr\u00f4nicas que a equipe inglesa tem tido na \u00e1rea de frenagem, com direito aos freios fazendo com que os pneus aque\u00e7am e desgastem mais que deveriam.<\/p>\n\n\n\n<p class=\"wp-block-paragraph\"><strong>\u25b6\ufe0f\u00a0Inscreva-se nos dois canais do GRANDE PR\u00caMIO no YouTube:\u00a0<a href=\"https:\/\/www.youtube.com\/channel\/UC9OlHEgxoaY6QY6nWPoiqQg?sub_confirmation=1\" target=\"_blank\" rel=\"noreferrer noopener\">GP<\/a>\u00a0|\u00a0<a href=\"https:\/\/www.youtube.com\/channel\/UC9csiS6q_C3C0FYhyr1rnFA?sub_confirmation=1\" target=\"_blank\" rel=\"noreferrer noopener\">GP2<\/a><\/strong><br><strong>\u25b6\ufe0f\u00a0<a href=\"https:\/\/www.twitch.tv\/grandepremio\" target=\"_blank\" rel=\"noreferrer noopener\">Conhe\u00e7a o canal do GRANDE PR\u00caMIO na Twitch clicando aqui!<\/a><\/strong><\/p>\n\n\n\n<figure class=\"wp-block-image size-full\"><img decoding=\"async\" src=\"https:\/\/www.grandepremio.com\/br\/wp-content\/uploads\/2023\/08\/holanda-2023-f1-classificacao-williams-alexander-albon-02.jpg\" alt=\"\" class=\"wp-image-721695\"\/><figcaption class=\"wp-element-caption\">Alexander Albon tamb\u00e9m n\u00e3o entende a for\u00e7a da Williams (Foto: Williams)<\/figcaption><\/figure>\n\n\n\n<p class=\"wp-block-paragraph\">&#8220;Foi uma classifica\u00e7\u00e3o muito especial. Nosso ritmo tem sido muito forte desde o TL1. Claro que \u00e9 uma surpresa legal. Temos de fazer uma engenharia reversa para entender o motivo de sermos t\u00e3o fortes aqui&#8221;, afirmou.<\/p>\n\n\n\n<p class=\"wp-block-paragraph\">&#8220;Zandvoort \u00e9 um circuito de confian\u00e7a, onde \u00e9 necess\u00e1rio ter conex\u00e3o com o carro. A \u00faltima volta foi a \u00fanica que fiz no seco depois de desistir da tentativa anterior&#8221;, apontou.<\/p>\n\n\n\n<p class=\"wp-block-paragraph\">&#8220;O vento contr\u00e1rio ajudou a minimizar problemas que temos nos freios. Como parece que amanh\u00e3 o vento vai continuar na mesma dire\u00e7\u00e3o, d\u00e1 para esperar que acabe nos ajudando&#8221;, finalizou.<\/p>\n\n\n\n<p class=\"wp-block-paragraph\">O\u00a0<strong>GRANDE PR\u00caMIO<\/strong>\u00a0acompanha\u00a0<strong><a href=\"https:\/\/www.grandepremio.com\/br\/ao-vivo\/f1\">AO VIVO e EM\u00a0<\/a><a href=\"https:\/\/www.grandepremio.com\/br\/ao-vivo\/\" target=\"_blank\" rel=\"noreferrer noopener\">TEMPO REAL<\/a><\/strong>\u00a0todas as atividades do\u00a0<strong>GP da Holanda<\/strong>, em\u00a0<strong>Zandvoort<\/strong>, 13\u00aa etapa da temporada 2023. No s\u00e1bado e no domingo, classifica\u00e7\u00e3o e corrida tamb\u00e9m contam com\u00a0<a href=\"https:\/\/formula1aovivo.com\/\" target=\"_blank\" rel=\"noreferrer noopener\">transmiss\u00e3o<\/a>\u00a0em\u00a0<strong><a href=\"https:\/\/www.youtube.com\/@GrandePremio1\/streams\">SEGUNDA TELA, NA GPTV, EM PARCERIA COM A VOZ DO ESPO<\/a><\/strong><a href=\"https:\/\/www.youtube.com\/@GrandePremio1\/streams\"><strong>RTE<\/strong>.<\/a>\u00a0No domingo, a largada est\u00e1 marcada para as 10h (de Bras\u00edlia, GMT-3).<\/p>\n\n\n\n<figure class=\"wp-block-embed is-type-video is-provider-youtube wp-block-embed-youtube wp-embed-aspect-16-9 wp-has-aspect-ratio\"><div class=\"wp-block-embed__wrapper\">\n<iframe loading=\"lazy\" title=\"F1 2023 na HOLANDA: VERSTAPPEN pole, NORRIS 2\u00ba. LECLERC bate | Briefing\" width=\"500\" height=\"281\" src=\"https:\/\/www.youtube.com\/embed\/7AiwyhURs_8?feature=oembed\" frameborder=\"0\" allow=\"accelerometer; autoplay; clipboard-write; encrypted-media; gyroscope; picture-in-picture; web-share\" referrerpolicy=\"strict-origin-when-cross-origin\" allowfullscreen><\/iframe>\n<\/div><figcaption class=\"wp-element-caption\">\ud83d\udd34AO VIVO! F1 2023 na HOLANDA: VERSTAPPEN pole, NORRIS 2\u00ba. LECLERC bate | Briefing<\/figcaption><\/figure>\n","protected":false},"excerpt":{"rendered":"<p>Alexander Albon colocou a Williams na quarta coloca\u00e7\u00e3o do grid de largada para o GP da Holanda de F\u00f3rmula 1. E nem sequer entende bem<\/p>\n","protected":false},"author":0,"featured_media":1000721798,"comment_status":"closed","ping_status":"closed","sticky":false,"template":"","format":"standard","meta":{"42wp_featured_image_caption":"","42wp_featured_image_credits":"","42wp_featured_video":"","42wp_featured_image_hidden":false,"42wp_authors_list":[],"footnotes":""},"categories":[2],"tags":[654,6533,642,30722,1388,36203,1491,26123,30103,28285,25553,35129,36205,215],"42wp_author":[47120],"class_list":["post-99910","post","type-post","status-publish","format-standard","has-post-thumbnail","hentry","category-f1","tag-alexander-albon","tag-f1-2023","tag-f1-ao-vivo","tag-formula-1-2023","tag-gp-da-holanda","tag-gp-em-zandvoort","tag-grande-premio","tag-grande-premio-ao-vivo","tag-grande-premio-f1","tag-grandepremio","tag-logan-sargeant","tag-onde-assistir-f1","tag-onde-assistir-gp-da-holanda","tag-williams","42wp_author-pedro-henrique-marum"],"_links":{"self":[{"href":"https:\/\/grandepremio.com\/br\/wp-json\/wp\/v2\/posts\/99910","targetHints":{"allow":["GET"]}}],"collection":[{"href":"https:\/\/grandepremio.com\/br\/wp-json\/wp\/v2\/posts"}],"about":[{"href":"https:\/\/grandepremio.com\/br\/wp-json\/wp\/v2\/types\/post"}],"replies":[{"embeddable":true,"href":"https:\/\/grandepremio.com\/br\/wp-json\/wp\/v2\/comments?post=99910"}],"version-history":[{"count":0,"href":"https:\/\/grandepremio.com\/br\/wp-json\/wp\/v2\/posts\/99910\/revisions"}],"wp:featuredmedia":[{"embeddable":true,"href":"https:\/\/grandepremio.com\/br\/wp-json\/wp\/v2\/media\/1000721798"}],"wp:attachment":[{"href":"https:\/\/grandepremio.com\/br\/wp-json\/wp\/v2\/media?parent=99910"}],"wp:term":[{"taxonomy":"category","embeddable":true,"href":"https:\/\/grandepremio.com\/br\/wp-json\/wp\/v2\/categories?post=99910"},{"taxonomy":"post_tag","embeddable":true,"href":"https:\/\/grandepremio.com\/br\/wp-json\/wp\/v2\/tags?post=99910"},{"taxonomy":"42wp_author","embeddable":true,"href":"https:\/\/grandepremio.com\/br\/wp-json\/wp\/v2\/42wp_author?post=99910"}],"curies":[{"name":"wp","href":"https:\/\/api.w.org\/{rel}","templated":true}]}}