{"id":99924,"date":"2023-08-26T09:21:42","date_gmt":"2023-08-26T12:21:42","guid":{"rendered":"https:\/\/grandepremio.com\/br\/noticias\/formula-2-tenta-ve-chuva-forte-criar-caos-desiste-realizar-sprint-holanda\/"},"modified":"2023-08-26T09:54:36","modified_gmt":"2023-08-26T12:54:36","slug":"formula-2-tenta-ve-chuva-forte-criar-caos-desiste-realizar-sprint-holanda","status":"publish","type":"post","link":"https:\/\/grandepremio.com\/br\/f2\/formula-2-tenta-ve-chuva-forte-criar-caos-desiste-realizar-sprint-holanda\/","title":{"rendered":"F\u00f3rmula 2 tenta, mas v\u00ea chuva forte criar caos e desiste de realizar sprint na Holanda"},"content":{"rendered":"\n<p class=\"wp-block-paragraph\">\u00c0 la <strong>B\u00e9lgica 2021<\/strong>, a chuva impediu que a <strong>F\u00f3rmula 2<\/strong> realizasse a corrida sprint neste s\u00e1bado (26), na <strong>Holanda<\/strong>. Na verdade, a categoria at\u00e9 tentou alguma coisa em meio ao aguaceiro de <strong>Zandvoort<\/strong>, mas o forte acidente logo na primeira volta, envolvendo <strong>Jak Crawford<\/strong>, <strong>Kush Maini<\/strong> e <strong>Ralph Boschung<\/strong> trouxe a bandeira vermelha.<\/p>\n\n\n\n<p class=\"wp-block-paragraph\">Ap\u00f3s uma paralisa\u00e7\u00e3o de cerca de 30 minutos, a dire\u00e7\u00e3o de prova tentou o recome\u00e7o, mas as condi\u00e7\u00f5es eram impratic\u00e1veis. Com o rel\u00f3gio j\u00e1 na tela, faltando 17 minutos para o fim, n\u00e3o teve jeito: corrida encerrada, com <strong>Isack Hadjar<\/strong> na frente, e tudo porque o franc\u00eas se beneficiou de um problema com o pole, <strong>Th\u00e9o Pourchaire<\/strong>, antes mesmo da largada. Como o piloto da <strong>ART <\/strong>partiu do pit-lane, foi o representante da <strong>Hitech <\/strong>quem &#8216;cruzou&#8217; a linha de chegada em primeiro.<\/p>\n\n\n\n<p class=\"wp-block-paragraph\">Pelo regulamento, no entanto, ningu\u00e9m pontua, pois n\u00e3o houve um m\u00ednimo de duas voltas completadas sem que o safety-car estivesse na pista. Para registro, Victor Martins foi o segundo, com Oliver Bearman, Juan Manuel Correa, Zane Maloney, Jack Doohan, Frederik Vesti, Cl\u00e9ment novalak, Dennis Hauger e Jehan Daruvala fechando o top-10. Antes da confus\u00e3o, Enzo Fittipaldi ganhou quatro posi\u00e7\u00f5es, saltando de 19\u00ba para 15\u00ba.<\/p>\n\n\n\n<p class=\"wp-block-paragraph\">A F\u00f3rmula 2 volta \u00e0 pista neste domingo, a partir das 5h, para a largada da corrida principal da etapa da Holanda, em Zandvoort. O <strong>GRANDE PR\u00caMIO<\/strong> acompanha todas as atividades da temporada 2023.<\/p>\n\n\n\n<p class=\"wp-block-paragraph\"><strong>\u25b6\ufe0f\u00a0Inscreva-se nos dois canais do GRANDE PR\u00caMIO no YouTube:\u00a0<\/strong><a href=\"https:\/\/www.youtube.com\/channel\/UC9OlHEgxoaY6QY6nWPoiqQg?sub_confirmation=1\" target=\"_blank\" rel=\"noreferrer noopener\"><strong>GP\u00a0|\u00a0GP2<\/strong><br><strong>\u25b6\ufe0f\u00a0Conhe\u00e7a o canal do GRANDE PR\u00caMIO na Twitch clicando aqu<\/strong><\/a><strong><a href=\"https:\/\/www.youtube.com\/channel\/UC9OlHEgxoaY6QY6nWPoiqQg?sub_confirmation=1\" target=\"_blank\" rel=\"noreferrer noopener\">i!<\/a><\/strong><\/p>\n\n\n\n<figure class=\"wp-block-video\"><video class=\"video-js vjs-big-play-centered\" data-gp-vjs=\"1\" controls src=\"https:\/\/www.grandepremio.com\/br\/wp-content\/uploads\/2023\/08\/Acidente-Boschung-Maini-Crawford-F2-Holanda.mp4\"><\/video><figcaption class=\"wp-element-caption\">O toque entre Crawford e Maini acabou iniciando um problema que terminou com Boschung embaixo do companheiro (V\u00eddeo: F1 TV\/DAZN)<\/figcaption><\/figure>\n\n\n\n<p class=\"wp-block-paragraph\"><strong>Confira como foi a corrida sprint da F2 na Holanda:<\/strong><\/p>\n\n\n\n<p class=\"wp-block-paragraph\">Ap\u00f3s a classifica\u00e7\u00e3o, como j\u00e1 \u00e9 de praxe, v\u00e1rios pilotos foram chamados \u00e0 sala dos comiss\u00e1rios para explica\u00e7\u00f5es e dois sofreram san\u00e7\u00f5es para a corrida sprint: <strong>Richard Verschoor<\/strong> perdeu tr\u00eas posi\u00e7\u00f5es no grid, caindo de 14\u00ba para 17\u00ba, por atrapalhar Zane Maloney, e <strong>Auymu Iwasa<\/strong> precisou partir do 16\u00ba ap\u00f3s fazer o 12\u00ba tempo.<\/p>\n\n\n\n<p class=\"wp-block-paragraph\">No pelot\u00e3o da frente, Pourchaire teve problemas e precisou largar dos boxes, o que deixou Hadjar como o &#8216;pole-position&#8217;. O principal advers\u00e1rio do franc\u00eas na briga pelo t\u00edtulo, <strong>Frederik Vesti<\/strong>, alinhou no oitavo colchete. J\u00e1 Fittipaldi, um dos in\u00fameros pilotos atrapalhados pelo festival de bandeiras vermelhas na classifica\u00e7\u00e3o, ficou apenas em 19\u00ba.<\/p>\n\n\n\n<p class=\"wp-block-paragraph\">S\u00f3 que todos teriam um desafio e tanto pela frente: chuva torrencial em um circuito que, embora n\u00e3o seja de rua, os muros s\u00e3o muito pr\u00f3ximos. Por quest\u00f5es de seguran\u00e7a, a dire\u00e7\u00e3o de prova optou pela largada atr\u00e1s do safety-car e atrasou o in\u00edcio em oito minutos, com o novo hor\u00e1rio marcado para as 13h23 locais (8h23 de Bras\u00edlia). <\/p>\n\n\n\n<p class=\"wp-block-paragraph\">Cal\u00e7ados com os compostos de chuva extrema, o grupo foi para a volta de apresenta\u00e7\u00e3o, com Victor Martins, agora o oficial segundo colocado, j\u00e1 partindo com o carro todo de lado, dando provas de que n\u00e3o seria nada f\u00e1cil segurar o b\u00f3lido em meio ao aguaceiro de Zandvoort.<\/p>\n\n\n\n<figure class=\"wp-block-image size-large\"><img decoding=\"async\" src=\"https:\/\/www.grandepremio.com\/br\/wp-content\/uploads\/2023\/08\/Volta-de-apresnetacao-F2-em-Zandvoort-1024x576.jpg\" alt=\"\" class=\"wp-image-721629\"\/><figcaption class=\"wp-element-caption\">O \u00fanico momento de corrida na sprint da F2 na Holanda: a volta de apresenta\u00e7\u00e3o (Foto: Reprodu\u00e7\u00e3o\/F1 TV)<\/figcaption><\/figure>\n\n\n\n<p class=\"wp-block-paragraph\">O safety-car, ent\u00e3o, recolheu no giro seguinte, com a dire\u00e7\u00e3o de prova autorizando a largada em movimento. Hadjar segurou at\u00e9 o limite, mas manteve-se na ponta, com Martins em segundo e Oliver Bearman ganhando a posi\u00e7\u00e3o de Juan Manuel Correa em uma bela manobra.<\/p>\n\n\n\n<p class=\"wp-block-paragraph\">S\u00f3 que o caos n\u00e3o demorou a acontecer, pois F2 + chuva torrencial + pista com muros pr\u00f3ximos n\u00e3o poderia nem sequer come\u00e7ar bem. Assim que a largada em movimento foi autorizada, <strong>Kush Maini<\/strong> acertou <strong>Jak Crawford<\/strong> em meio ao spray e voltou \u00e0 pista como passageiro. <strong>Ralph Boschung<\/strong>, sem qualquer visibilidade, pegou o companheiro de equipe de frente em &#8216;T&#8217;.<\/p>\n\n\n\n<p class=\"wp-block-paragraph\">O forte impacto fez o carro do indiano ficar por cima do b\u00f3lido do su\u00ed\u00e7o. Mais uma vez, o halo evitou que uma trag\u00e9dia acontecesse, mas Boschung desceu mancando e segurando as costas. A dire\u00e7\u00e3o de prova acionou a bandeira vermelha. As imagens recuperadas mostraram o carro da <strong>Campos <\/strong>de Boschung completamente destru\u00eddo.<\/p>\n\n\n\n<p class=\"wp-block-paragraph\">A corrida recome\u00e7ou \u00e0s 14h locais (9h de Bras\u00edlia), ap\u00f3s quase 30 minutos de paralisa\u00e7\u00e3o. Pelo r\u00e1dio, a Trident informou a Roman Stanek que seriam 22 minutos de prova mais uma volta \u2014 e, de fato, a dire\u00e7\u00e3o de prova colocou o cron\u00f4metro na tela. Hadjar puxou a fila, seguido por Martins, Bearman, Correa, Maloney, Doohan, Vesti, Novalak, Hauger e Daruvala completando top-10. Antes da confus\u00e3o, Fittipaldi conseguiu de uma vez quatro posi\u00e7\u00f5es, realinhando em 15\u00ba.<\/p>\n\n\n\n<p class=\"wp-block-paragraph\">S\u00f3 que o temporal n\u00e3o dava tr\u00e9gua, e a decis\u00e3o n\u00e3o foi outra a n\u00e3o ser acionar mais uma vez a bandeira vermelha, obrigando os pilotos a recolherem novamente para o pit-lane. A diferen\u00e7a, no entanto, \u00e9 que o rel\u00f3gio seguiria na regressiva. S\u00f3 que a chuva n\u00e3o ia parar, ent\u00e3o a dire\u00e7\u00e3o de prova determinou o encerramento definitivo.<\/p>\n\n\n\n<figure class=\"wp-block-embed is-type-rich is-provider-incorporar-manipulador wp-block-embed-incorporar-manipulador wp-embed-aspect-16-9 wp-has-aspect-ratio\"><div class=\"wp-block-embed__wrapper\">\n<iframe loading=\"lazy\" title=\"APOSTA certa: Por que HAAS manteve H\u00dcLKENBERG e MAGNUSSEN para futuro na F1? | GP \u00e0s 10\" width=\"500\" height=\"281\" src=\"https:\/\/www.youtube.com\/embed\/2TPTVMM3Y90?feature=oembed\" frameborder=\"0\" allow=\"accelerometer; autoplay; clipboard-write; encrypted-media; gyroscope; picture-in-picture; web-share\" referrerpolicy=\"strict-origin-when-cross-origin\" allowfullscreen><\/iframe>\n<\/div><\/figure>\n","protected":false},"excerpt":{"rendered":"<p>N\u00e3o teve corrida sprint, essa \u00e9 a verdade. Por mais que a F\u00f3rmula 2 tenha tentado, o temporal que caiu sobre Zandvoort neste s\u00e1bado (26) impediu a continuidade da prova<\/p>\n","protected":false},"author":0,"featured_media":1000721625,"comment_status":"closed","ping_status":"closed","sticky":false,"template":"","format":"standard","meta":{"42wp_featured_image_caption":"","42wp_featured_image_credits":"","42wp_featured_video":"","42wp_featured_image_hidden":false,"42wp_authors_list":[],"footnotes":""},"categories":[9],"tags":[30624,6086,3158,30246,25741,1581,409,29651,2208,1318,1491,901,36192,596,2971,35911,107,32107,4606,29923,35030,32749,349,2205,26543,799,31651,25479,2204,33975,486,30312,1389,36193,28107],"42wp_author":[47147],"class_list":["post-99924","post","type-post","status-publish","format-standard","has-post-thumbnail","hentry","category-f2","tag-amaury-cordeel","tag-art","tag-campos","tag-classificacao-f2","tag-clement-novalak","tag-dennis-hauger","tag-enzo-fittipaldi","tag-f2-2022","tag-formula-2","tag-frederik-vesti","tag-grande-premio","tag-holanda","tag-holanda-2023","tag-jack-doohan","tag-jehan-daruvala","tag-joshua-mason","tag-juan-manuel-correa","tag-kush-maini","tag-mp","tag-oliver-bearman","tag-onde-assistir-f2","tag-phm","tag-prema","tag-ralph-boschung","tag-roman-stanek","tag-roy-nissany","tag-temporada-2022-f2","tag-theo-pourchaire","tag-trident","tag-van-amersfoot","tag-victor-martins","tag-virtuosi","tag-zandvoort","tag-zandvoort-2023","tag-zane-maloney","42wp_author-luana-marino"],"_links":{"self":[{"href":"https:\/\/grandepremio.com\/br\/wp-json\/wp\/v2\/posts\/99924","targetHints":{"allow":["GET"]}}],"collection":[{"href":"https:\/\/grandepremio.com\/br\/wp-json\/wp\/v2\/posts"}],"about":[{"href":"https:\/\/grandepremio.com\/br\/wp-json\/wp\/v2\/types\/post"}],"replies":[{"embeddable":true,"href":"https:\/\/grandepremio.com\/br\/wp-json\/wp\/v2\/comments?post=99924"}],"version-history":[{"count":0,"href":"https:\/\/grandepremio.com\/br\/wp-json\/wp\/v2\/posts\/99924\/revisions"}],"wp:featuredmedia":[{"embeddable":true,"href":"https:\/\/grandepremio.com\/br\/wp-json\/wp\/v2\/media\/1000721625"}],"wp:attachment":[{"href":"https:\/\/grandepremio.com\/br\/wp-json\/wp\/v2\/media?parent=99924"}],"wp:term":[{"taxonomy":"category","embeddable":true,"href":"https:\/\/grandepremio.com\/br\/wp-json\/wp\/v2\/categories?post=99924"},{"taxonomy":"post_tag","embeddable":true,"href":"https:\/\/grandepremio.com\/br\/wp-json\/wp\/v2\/tags?post=99924"},{"taxonomy":"42wp_author","embeddable":true,"href":"https:\/\/grandepremio.com\/br\/wp-json\/wp\/v2\/42wp_author?post=99924"}],"curies":[{"name":"wp","href":"https:\/\/api.w.org\/{rel}","templated":true}]}}