{"id":99967,"date":"2023-08-25T12:01:27","date_gmt":"2023-08-25T15:01:27","guid":{"rendered":"https:\/\/grandepremio.com\/br\/noticias\/lando-norris-deixa-max-verstappen-para-tras-quase-nada-lidera-tl2-gp-da-holanda\/"},"modified":"2023-08-25T12:37:18","modified_gmt":"2023-08-25T15:37:18","slug":"lando-norris-deixa-max-verstappen-para-tras-quase-nada-lidera-tl2-gp-da-holanda","status":"publish","type":"post","link":"https:\/\/grandepremio.com\/br\/f1\/lando-norris-deixa-max-verstappen-para-tras-quase-nada-lidera-tl2-gp-da-holanda\/","title":{"rendered":"Norris deixa Verstappen para tr\u00e1s por quase nada e lidera TL2 do GP da Holanda"},"content":{"rendered":"\n<p class=\"wp-block-paragraph\">Chuva? N\u00e3o teve chuva alguma nesta sexta-feira (25), em <strong>Zandvoort<\/strong>, mesmo ap\u00f3s a \u00e1gua que caiu no dia anterior e a expectativa de mais precipita\u00e7\u00e3o no s\u00e1bado e no domingo. Com c\u00e9u at\u00e9 mais aberto, os pilotos tiveram normalidade para encerrar o dia de treinos na pista neerlandesa. E a surpresa: <strong>Lando Norris<\/strong> superou <strong>Max Verstappen<\/strong> e foi o mais r\u00e1pido.<\/p>\n\n\n\n<p class=\"wp-block-paragraph\"><strong>\u25b6\ufe0f&nbsp;Inscreva-se nos dois canais do GRANDE PR\u00caMIO no YouTube:&nbsp;<a href=\"https:\/\/www.youtube.com\/channel\/UC9OlHEgxoaY6QY6nWPoiqQg?sub_confirmation=1\" target=\"_blank\" rel=\"noreferrer noopener\">GP<\/a>&nbsp;|&nbsp;<a href=\"https:\/\/www.youtube.com\/channel\/UC9csiS6q_C3C0FYhyr1rnFA?sub_confirmation=1\" target=\"_blank\" rel=\"noreferrer noopener\">GP2<\/a><\/strong><br><strong>\u25b6\ufe0f&nbsp;<a href=\"https:\/\/www.twitch.tv\/grandepremio\" target=\"_blank\" rel=\"noreferrer noopener\">Conhe\u00e7a o canal do GRANDE PR\u00caMIO na Twitch clicando aqui!<\/a><\/strong><\/p>\n\n\n\n<p class=\"wp-block-paragraph\">Norris anotou 1min11s330 em volta dada assim que colocou pneus macios. O natural era que Verstappen superasse o tempo, mas o piloto da casa passou 0s023 mais lento e ainda reclamou que o RB19 apresentava comportamento estranho. Melhor para Lando.<\/p>\n\n\n\n<p class=\"wp-block-paragraph\">Depois de Verstappen, mais uma apari\u00e7\u00e3o da <strong>Williams<\/strong> nas primeiras coloca\u00e7\u00f5es, com <strong>Alexander Albon<\/strong>. <strong>Lewis Hamilton<\/strong> colocou a <strong>Mercedes<\/strong> na quarta coloca\u00e7\u00e3o, novamente sobrando para o companheiro <strong>George Russell<\/strong>, somente 14\u00ba. <strong>Yuki Tsunoda, Pierre Gasly, Sergio P\u00e9rez, Lance Stroll, Valtteri Bottas e Fernando Alonso<\/strong> fecharam o top-10. Pela segunda atividade seguida, a <strong>Ferrari<\/strong> viu os dois carros na metade final da tabela.<\/p>\n\n\n\n<p class=\"wp-block-paragraph\">Assim como o TL1, a segunda sess\u00e3o teve uma <strong><a href=\"https:\/\/www.grandepremio.com\/br\/f1\/noticias\/oscar-piastri-escorrega-espanca-muro-tl2-do-gp-holanda-daniel-ricciardo-bate-junto\/\" class=\"ek-link\">interrup\u00e7\u00e3o por batida dupla<\/a><\/strong>: foi ainda na parte inicial, quando <strong>Oscar Piastri<\/strong> perdeu a traseira da <strong>McLaren<\/strong> na tomada da curva tr\u00eas. <strong>Daniel Ricciardo<\/strong> vinha logo atr\u00e1s e, com medo de que o carro de Piastri deslizasse para baixo da curva angulada e causasse um acidente em &#8216;T&#8217;, tirou a <strong>AlphaTauri <\/strong>da pista antes e tamb\u00e9m foi ao muro. <strong><a href=\"https:\/\/www.grandepremio.com\/br\/f1\/noticias\/daniel-ricciardo-deixa-centro-medico-zandvoort-tipoia-braco-bater-tl2\/\" class=\"ek-link\">Ricciardo teve de ir ao centro m\u00e9dico<\/a><\/strong> por conta de dores no bra\u00e7o.<\/p>\n\n\n\n<p class=\"wp-block-paragraph\">O <strong>GRANDE PR\u00caMIO<\/strong> acompanha&nbsp;<strong><a href=\"https:\/\/www.grandepremio.com\/br\/ao-vivo\/f1\">AO VIVO e EM&nbsp;<\/a><a href=\"https:\/\/www.grandepremio.com\/br\/ao-vivo\/\" target=\"_blank\" rel=\"noreferrer noopener\">TEMPO REAL<\/a><\/strong>&nbsp;todas as atividades do&nbsp;<strong>GP da Holanda<\/strong>, em&nbsp;<strong>Zandvoort<\/strong>, 13\u00aa etapa da temporada 2023. No s\u00e1bado e no domingo, classifica\u00e7\u00e3o e corrida tamb\u00e9m contam com&nbsp;<a href=\"https:\/\/formula1aovivo.com\/\" target=\"_blank\" rel=\"noreferrer noopener\">transmiss\u00e3o<\/a>&nbsp;em&nbsp;<strong><a href=\"https:\/\/www.youtube.com\/@GrandePremio1\/streams\">SEGUNDA TELA, NA GPTV, EM PARCERIA COM A VOZ DO ESPORTE<\/a><\/strong>. No s\u00e1bado, o dia come\u00e7a com o TL3, \u00e0s 6h30 (de Bras\u00edlia, GMT-3), seguido pela classifica\u00e7\u00e3o, \u00e0s 10. No domingo, a largada tamb\u00e9m est\u00e1 marcada para as 10h.<\/p>\n\n\n\n<figure class=\"wp-block-image size-large\"><img decoding=\"async\" src=\"https:\/\/www.grandepremio.com\/br\/wp-content\/uploads\/2023\/08\/f1-2023-holanda-treinoslivres-mclaren-landonorris-afp-01-1-1024x682.jpg\" alt=\"\" class=\"wp-image-721147\"\/><figcaption class=\"wp-element-caption\">Lando Norris ficou na ponta da sexta-feira (Foto: AFP) <\/figcaption><\/figure>\n\n\n\n<p class=\"wp-block-paragraph\"><strong>Confira como foi o TL2:<\/strong><\/p>\n\n\n\n<p class=\"wp-block-paragraph\">Conforme j\u00e1 era expectativa, o c\u00e9u abriu para o segundo treino livre da sexta-feira em Zandvoort. Apesar da sa\u00edda do sol, a temperatura seguiu na mesma: 20\u00b0C no ambiente e pista em 33\u00b0C. Semelhante ao que aconteceu de manh\u00e3. \u00c9 importante destacar que h\u00e1 expectativa de chuva no resto do fim de semana, mas n\u00e3o na sexta-feira.<\/p>\n\n\n\n<p class=\"wp-block-paragraph\">Com a bandeira verde acionada, a Aston Martin preparava Lance Stroll para finalmente andar em Zandvoort. O canadense teve problemas de motor pela manh\u00e3 e deu somente duas voltas de instala\u00e7\u00e3o, sem estabelecer volta veloz.<\/p>\n\n\n\n<p class=\"wp-block-paragraph\">Quem cravou a primeira volta cronometrada foi George Russell, passando em 1min13s358 de pneus m\u00e9dios. Ali\u00e1s, como no TL1, apenas pneus duros e macios apareciam nos primeiros minutos. Logo, Sergio P\u00e9rez passou por ele. A expectativa, claro, estava em Max Verstappen.<\/p>\n\n\n\n<p class=\"wp-block-paragraph\">Antes de qualquer outra coisa, por\u00e9m, Verstappen se irritou com Nico H\u00fclkenberg. Na tomada da mesma curva 13 onde Nico bateu mais cedo, Max sentiu ter sido bloqueado e reclamou ap\u00f3s passar bem perto de um contato. &#8220;Meu Deus. Esses idiotas\u2026 Inacredit\u00e1vel&#8221;, falou. Em seguida, tomou a lideran\u00e7a.<\/p>\n\n\n\n<p class=\"wp-block-paragraph\">Mas a anima\u00e7\u00e3o que come\u00e7ava a se estabelecer parou. Isso porque Oscar Piastri perdeu a traseira do carro da McLaren, rodou e bateu firme na barreira de prote\u00e7\u00e3o da curva tr\u00eas \u2014 a primeira daquelas que s\u00e3o anguladas com parte de cima e de baixo. Daniel Ricciardo vinha logo atr\u00e1s e temeu que o carro da McLaren descesse at\u00e9 a altura dele na pista, o que podia causar uma colis\u00e3o em &#8216;T&#8217;. Assim, jogou a AlphaTauri para fora e bateu pouco atr\u00e1s. Bandeira vermelha, necessidade de reparar as duas partes da barreira e Ricciardo, com m\u00e3o machucada, foi ao centro m\u00e9dico.<\/p>\n\n\n\n<figure class=\"wp-block-video\"><video class=\"video-js vjs-big-play-centered\" data-gp-vjs=\"1\" controls poster=\"https:\/\/www.grandepremio.com\/br\/wp-content\/uploads\/2023\/08\/2023_08_25_Piastri_Ricciardo-poster.jpeg\" src=\"https:\/\/www.grandepremio.com\/br\/wp-content\/uploads\/2023\/08\/2023_08_25_Piastri_Ricciardo.mp4\"><\/video><figcaption class=\"wp-element-caption\">O estranho acidente de Piastri e Ricciardo (V\u00eddeo: DAZN ES)<\/figcaption><\/figure>\n\n\n\n<p class=\"wp-block-paragraph\">Quase dez minutos de interrup\u00e7\u00e3o, mas a bandeira verde voltou com cerca de 37 minutos ainda pela frente na atividade. A\u00ed, j\u00e1 com uma multid\u00e3o de pilotos cal\u00e7ados de pneus macios. Uma s\u00e9rie de pilotos passava na frente nos instantes seguintes: P\u00e9rez, Alexander Albon, Logan Sargeant, Stroll, Pierre Gasly, at\u00e9 que Lando Norris fez 1min11s330 e se estabilizou na ponteira.<\/p>\n\n\n\n<p class=\"wp-block-paragraph\">Verstappen passou em segundo e reclamou novamente, agora por conta do carro. &#8220;Est\u00e1 fazendo coisas estranhas&#8221;, relatou \u00e0 Red Bull pelo r\u00e1dio.<\/p>\n\n\n\n<p class=\"wp-block-paragraph\">Ap\u00f3s 35 minutos de atividade, Norris, Verstappen, Albon, Lewis Hamilton, Yuki Tsunoda, Gasly, P\u00e9rez, Stroll, Valtteri Bottas e Fernando Alonso formavam o top-10.<\/p>\n\n\n\n<p class=\"wp-block-paragraph\">Quem apareceu logo depois foi Carlos Sainz. O espanhol cedeu o carro para Robert Shwartzman no TL1 e viu uma Ferrari com certas dificuldades na pista dos Pa\u00edses Baixos. Quando apareceu finalmente, foi escapando da pista e passeando na brita.<\/p>\n\n\n\n<p class=\"wp-block-paragraph\">Apesar da expectativa de que mais coisa vinha pela frente, at\u00e9 com poss\u00edveis novas voltas velozes, o restante da sess\u00e3o foi muito tranquila. Quem ficou na pista, apostou em simula\u00e7\u00f5es de corrida. Desta feita, nada diferente na tabela de tempos, al\u00e9m de nenhuma nova interrup\u00e7\u00e3o. <\/p>\n\n\n\n<p class=\"wp-block-paragraph\"><strong>F1 2023, GP da Holanda, Zandvoort, TL2:<\/strong><\/p>\n\n\n\n<figure class=\"wp-block-table\"><table><tbody><tr><td>1<\/td><td>L NORRIS<\/td><td>McLaren Mercedes<\/td><td>1:11.330<\/td><td>&nbsp;<\/td><td>30<\/td><\/tr><tr><td>2<\/td><td>M VERSTAPPEN<\/td><td>Red Bull Honda<\/td><td>1:11.353<\/td><td>+0.023<\/td><td>26<\/td><\/tr><tr><td>3<\/td><td>A ALBON<\/td><td>Williams Mercedes<\/td><td>1:11.599<\/td><td>+0.269<\/td><td>31<\/td><\/tr><tr><td>4<\/td><td>L HAMILTON<\/td><td>Mercedes<\/td><td>1:11.638<\/td><td>+0.308<\/td><td>27<\/td><\/tr><tr><td>5<\/td><td>Y TSUNODA<\/td><td>AlphaTauri Honda<\/td><td>1:11.720<\/td><td>+0.390<\/td><td>31<\/td><\/tr><tr><td>6<\/td><td>P GASLY<\/td><td>Alpine<\/td><td>1:11.766<\/td><td>+0.436<\/td><td>30<\/td><\/tr><tr><td>7<\/td><td>S P\u00c9REZ<\/td><td>Red Bull Honda<\/td><td>1:11.817<\/td><td>+0.487<\/td><td>29<\/td><\/tr><tr><td>8<\/td><td>L STROLL<\/td><td>Aston Martin Mercedes<\/td><td>1:11.835<\/td><td>+0.505<\/td><td>31<\/td><\/tr><tr><td>9<\/td><td>V BOTTAS<\/td><td>Alfa Romeo Ferrari<\/td><td>1:11.857<\/td><td>+0.527<\/td><td>31<\/td><\/tr><tr><td>10<\/td><td>F ALONSO<\/td><td>Aston Martin Mercedes<\/td><td>1:11.863<\/td><td>+0.533<\/td><td>31<\/td><\/tr><tr><td>11<\/td><td>C LECLERC<\/td><td>Ferrari<\/td><td>1:11.915<\/td><td>+0.585<\/td><td>30<\/td><\/tr><tr><td>12<\/td><td>L SARGEANT<\/td><td>Williams Mercedes<\/td><td>1:11.934<\/td><td>+0.604<\/td><td>32<\/td><\/tr><tr><td>13<\/td><td>E OCON<\/td><td>Alpine<\/td><td>1:12.001<\/td><td>+0.671<\/td><td>30<\/td><\/tr><tr><td>14<\/td><td>G RUSSELL<\/td><td>Mercedes<\/td><td>1:12.009<\/td><td>+0.679<\/td><td>28<\/td><\/tr><tr><td>15<\/td><td>G ZHOU<\/td><td>Alfa Romeo Ferrari<\/td><td>1:12.074<\/td><td>+0.744<\/td><td>30<\/td><\/tr><tr><td>16<\/td><td>C SAINZ<\/td><td>Ferrari<\/td><td>1:12.093<\/td><td>+0.763<\/td><td>31<\/td><\/tr><tr><td>17<\/td><td>K MAGNUSSEN<\/td><td>Haas Ferrari<\/td><td>1:12.404<\/td><td>+1.074<\/td><td>28<\/td><\/tr><tr><td>18<\/td><td>N H\u00dcLKENBERG<\/td><td>Haas Ferrari<\/td><td>1:12.693<\/td><td>+1.363<\/td><td>31<\/td><\/tr><tr><td>19<\/td><td>O PIASTRI<\/td><td>McLaren Mercedes<\/td><td>1:12.901<\/td><td>+1.571<\/td><td>6<\/td><\/tr><tr><td>20<\/td><td>D RICCIARDO<\/td><td>AlphaTauri Honda<\/td><td>1:13.096<\/td><td>+1.766<\/td><td>7<\/td><\/tr><\/tbody><\/table><\/figure>\n\n\n\n<figure class=\"wp-block-embed is-type-video is-provider-youtube wp-block-embed-youtube wp-embed-aspect-16-9 wp-has-aspect-ratio\"><div class=\"wp-block-embed__wrapper\">\n<iframe loading=\"lazy\" title=\"F1 2023 na HOLANDA: NORRIS 1\u00ba, RICCIARDO bate e DRUGO na SAUBER? | Briefing\" width=\"500\" height=\"281\" src=\"https:\/\/www.youtube.com\/embed\/4sWsneJlm3I?feature=oembed\" frameborder=\"0\" allow=\"accelerometer; autoplay; clipboard-write; encrypted-media; gyroscope; picture-in-picture; web-share\" referrerpolicy=\"strict-origin-when-cross-origin\" allowfullscreen><\/iframe>\n<\/div><figcaption class=\"wp-element-caption\">\ud83d\udd34AO VIVO! F1 2023 na HOLANDA: tudo sobre os treinos livres | Briefing<\/figcaption><\/figure>\n","protected":false},"excerpt":{"rendered":"<p>O segundo treino livre para o GP da Holanda de F\u00f3rmula 1, para fechar a sexta-feira, mostrou for\u00e7a da McLaren e Lando Norris na frente<\/p>\n","protected":false},"author":0,"featured_media":1000720978,"comment_status":"closed","ping_status":"closed","sticky":false,"template":"","format":"standard","meta":{"42wp_featured_image_caption":"","42wp_featured_image_credits":"","42wp_featured_video":"","42wp_featured_image_hidden":false,"42wp_authors_list":[],"footnotes":""},"categories":[2],"tags":[457,524,20491,309,546,209,211,302,6533,642,176,207,30722,800,1388,36203,1491,26123,30103,28285,3746,119,117,485,547,87,25553,203,90,82,1521,35129,36205,2916,676,204,3132,612,215,597],"42wp_author":[47120],"class_list":["post-99967","post","type-post","status-publish","format-standard","has-post-thumbnail","hentry","category-f1","tag-alfa-romeo","tag-alphatauri","tag-alpine","tag-aston-martin","tag-carlos-sainz","tag-charles-leclerc","tag-daniel-ricciardo","tag-esteban-ocon","tag-f1-2023","tag-f1-ao-vivo","tag-fernando-alonso","tag-ferrari","tag-formula-1-2023","tag-george-russell","tag-gp-da-holanda","tag-gp-em-zandvoort","tag-grande-premio","tag-grande-premio-ao-vivo","tag-grande-premio-f1","tag-grandepremio","tag-guanyu-zhou","tag-haas","tag-kevin-magnussen","tag-lance-stroll","tag-lando-norris","tag-lewis-hamilton","tag-logan-sargeant","tag-max-verstappen","tag-mclaren","tag-mercedes","tag-nico-hulkenberg","tag-onde-assistir-f1","tag-onde-assistir-gp-da-holanda","tag-oscar-piastri","tag-pierre-gasly","tag-red-bull","tag-sergio-perez","tag-valtteri-bottas","tag-williams","tag-yuki-tsunoda","42wp_author-pedro-henrique-marum"],"_links":{"self":[{"href":"https:\/\/grandepremio.com\/br\/wp-json\/wp\/v2\/posts\/99967","targetHints":{"allow":["GET"]}}],"collection":[{"href":"https:\/\/grandepremio.com\/br\/wp-json\/wp\/v2\/posts"}],"about":[{"href":"https:\/\/grandepremio.com\/br\/wp-json\/wp\/v2\/types\/post"}],"replies":[{"embeddable":true,"href":"https:\/\/grandepremio.com\/br\/wp-json\/wp\/v2\/comments?post=99967"}],"version-history":[{"count":0,"href":"https:\/\/grandepremio.com\/br\/wp-json\/wp\/v2\/posts\/99967\/revisions"}],"wp:featuredmedia":[{"embeddable":true,"href":"https:\/\/grandepremio.com\/br\/wp-json\/wp\/v2\/media\/1000720978"}],"wp:attachment":[{"href":"https:\/\/grandepremio.com\/br\/wp-json\/wp\/v2\/media?parent=99967"}],"wp:term":[{"taxonomy":"category","embeddable":true,"href":"https:\/\/grandepremio.com\/br\/wp-json\/wp\/v2\/categories?post=99967"},{"taxonomy":"post_tag","embeddable":true,"href":"https:\/\/grandepremio.com\/br\/wp-json\/wp\/v2\/tags?post=99967"},{"taxonomy":"42wp_author","embeddable":true,"href":"https:\/\/grandepremio.com\/br\/wp-json\/wp\/v2\/42wp_author?post=99967"}],"curies":[{"name":"wp","href":"https:\/\/api.w.org\/{rel}","templated":true}]}}