{"id":99969,"date":"2023-08-25T11:33:26","date_gmt":"2023-08-25T14:33:26","guid":{"rendered":"https:\/\/grandepremio.com\/br\/noticias\/oscar-piastri-escorrega-espanca-muro-tl2-do-gp-holanda-daniel-ricciardo-bate-junto\/"},"modified":"2023-08-25T12:26:44","modified_gmt":"2023-08-25T15:26:44","slug":"oscar-piastri-escorrega-espanca-muro-tl2-do-gp-holanda-daniel-ricciardo-bate-junto","status":"publish","type":"post","link":"https:\/\/grandepremio.com\/br\/f1\/oscar-piastri-escorrega-espanca-muro-tl2-do-gp-holanda-daniel-ricciardo-bate-junto\/","title":{"rendered":"Piastri escorrega e espanca muro no TL2 do GP da Holanda. E Ricciardo bate junto"},"content":{"rendered":"\n<p class=\"wp-block-paragraph\">Um incidente bem estranho aconteceu aos 12 minutos do segundo treino livre para o <strong>GP da Holanda <\/strong>de <strong>F\u00f3rmula 1<\/strong>, nesta sexta-feira (25). <strong>Oscar Piastri<\/strong> perdeu a tomada e bateu com o carro da <strong>McLaren <\/strong>no muro da curva 3 do <strong>Circuito de Zandvoort<\/strong>. Vindo logo depois, <strong>Daniel Ricicardo<\/strong> encontrou o <strong>MCL60 <\/strong>bem no tra\u00e7ado geralmente feito pelos pilotos e, para n\u00e3o dar uma pancada no compatriota, jogou seu <strong>AlphaTauri <\/strong>tamb\u00e9m no softwall.<\/p>\n\n\n\n<p class=\"wp-block-paragraph\">&#8220;N\u00e3o consegui ver o McLaren&#8221;, falou Ricciardo pelo r\u00e1dio, que ainda se queixou de dores na m\u00e3o ap\u00f3s o acidente.<\/p>\n\n\n\n<p class=\"wp-block-paragraph\"><strong>\u25b6\ufe0f&nbsp;Inscreva-se nos dois canais do GRANDE PR\u00caMIO no YouTube:&nbsp;<a href=\"https:\/\/www.youtube.com\/channel\/UC9OlHEgxoaY6QY6nWPoiqQg?sub_confirmation=1\" target=\"_blank\" rel=\"noreferrer noopener\">GP<\/a>&nbsp;|&nbsp;<a href=\"https:\/\/www.youtube.com\/channel\/UC9csiS6q_C3C0FYhyr1rnFA?sub_confirmation=1\" target=\"_blank\" rel=\"noreferrer noopener\">GP2<\/a><\/strong><br><strong>\u25b6\ufe0f&nbsp;<a href=\"https:\/\/www.twitch.tv\/grandepremio\" target=\"_blank\" rel=\"noreferrer noopener\">Conhe\u00e7a o canal do GRANDE PR\u00caMIO na Twitch clicando aqui!<\/a><\/strong><\/p>\n\n\n\n<figure class=\"wp-block-video\"><video class=\"video-js vjs-big-play-centered\" data-gp-vjs=\"1\" controls src=\"https:\/\/www.grandepremio.com\/br\/wp-content\/uploads\/2023\/08\/2023_08_25_Piastri_Ricciardo.mp4\"><\/video><figcaption class=\"wp-element-caption\">O estranho acidente de Piastri e Ricciardo (V\u00eddeo: DAZN ES)<\/figcaption><\/figure>\n\n\n\n<p class=\"wp-block-paragraph\">No momento do acidente, Piastri era o quinto na classifica\u00e7\u00e3o geral do treino livre 2 e Riccardo o s\u00e9timo. <strong>Max Verstappen<\/strong> liderava a sess\u00e3o que retornou ap\u00f3s uma parada de 13 minutos.<\/p>\n\n\n\n<p class=\"wp-block-paragraph\">O&nbsp;<strong>GRANDE PR\u00caMIO<\/strong>&nbsp;acompanha&nbsp;<strong><a href=\"https:\/\/www.grandepremio.com\/br\/ao-vivo\/f1\">AO VIVO e EM&nbsp;<\/a><a href=\"https:\/\/www.grandepremio.com\/br\/ao-vivo\/\" target=\"_blank\" rel=\"noreferrer noopener\">TEMPO REAL<\/a><\/strong>&nbsp;todas as atividades do&nbsp;<strong>GP da Holanda<\/strong>, em&nbsp;<strong>Zandvoort<\/strong>, 13\u00aa etapa da temporada 2023. No s\u00e1bado e no domingo, classifica\u00e7\u00e3o e corrida tamb\u00e9m contam com&nbsp;<a href=\"https:\/\/formula1aovivo.com\/\" target=\"_blank\" rel=\"noreferrer noopener\">transmiss\u00e3o<\/a>&nbsp;em&nbsp;<strong><a href=\"https:\/\/www.youtube.com\/@GrandePremio1\/streams\" class=\"ek-link\">SEGUNDA TELA, NA GPTV, EM PARCERIA COM A VOZ DO ESPO<\/a><\/strong><a href=\"https:\/\/www.youtube.com\/@GrandePremio1\/streams\" class=\"ek-link\"><strong>RTE<\/strong>.<\/a><\/p>\n","protected":false},"excerpt":{"rendered":"<p>Em acidente estranho, Oscar Piastri perdeu o controle e bateu com o carro da McLaren na curva 4 de Zandvoort. Daniel Riccardo tamb\u00e9m acabou no muro para n\u00e3o acertar o compatriota<\/p>\n","protected":false},"author":0,"featured_media":1000721121,"comment_status":"closed","ping_status":"closed","sticky":false,"template":"","format":"standard","meta":{"42wp_featured_image_caption":"","42wp_featured_image_credits":"","42wp_featured_video":"","42wp_featured_image_hidden":false,"42wp_authors_list":[],"footnotes":""},"categories":[2],"tags":[524,211,147,1388,29115,29117,29126,36222,219,1491,30103,28285,90,2916,30336,3118,1389],"42wp_author":[47157],"class_list":["post-99969","post","type-post","status-publish","format-standard","has-post-thumbnail","hentry","category-f1","tag-alphatauri","tag-daniel-ricciardo","tag-f1","tag-gp-da-holanda","tag-gp-da-holanda-de-f1","tag-gp-da-holanda-de-formula-1","tag-gp-dos-paises-baixos","tag-gp-dos-paises-baixos-2023","tag-grande-prmio","tag-grande-premio","tag-grande-premio-f1","tag-grandepremio","tag-mclaren","tag-oscar-piastri","tag-piastri","tag-ricciardo","tag-zandvoort","42wp_author-jonas-souza"],"_links":{"self":[{"href":"https:\/\/grandepremio.com\/br\/wp-json\/wp\/v2\/posts\/99969","targetHints":{"allow":["GET"]}}],"collection":[{"href":"https:\/\/grandepremio.com\/br\/wp-json\/wp\/v2\/posts"}],"about":[{"href":"https:\/\/grandepremio.com\/br\/wp-json\/wp\/v2\/types\/post"}],"replies":[{"embeddable":true,"href":"https:\/\/grandepremio.com\/br\/wp-json\/wp\/v2\/comments?post=99969"}],"version-history":[{"count":0,"href":"https:\/\/grandepremio.com\/br\/wp-json\/wp\/v2\/posts\/99969\/revisions"}],"wp:featuredmedia":[{"embeddable":true,"href":"https:\/\/grandepremio.com\/br\/wp-json\/wp\/v2\/media\/1000721121"}],"wp:attachment":[{"href":"https:\/\/grandepremio.com\/br\/wp-json\/wp\/v2\/media?parent=99969"}],"wp:term":[{"taxonomy":"category","embeddable":true,"href":"https:\/\/grandepremio.com\/br\/wp-json\/wp\/v2\/categories?post=99969"},{"taxonomy":"post_tag","embeddable":true,"href":"https:\/\/grandepremio.com\/br\/wp-json\/wp\/v2\/tags?post=99969"},{"taxonomy":"42wp_author","embeddable":true,"href":"https:\/\/grandepremio.com\/br\/wp-json\/wp\/v2\/42wp_author?post=99969"}],"curies":[{"name":"wp","href":"https:\/\/api.w.org\/{rel}","templated":true}]}}