{"id":99975,"date":"2023-08-25T09:47:47","date_gmt":"2023-08-25T12:47:47","guid":{"rendered":"https:\/\/grandepremio.com\/br\/noticias\/haas-cre-seria-impossivel-entrar-grid-estrear-f1-atualmente\/"},"modified":"2023-08-25T09:47:55","modified_gmt":"2023-08-25T12:47:55","slug":"haas-cre-seria-impossivel-entrar-grid-estrear-f1-atualmente","status":"publish","type":"post","link":"https:\/\/grandepremio.com\/br\/f1\/haas-cre-seria-impossivel-entrar-grid-estrear-f1-atualmente\/","title":{"rendered":"Haas cr\u00ea que &#8220;seria imposs\u00edvel&#8221; entrar no grid se quisesse estrear na F1 atualmente"},"content":{"rendered":"\n<p class=\"wp-block-paragraph\">Em meio \u00e0 repulsa das equipes de aprovarem a presen\u00e7a<strong> Andretti<\/strong> <a href=\"https:\/\/www.grandepremio.com\/br\/f1\/noticias\/gm-embarca-projeto-indica-futuro-formula-1-andretti-ou-nada\/\" class=\"ek-link\">no grid<\/a> da <strong>F\u00f3rmula 1<\/strong> a partir de 2026, <strong>Guenther Steiner<\/strong>, chefe da <strong>Haas<\/strong>, afirmou que se quisesse estrear na principal categoria do esporte a motor atualmente, seria imposs\u00edvel fazer isso com uma estrutura pr\u00f3pria \u2014 como aconteceu em 2016. De acordo com o dirigente, as mudan\u00e7as que aconteceram na F1 inviabilizaram o come\u00e7o de um projeto do zero.<\/p>\n\n\n\n<p class=\"wp-block-paragraph\">A Haas viveu em 2016 um cen\u00e1rio parecido com o que a Andretti deseja protagonizar. Naquela temporada o time americano se tornou a 11\u00aa equipe da F1, quando iniciou um projeto totalmente novo. Contudo, Steiner reconheceu que, atualmente, \u00e9 quase imposs\u00edvel viabilizar um plano ambicioso como esse e sugeriu \u00e0 Andretti seguir um caminho similar ao da <strong>Audi<\/strong> e comprar a opera\u00e7\u00e3o de uma das equipes existentes.<\/p>\n\n\n\n<p class=\"wp-block-paragraph\"><strong>\u25b6\ufe0f\u00a0Inscreva-se nos dois canais do GRANDE PR\u00caMIO no YouTube:\u00a0<a href=\"https:\/\/www.youtube.com\/channel\/UC9OlHEgxoaY6QY6nWPoiqQg?sub_confirmation=1\" target=\"_blank\" rel=\"noreferrer noopener\">GP<\/a>\u00a0|\u00a0<a href=\"https:\/\/www.youtube.com\/channel\/UC9csiS6q_C3C0FYhyr1rnFA?sub_confirmation=1\" target=\"_blank\" rel=\"noreferrer noopener\">GP2<\/a><\/strong><br><strong>\u25b6\ufe0f\u00a0<a href=\"https:\/\/www.twitch.tv\/grandepremio\" target=\"_blank\" rel=\"noreferrer noopener\">Conhe\u00e7a o canal do GRANDE PR\u00caMIO na Twitch clicando aqui!<\/a><\/strong><\/p>\n\n\n\n<figure class=\"wp-block-image size-large\"><img decoding=\"async\" src=\"https:\/\/www.grandepremio.com\/br\/wp-content\/uploads\/2023\/08\/f1-2023-holanda-treinoslivres-haas-nicohulkenberg-01-1024x683.jpg\" alt=\"\" class=\"wp-image-720974\"\/><figcaption class=\"wp-element-caption\">A Haas afirmou que n\u00e3o entraria na F1 atualmente com um projeto do zero (Foto: Haas F1 Team)<\/figcaption><\/figure>\n\n\n\n<p class=\"wp-block-paragraph\">\u201cN\u00e3o seria poss\u00edvel [a Haas entrar na F1 atualmente]. O esporte mudou muito. Se optasse por come\u00e7ar com equipe pr\u00f3pria neste momento, n\u00e3o entraria. O <strong>Grupo Volkswagen<\/strong> \u00e9 muito forte. Correram muito tempo, venceram Le Mans n\u00e3o sei quantas vezes. Eles conhecem o esporte quando decidiram n\u00e3o formar uma nova equipe, decidiram comprar uma\u201d, afirmou o chefe da Haas.<\/p>\n\n\n\n<p class=\"wp-block-paragraph\">\u201c\u00c9 muito dif\u00edcil colocar isso [equipe pr\u00f3pria] em pr\u00e1tica. E isso tamb\u00e9m \u00e9 um risco. Se voc\u00ea aprovar uma 11\u00aa equipe e eles n\u00e3o conseguirem, o que isso faz com esse esporte? Porque sempre pensamos: &#8216;Ah, com certeza ser\u00e1 um sucesso.&#8217; Mas pode ser um fracasso tamb\u00e9m\u201d, finalizou.<\/p>\n\n\n\n<p class=\"wp-block-paragraph\">O\u00a0<strong>GRANDE PR\u00caMIO<\/strong>\u00a0acompanha\u00a0<strong><a href=\"https:\/\/www.grandepremio.com\/br\/ao-vivo\/f1\">AO VIVO e EM\u00a0<\/a><a href=\"https:\/\/www.grandepremio.com\/br\/ao-vivo\/\" target=\"_blank\" rel=\"noreferrer noopener\">TEMPO REAL<\/a><\/strong>\u00a0todas as atividades do\u00a0<strong>GP da Holanda<\/strong>, em\u00a0<strong>Zandvoort<\/strong>, 13\u00aa etapa da temporada 2023. No s\u00e1bado e no domingo, classifica\u00e7\u00e3o e corrida tamb\u00e9m contam com\u00a0<a href=\"https:\/\/formula1aovivo.com\/\" target=\"_blank\" rel=\"noreferrer noopener\">transmiss\u00e3o<\/a>\u00a0em\u00a0<strong><a href=\"https:\/\/www.youtube.com\/@GrandePremio1\/streams\">SEGUNDA TELA, NA GPTV, EM PARCERIA COM A VOZ DO ESPORTE<\/a><\/strong>. Logo mais, o TL2 est\u00e1 marcado para as 11h (de Bras\u00edlia, GMT-3).<\/p>\n","protected":false},"excerpt":{"rendered":"<p>Para Guenther Steiner, chefe da Haas, a F\u00f3rmula 1 mudou nos \u00faltimos anos a ponto de inviabilizar uma equipe a come\u00e7ar um projeto do zero na categoria<\/p>\n","protected":false},"author":0,"featured_media":1000667459,"comment_status":"closed","ping_status":"closed","sticky":false,"template":"","format":"standard","meta":{"42wp_featured_image_caption":"","42wp_featured_image_credits":"","42wp_featured_video":"","42wp_featured_image_hidden":false,"42wp_authors_list":[],"footnotes":""},"categories":[2],"tags":[147,177,219,28285,1490,119,14495,10908,25081,25214,35129,33467,7048],"42wp_author":[47149],"class_list":["post-99975","post","type-post","status-publish","format-standard","has-post-thumbnail","hentry","category-f1","tag-f1","tag-gene-haas","tag-grande-prmio","tag-grandepremio","tag-guenther-steiner","tag-haas","tag-haas-f1","tag-haas-f1-team","tag-horarios-da-f1-2","tag-horarios-da-formula-1-2","tag-onde-assistir-f1","tag-onde-assistir-f1-2023","tag-steiner","42wp_author-bernardo-castro"],"_links":{"self":[{"href":"https:\/\/grandepremio.com\/br\/wp-json\/wp\/v2\/posts\/99975","targetHints":{"allow":["GET"]}}],"collection":[{"href":"https:\/\/grandepremio.com\/br\/wp-json\/wp\/v2\/posts"}],"about":[{"href":"https:\/\/grandepremio.com\/br\/wp-json\/wp\/v2\/types\/post"}],"replies":[{"embeddable":true,"href":"https:\/\/grandepremio.com\/br\/wp-json\/wp\/v2\/comments?post=99975"}],"version-history":[{"count":0,"href":"https:\/\/grandepremio.com\/br\/wp-json\/wp\/v2\/posts\/99975\/revisions"}],"wp:featuredmedia":[{"embeddable":true,"href":"https:\/\/grandepremio.com\/br\/wp-json\/wp\/v2\/media\/1000667459"}],"wp:attachment":[{"href":"https:\/\/grandepremio.com\/br\/wp-json\/wp\/v2\/media?parent=99975"}],"wp:term":[{"taxonomy":"category","embeddable":true,"href":"https:\/\/grandepremio.com\/br\/wp-json\/wp\/v2\/categories?post=99975"},{"taxonomy":"post_tag","embeddable":true,"href":"https:\/\/grandepremio.com\/br\/wp-json\/wp\/v2\/tags?post=99975"},{"taxonomy":"42wp_author","embeddable":true,"href":"https:\/\/grandepremio.com\/br\/wp-json\/wp\/v2\/42wp_author?post=99975"}],"curies":[{"name":"wp","href":"https:\/\/api.w.org\/{rel}","templated":true}]}}