{"id":99976,"date":"2023-08-25T08:31:00","date_gmt":"2023-08-25T11:31:00","guid":{"rendered":"https:\/\/grandepremio.com\/br\/noticias\/max-verstappen-mostra-coisas-continuam-iguais-lidera-tl1-gp-da-holanda-formula-1\/"},"modified":"2023-08-25T12:33:52","modified_gmt":"2023-08-25T15:33:52","slug":"max-verstappen-mostra-coisas-continuam-iguais-lidera-tl1-gp-da-holanda-formula-1","status":"publish","type":"post","link":"https:\/\/grandepremio.com\/br\/f1\/max-verstappen-mostra-coisas-continuam-iguais-lidera-tl1-gp-da-holanda-formula-1\/","title":{"rendered":"Verstappen mostra que coisas continuam iguais e lidera TL1 do GP da Holanda de F1"},"content":{"rendered":"\n<p class=\"wp-block-paragraph\">Muito tempo sem carros na pista, pilotos de f\u00e9rias e equipes em busca de solu\u00e7\u00f5es. O recesso de meio de temporada da <strong>F\u00f3rmula 1<\/strong>, t\u00e3o tradicional, \u00e9 respiro necess\u00e1rio no meio de temporadas cheias de elementos e permite o elemento de mudan\u00e7as. Mas a ordem de for\u00e7as da F\u00f3rmula 1 2023 n\u00e3o contou com qualquer mudan\u00e7a, aparentemente. <strong>Max Verstappen<\/strong> fez o que anda fazendo desde o come\u00e7o do ano e terminou o primeiro treino livre do <strong>GP da Holanda<\/strong>, na manh\u00e3 desta sexta-feira (25), na lideran\u00e7a.<\/p>\n\n\n\n<p class=\"wp-block-paragraph\"><strong>\u25b6\ufe0f&nbsp;Inscreva-se nos dois canais do GRANDE PR\u00caMIO no YouTube:&nbsp;<a href=\"https:\/\/www.youtube.com\/channel\/UC9OlHEgxoaY6QY6nWPoiqQg?sub_confirmation=1\" target=\"_blank\" rel=\"noreferrer noopener\">GP<\/a>&nbsp;|&nbsp;<a href=\"https:\/\/www.youtube.com\/channel\/UC9csiS6q_C3C0FYhyr1rnFA?sub_confirmation=1\" target=\"_blank\" rel=\"noreferrer noopener\">GP2<\/a><\/strong><br><strong>\u25b6\ufe0f&nbsp;<a href=\"https:\/\/www.twitch.tv\/grandepremio\" target=\"_blank\" rel=\"noreferrer noopener\">Conhe\u00e7a o canal do GRANDE PR\u00caMIO na Twitch clicando aqui!<\/a><\/strong><\/p>\n\n\n\n<p class=\"wp-block-paragraph\">Verstappen j\u00e1 anunciou logo de cara que tinha boa vantagem para abrir os trabalhos em casa e fez seguidas voltas da ponta nos primeiros 20 minutos, quando ainda usava pneus duros. Como demorou a colocar macios, ficou um tanto para tr\u00e1s, mas era meramente circunstancial. A primeira volta de macios serviu para retomar a ponta, j\u00e1 nos dez minutos finais, e n\u00e3o correr mais riscos.<\/p>\n\n\n\n<p class=\"wp-block-paragraph\">A dist\u00e2ncia do 1min11s852 de Verstappen para <strong>Fernando Alonso<\/strong>, em segundo, foi de 0s278, enquanto <strong>Lewis Hamilton<\/strong> terminou 0s373 atr\u00e1s. <strong>Sergio P\u00e9rez<\/strong> ficou com a quarta coloca\u00e7\u00e3o, seguido por <strong>Alexander Albon, Lando Norris, Logan Sargeant, Oscar Piastri, Yuki Tsunoda e Esteban Ocon<\/strong>. <strong>George Russell<\/strong>, em 11\u00ba, ainda conseguiu terminar no mesmo segundo de Max.<\/p>\n\n\n\n<p class=\"wp-block-paragraph\">A \u00fanica bandeira vermelha da sess\u00e3o veio com pouco menos de 20 minutos para o fim, quando <strong>Nico H\u00fclkenberg<\/strong> perdeu o controle da <strong>Haas<\/strong> na tomada da curva 13, rodou <strong><a href=\"https:\/\/www.grandepremio.com\/br\/video\/f1\/nico-hulkenberg-escapa-traseira-roda-brita-bandeira-vermelha-tl1-f1-holanda\/\" class=\"ek-link\">e parou no muro<\/a><\/strong>. Nada muito impactante, mas acabou parado na brita e precisando da ajuda dos fiscais para tirar o carro.<\/p>\n\n\n\n<p class=\"wp-block-paragraph\">O <strong>GRANDE PR\u00caMIO<\/strong> acompanha <strong><a href=\"https:\/\/www.grandepremio.com\/br\/ao-vivo\/f1\">AO VIVO e EM&nbsp;TEMPO REAL<\/a><\/strong> todas as atividades do&nbsp;<strong>GP da Holanda<\/strong>, em&nbsp;<strong>Zandvoort<\/strong>, 13\u00aa etapa da temporada 2023. No s\u00e1bado e no domingo, classifica\u00e7\u00e3o e corrida tamb\u00e9m contam com transmiss\u00e3o em <strong><a href=\"https:\/\/www.youtube.com\/@GrandePremio1\/streams\" class=\"ek-link\">SEGUNDA TELA, NA GPTV, EM PARCERIA COM A VOZ DO ESPORTE<\/a><\/strong>. Logo mais, o TL2 est\u00e1 marcado para as 11h (de Bras\u00edlia, GMT-3).<\/p>\n\n\n\n<figure class=\"wp-block-image size-large\"><img decoding=\"async\" src=\"https:\/\/www.grandepremio.com\/br\/wp-content\/uploads\/2023\/08\/f1-2023-belgica-corrida-redbull-maxverstappen-02-1024x576.jpg\" alt=\"\" class=\"wp-image-720906\"\/><figcaption class=\"wp-element-caption\">Max Verstappen liderou o TL1 na Holanda (Foto: Reprodu\u00e7\u00e3o\/F1)<\/figcaption><\/figure>\n\n\n\n<p class=\"wp-block-paragraph\"><strong>Confira como foi o TL1:<\/strong><\/p>\n\n\n\n<p class=\"wp-block-paragraph\">Acabou o recesso, agora oficialmente! No hor\u00e1rio marcado para a F\u00f3rmula 1 retomar a pista ap\u00f3s a parada, 11h30 hor\u00e1rio local (7h30 de Bras\u00edlia, GMT-3), era de 20\u00b0C, com sensa\u00e7\u00e3o levemente acima disso, e asfalto chegando a 30\u00b0C. Se choveu bastante na quinta-feira em Zandvoort, ali\u00e1s, a previs\u00e3o do tempo apontava baixas chances de precipita\u00e7\u00e3o na sexta, ainda que o medo existisse para o restante do fim de semana.<\/p>\n\n\n\n<p class=\"wp-block-paragraph\">A F\u00f3rmula 1 voltou \u00e0 baila sem grandes novidades ap\u00f3s as f\u00e9rias. Nenhuma grande pol\u00eamica ou mudan\u00e7a foi anunciada no per\u00edodo, apesar das expectativas quanto \u00e0s an\u00e1lises da FIA quanto ao teto or\u00e7ament\u00e1rio do ano passado e a possibilidade de uma nova equipe no futuro. Nada de mudan\u00e7a anunciada para os pilotos, tamb\u00e9m, apenas com a Haas aproveitando o fim de semana para <strong><a href=\"https:\/\/www.grandepremio.com\/br\/f1\/noticias\/haas-opta-continuidade-mantem-nico-hulkenberg-kevin-magnusseen-formula-1-2024\/\" class=\"ek-link\">confirmar a renova\u00e7\u00e3o contratual<\/a><\/strong> de Nico H\u00fclkenberg e Kevin Magnussen para 2024.<\/p>\n\n\n\n<p class=\"wp-block-paragraph\">Na pista, por\u00e9m, havia uma diferen\u00e7a importante. A Ferrari cedia o carro para Robert Shwartzman, um de seus pilotos reservas, para o primeiro treino livre. Desta feita, Carlos Sainz iria \u00e0 pista somente mais tarde.<\/p>\n\n\n\n<p class=\"wp-block-paragraph\">Com as arquibancadas j\u00e1 tomadas pela cor laranja, a luz verde apareceu e permitiu a tomada da pista. Kevin Magnussen e Yuki Tsunoda foram ao tra\u00e7ado de sa\u00edda, com o dinamarqu\u00eas registrando a primeira volta cronometrada: 1min15s393.<\/p>\n\n\n\n<p class=\"wp-block-paragraph\">A escolha de pneus apontava para o uso de duros e m\u00e9dios nos primeiros movimentos. Bom destacar que a Pirelli escolheu a gama mais dura poss\u00edvel para o fim de semana, com pneus C1, C2 e C3 \u2014 os macios, que apareceriam mais tarde na atividade.<\/p>\n\n\n\n<p class=\"wp-block-paragraph\">Assim que foi para a pista, Max Verstappen j\u00e1 fez o poss\u00edvel para mostrar que nada mudara na ordem de for\u00e7as. Com pneus duros, logo tomou a primeira coloca\u00e7\u00e3o e come\u00e7ou a melhorar tempo volta ap\u00f3s volta. Ap\u00f3s 15 minutos, tinha 1min14s360. Tempo ainda alto, mas, pudera, a pista ainda estava sem borracha suficiente e os pneus macios seguiam guardados.<\/p>\n\n\n\n<figure class=\"wp-block-image size-large\"><img decoding=\"async\" src=\"https:\/\/www.grandepremio.com\/br\/wp-content\/uploads\/2023\/08\/f1-2023-belgica-corrida-ferrari-robertshwartzman-02-1024x684.jpg\" alt=\"\" class=\"wp-image-720897\"\/><figcaption class=\"wp-element-caption\">Robert Shwartzman participou do TL1 (Foto: Ferrari)<\/figcaption><\/figure>\n\n\n\n<p class=\"wp-block-paragraph\">Conforme Verstappen ia melhorando o tempo de pneus duros e chegando a 1min13s191, o restante do pelot\u00e3o tamb\u00e9m fazia os tempos descerem. Estavam distantes, por\u00e9m. Lewis Hamilton, igualmente de duros, virava o segundo tempo, enquanto, ao passar dos 20 primeiros minutos, Valtteri Bottas levava a Alfa Romeo ao terceiro posto de pneus m\u00e9dios. Sergio P\u00e9rez, outro de duros, era o quarto e \u00faltimo entre os que andavam em 1min13s. Mas 40 minutos ainda restavam no rel\u00f3gio.<\/p>\n\n\n\n<p class=\"wp-block-paragraph\">Um quinteto de pilotos ainda n\u00e3o anotara volta cronometrada a essa altura: Tsunoda, Lando Norris, Oscar Piastri, Guanyu Zhou e Lance Stroll. Apesar das pouqu\u00edssimas apari\u00e7\u00f5es da McLaren na pista, quem aparentava problemas era Stroll. O canadense n\u00e3o tinha sequer feito voltas de instala\u00e7\u00e3o, e isso ap\u00f3s ficar fora do aut\u00f3dromo na quinta-feira por conta de uma infec\u00e7\u00e3o. O pior foi que, quando finalmente entrou na pista, recebeu o aviso para voltar aos boxes. A\u00ed, confirma\u00e7\u00e3o do problema da Aston Martin.<\/p>\n\n\n\n<p class=\"wp-block-paragraph\">O primeiro piloto a colocar pneus macios foi Logan Sargeant, com uma Williams que j\u00e1 era razoavelmente veloz antes, e o americano voou. Ao anotar 1min12s814, tomou a lideran\u00e7a da atividade. E, na marca da metade do treino era quem liderava. Verstappen, Hamilton, George Russell, Bottas, P\u00e9rez, Daniel Ricciardo, Pierre Gasly, Alexander Albon e Esteban Ocon fechavam o top-10.<\/p>\n\n\n\n<p class=\"wp-block-paragraph\">Era \u00f3bvio, entretanto, que Sargeant n\u00e3o ficaria na lideran\u00e7a por muito tempo. Assim foi, porque P\u00e9rez trocou os pneus, colocou macios, e virou 1min12s439 para assumir a dianteira. Albon, na outra Williams, tamb\u00e9m superou Logan e foi ao terceiro lugar.<\/p>\n\n\n\n<p class=\"wp-block-paragraph\">Fora o trio, a equipe seguinte a colocar macios foi a Alpine. Gasly ficou no quarto lugar, mas Ocon nem sequer superou o tempo de Verstappen com duros. L\u00e1 no fim da fila, Shwartzman continuava com os pneus mais duros do fim de semana enquanto praticamente todo mundo j\u00e1 andara ao menos de m\u00e9dios. Estava na 18\u00aa coloca\u00e7\u00e3o. Mas 0s7 mais lento que Magnussen, que tamb\u00e9m tinha uma volta de duros como a melhor.<\/p>\n\n\n\n<p class=\"wp-block-paragraph\">A McLaren ainda sofria. Com pneus m\u00e9dios, Norris e Piastri tinham voltas quase iguaus e que eram boas somente para as posi\u00e7\u00f5es 14 e 15. Apesar do crescimento recente, a equipe inglesa chegou a Zandvoort sabendo que enfrentaria uma pista contr\u00e1ria as caracter\u00edsticas favor\u00e1veis de outros locais.<\/p>\n\n\n\n<p class=\"wp-block-paragraph\">Verstappen ainda estava na pista com os pneus duros em simula\u00e7\u00e3o de corrida e se incomodava. N\u00e3o com os pneus ou o fato de que havia sido tirado do primeiro lugar, mas com o tr\u00e1fego. Ao pegar dois carros pela frente em determinado ponto da pista, um mais lento e outro um tanto mais veloz, reagiu. &#8220;Eita, o qu\u00ea? Meu Deus&#8221;, falou.<\/p>\n\n\n\n<figure class=\"wp-block-video\"><video class=\"video-js vjs-big-play-centered\" data-gp-vjs=\"1\" controls src=\"https:\/\/www.grandepremio.com\/br\/wp-content\/uploads\/2023\/08\/Acidente-Hulkenberg-Holanda-TL1.mp4\"><\/video><figcaption class=\"wp-element-caption\">A escapada de Nico H\u00fclkenberg no TL1 em Zandvoort (V\u00eddeo: Reprodu\u00e7\u00e3o\/F1 TV)<\/figcaption><\/figure>\n\n\n\n<p class=\"wp-block-paragraph\">Em seguida, com pouco menos de 20 minutos pela frente, a primeira bandeira vermelha. H\u00fclkenberg entrou r\u00e1pido demais na curva 13, perdeu a traseira e rodou em dire\u00e7\u00e3o \u00e0 brita. Por fim, o carro da Haas foi parar na dire\u00e7\u00e3o contr\u00e1ria \u00e0quela em que deveria estar e com a roda dianteira direita no muro. A interrup\u00e7\u00e3o foi para tirar o carro de l\u00e1 e durou cerca de seis minutos.<\/p>\n\n\n\n<p class=\"wp-block-paragraph\">J\u00e1 que a atividade foi retomada com cerca de dez minutos pela frente, n\u00e3o havia tempo a perder. Bastante gente surgiu na pista de pneus macios e, rapidamente, Verstappen recuperou a realidade dos fatos e anotou 1min11s852 para assumir a primeira coloca\u00e7\u00e3o novamente. Fernando Alonso, sumido at\u00e9 ent\u00e3o, e Hamilton apareceram em segundo e terceiro.<\/p>\n\n\n\n<p class=\"wp-block-paragraph\"><strong>F1 2023, GP da Holanda, Zandvoort, TL1:<\/strong><\/p>\n\n\n\n<figure class=\"wp-block-table\"><table><tbody><tr><td>1<\/td><td>M VERSTAPPEN<\/td><td>Red Bull Honda<\/td><td>1:11.852<\/td><td>&nbsp;<\/td><td>31<\/td><\/tr><tr><td>2<\/td><td>F ALONSO<\/td><td>Aston Martin Mercedes<\/td><td>1:12.130<\/td><td>+0.278<\/td><td>22<\/td><\/tr><tr><td>3<\/td><td>L HAMILTON<\/td><td>Mercedes<\/td><td>1:12.225<\/td><td>+0.373<\/td><td>24<\/td><\/tr><tr><td>4<\/td><td>S P\u00c9REZ<\/td><td>Red Bull Honda<\/td><td>1:12.323<\/td><td>+0.471<\/td><td>27<\/td><\/tr><tr><td>5<\/td><td>A ALBON<\/td><td>Williams Mercedes<\/td><td>1:12.447<\/td><td>+0.595<\/td><td>25<\/td><\/tr><tr><td>6<\/td><td>L NORRIS<\/td><td>McLaren Mercedes<\/td><td>1:12.460<\/td><td>+0.608<\/td><td>22<\/td><\/tr><tr><td>7<\/td><td>L SARGEANT<\/td><td>Williams Mercedes<\/td><td>1:12.617<\/td><td>+0.765<\/td><td>30<\/td><\/tr><tr><td>8<\/td><td>O PIASTRI<\/td><td>McLaren Mercedes<\/td><td>1:12.658<\/td><td>+0.806<\/td><td>21<\/td><\/tr><tr><td>9<\/td><td>Y TSUNODA<\/td><td>AlphaTauri Honda<\/td><td>1:12.749<\/td><td>+0.897<\/td><td>21<\/td><\/tr><tr><td>10<\/td><td>E OCON<\/td><td>Alpine<\/td><td>1:12.802<\/td><td>+0.950<\/td><td>29<\/td><\/tr><tr><td>11<\/td><td>G RUSSELL<\/td><td>Mercedes<\/td><td>1:12.813<\/td><td>+0.961<\/td><td>23<\/td><\/tr><tr><td>12<\/td><td>P GASLY<\/td><td>Alpine<\/td><td>1:12.895<\/td><td>+1.043<\/td><td>30<\/td><\/tr><tr><td>13<\/td><td>D RICCIARDO<\/td><td>AlphaTauri Honda<\/td><td>1:12.990<\/td><td>+1.138<\/td><td>26<\/td><\/tr><tr><td>14<\/td><td>K MAGNUSSEN<\/td><td>Haas Ferrari<\/td><td>1:13.322<\/td><td>+1.470<\/td><td>30<\/td><\/tr><tr><td>15<\/td><td>V BOTTAS<\/td><td>Alfa Romeo Ferrari<\/td><td>1:13.448<\/td><td>+1.596<\/td><td>30<\/td><\/tr><tr><td>16<\/td><td>C LECLERC<\/td><td>Ferrari<\/td><td>1:13.519<\/td><td>+1.667<\/td><td>26<\/td><\/tr><tr><td>17<\/td><td>G ZHOU<\/td><td>Alfa Romeo Ferrari<\/td><td>1:13.826<\/td><td>+1.974<\/td><td>20<\/td><\/tr><tr><td>18<\/td><td>N H\u00dcLKENBERG<\/td><td>Haas Ferrari<\/td><td>1:14.023<\/td><td>+2.171<\/td><td>13<\/td><\/tr><tr><td>19<\/td><td>R SHWARTZMAN<\/td><td>Ferrari<\/td><td>1:14.803<\/td><td>+2.951<\/td><td>25<\/td><\/tr><tr><td>20<\/td><td>L STROLL<\/td><td>Aston Martin Mercedes<\/td><td>&nbsp;<\/td><td><\/td><td>2<\/td><\/tr><\/tbody><\/table><\/figure>\n\n\n\n<figure class=\"wp-block-embed is-type-video is-provider-youtube wp-block-embed-youtube wp-embed-aspect-16-9 wp-has-aspect-ratio\"><div class=\"wp-block-embed__wrapper\">\n<iframe loading=\"lazy\" title=\"Verstappen na MIRA DA POL\u00cdCIA e BAIXO N\u00cdVEL da F1 2023 | TT GP #110\" width=\"500\" height=\"281\" src=\"https:\/\/www.youtube.com\/embed\/WK0Hz9Avm_g?feature=oembed\" frameborder=\"0\" allow=\"accelerometer; autoplay; clipboard-write; encrypted-media; gyroscope; picture-in-picture; web-share\" referrerpolicy=\"strict-origin-when-cross-origin\" allowfullscreen><\/iframe>\n<\/div><figcaption class=\"wp-element-caption\">Verstappen na MIRA DA POL\u00cdCIA e BAIXO N\u00cdVEL da F1 2023 | TT GP&nbsp;<a href=\"https:\/\/www.youtube.com\/hashtag\/110\">#110<\/a><\/figcaption><\/figure>\n","protected":false},"excerpt":{"rendered":"<p>A primeira atividade de pista da F\u00f3rmula 1 ap\u00f3s quase um m\u00eas de recesso mostrou o resultado padr\u00e3o da temporada: lideran\u00e7a de Max Verstappen. Foi assim que terminou o TL1 em Zandvoort<\/p>\n","protected":false},"author":0,"featured_media":1000720988,"comment_status":"closed","ping_status":"closed","sticky":false,"template":"","format":"standard","meta":{"42wp_featured_image_caption":"","42wp_featured_image_credits":"","42wp_featured_video":"","42wp_featured_image_hidden":false,"42wp_authors_list":[],"footnotes":""},"categories":[2],"tags":[1417,457,524,20491,309,546,209,211,302,6533,642,29116,1387,36204,176,207,30722,800,1388,36203,1491,26123,30103,28285,3746,119,117,485,547,87,25553,203,90,82,1521,35129,36205,2916,676,204,1869,3132,612,215,597],"42wp_author":[47120],"class_list":["post-99976","post","type-post","status-publish","format-standard","has-post-thumbnail","hentry","category-f1","tag-alex-albon","tag-alfa-romeo","tag-alphatauri","tag-alpine","tag-aston-martin","tag-carlos-sainz","tag-charles-leclerc","tag-daniel-ricciardo","tag-esteban-ocon","tag-f1-2023","tag-f1-ao-vivo","tag-f1-grande-premio","tag-f1-holanda","tag-f1-zandvoort","tag-fernando-alonso","tag-ferrari","tag-formula-1-2023","tag-george-russell","tag-gp-da-holanda","tag-gp-em-zandvoort","tag-grande-premio","tag-grande-premio-ao-vivo","tag-grande-premio-f1","tag-grandepremio","tag-guanyu-zhou","tag-haas","tag-kevin-magnussen","tag-lance-stroll","tag-lando-norris","tag-lewis-hamilton","tag-logan-sargeant","tag-max-verstappen","tag-mclaren","tag-mercedes","tag-nico-hulkenberg","tag-onde-assistir-f1","tag-onde-assistir-gp-da-holanda","tag-oscar-piastri","tag-pierre-gasly","tag-red-bull","tag-robert-shwartzman","tag-sergio-perez","tag-valtteri-bottas","tag-williams","tag-yuki-tsunoda","42wp_author-pedro-henrique-marum"],"_links":{"self":[{"href":"https:\/\/grandepremio.com\/br\/wp-json\/wp\/v2\/posts\/99976","targetHints":{"allow":["GET"]}}],"collection":[{"href":"https:\/\/grandepremio.com\/br\/wp-json\/wp\/v2\/posts"}],"about":[{"href":"https:\/\/grandepremio.com\/br\/wp-json\/wp\/v2\/types\/post"}],"replies":[{"embeddable":true,"href":"https:\/\/grandepremio.com\/br\/wp-json\/wp\/v2\/comments?post=99976"}],"version-history":[{"count":0,"href":"https:\/\/grandepremio.com\/br\/wp-json\/wp\/v2\/posts\/99976\/revisions"}],"wp:featuredmedia":[{"embeddable":true,"href":"https:\/\/grandepremio.com\/br\/wp-json\/wp\/v2\/media\/1000720988"}],"wp:attachment":[{"href":"https:\/\/grandepremio.com\/br\/wp-json\/wp\/v2\/media?parent=99976"}],"wp:term":[{"taxonomy":"category","embeddable":true,"href":"https:\/\/grandepremio.com\/br\/wp-json\/wp\/v2\/categories?post=99976"},{"taxonomy":"post_tag","embeddable":true,"href":"https:\/\/grandepremio.com\/br\/wp-json\/wp\/v2\/tags?post=99976"},{"taxonomy":"42wp_author","embeddable":true,"href":"https:\/\/grandepremio.com\/br\/wp-json\/wp\/v2\/42wp_author?post=99976"}],"curies":[{"name":"wp","href":"https:\/\/api.w.org\/{rel}","templated":true}]}}