{"id":99979,"date":"2023-08-25T07:12:45","date_gmt":"2023-08-25T10:12:45","guid":{"rendered":"https:\/\/grandepremio.com\/br\/noticias\/formula-1-comeca-fim-semana-holanda-pouca-ameaca-chuva-zandvoort\/"},"modified":"2023-08-25T12:34:17","modified_gmt":"2023-08-25T15:34:17","slug":"formula-1-comeca-fim-semana-holanda-pouca-ameaca-chuva-zandvoort","status":"publish","type":"post","link":"https:\/\/grandepremio.com\/br\/f1\/formula-1-comeca-fim-semana-holanda-pouca-ameaca-chuva-zandvoort\/","title":{"rendered":"F\u00f3rmula 1 come\u00e7a fim de semana na Holanda com pouca amea\u00e7a de chuva em Zandvoort"},"content":{"rendered":"\n<p class=\"wp-block-paragraph\">Ap\u00f3s quase um m\u00eas de f\u00e9rias, a <strong>F\u00f3rmula 1<\/strong> volta a carga para a temporada 2023 no <strong>GP da Holanda<\/strong>, em <strong>Zandvoort<\/strong>, a partir desta sexta-feira (25). Apesar de todo o medo com rela\u00e7\u00e3o \u00e0 chuva, a situa\u00e7\u00e3o local n\u00e3o \u00e9 de tamanha amea\u00e7a assim no primeiro dia de atividades de pista.<\/p>\n\n\n\n<p class=\"wp-block-paragraph\">As informa\u00e7\u00f5es s\u00e3o do servi\u00e7o de meteorologia Accuweather. Segundo o ve\u00edculo, a expectativa para o primeiro treino livre, marcado para as 7h30 (de Bras\u00edlia, GMT-3), \u00e9 de 16% de chances de chuva.<\/p>\n\n\n\n<p class=\"wp-block-paragraph\"><strong>\u25b6\ufe0f\u00a0Inscreva-se nos dois canais do GRANDE PR\u00caMIO no YouTube:\u00a0<a href=\"https:\/\/www.youtube.com\/channel\/UC9OlHEgxoaY6QY6nWPoiqQg?sub_confirmation=1\" target=\"_blank\" rel=\"noreferrer noopener\">GP<\/a>\u00a0|\u00a0<a href=\"https:\/\/www.youtube.com\/channel\/UC9csiS6q_C3C0FYhyr1rnFA?sub_confirmation=1\" target=\"_blank\" rel=\"noreferrer noopener\">GP2<\/a><\/strong><br><strong>\u25b6\ufe0f\u00a0<a href=\"https:\/\/www.twitch.tv\/grandepremio\" target=\"_blank\" rel=\"noreferrer noopener\">Conhe\u00e7a o canal do GRANDE PR\u00caMIO na Twitch clicando aqui!<\/a><\/strong><\/p>\n\n\n\n<figure class=\"wp-block-image size-large\"><img decoding=\"async\" src=\"https:\/\/www.grandepremio.com\/br\/wp-content\/uploads\/2023\/08\/GPF2-2-1024x576.jpeg\" alt=\"\" class=\"wp-image-720878\"\/><figcaption class=\"wp-element-caption\">A sexta-feira do GP da Holanda de F\u00f3rmula 1 em Zandvoort (Foto: Haas)<\/figcaption><\/figure>\n\n\n\n<p class=\"wp-block-paragraph\">Al\u00e9m disso, a temperatura fica em 20\u00b0C e sensa\u00e7\u00e3o de 22\u00b0C. A umidade chega at\u00e9 a 84%, ao passo que os ventos ficam em m\u00e9dia de 13 km\/h e rajadas de at\u00e9 21 km\/h. Mas ser\u00e1 uma sess\u00e3o bem bublada, com 95% do c\u00e9u coberto.<\/p>\n\n\n\n<p class=\"wp-block-paragraph\">J\u00e1 o segundo treino, marcado para as 16h locais \u2014 11h de Bras\u00edlia \u2014, tem situa\u00e7\u00e3o um tanto diferente quanto ao c\u00e9u. A cobertura ser\u00e1 de apenas 38%, portanto o sol tende a aparecer, enquanto a chance de chuva ser\u00e1 de apenas 5%.<\/p>\n\n\n\n<p class=\"wp-block-paragraph\">A temperatura esperada, entretanto, \u00e9 a mesma: 20\u00b0C, com sensa\u00e7\u00e3o de 19\u00b0C. Os ventos chegam a rajadas de 31 km\/h, apesar da m\u00e9dia ser de 23 km\/h, e umidade de 77%.<\/p>\n\n\n\n<p class=\"wp-block-paragraph\">A\u00a0<strong><a href=\"https:\/\/www.grandepremio.com\/br\/f1\/\"><\/a><a href=\"https:\/\/www.grandepremio.com\/formula-1\/\" target=\"_blank\" rel=\"noreferrer noopener\">F\u00f3rmula 1<\/a><\/strong>\u00a0retorna das f\u00e9rias nesta semana, entre os dias 25 e 27, com o\u00a0<strong>GP da Holanda<\/strong>, em\u00a0<strong>Zandvoort<\/strong>, 13\u00aa etapa da temporada 2023. E o\u00a0<strong>GRANDE PR\u00caMIO<\/strong>\u00a0acompanha tudo\u00a0<strong><a href=\"https:\/\/www.grandepremio.com\/br\/ao-vivo\/f1\">AO VIVO e EM\u00a0<\/a><a href=\"https:\/\/www.grandepremio.com\/br\/ao-vivo\/\" target=\"_blank\" rel=\"noreferrer noopener\">TEMPO REAL<\/a><\/strong>.<\/p>\n\n\n\n<figure class=\"wp-block-embed is-type-video is-provider-youtube wp-block-embed-youtube wp-embed-aspect-16-9 wp-has-aspect-ratio\"><div class=\"wp-block-embed__wrapper\">\n<iframe loading=\"lazy\" title=\"BOMBA! Stroll vai SE APOSENTAR da F1 para jogar T\u00caNIS?\" width=\"500\" height=\"281\" src=\"https:\/\/www.youtube.com\/embed\/gGHRqJiHdRA?feature=oembed\" frameborder=\"0\" allow=\"accelerometer; autoplay; clipboard-write; encrypted-media; gyroscope; picture-in-picture; web-share\" referrerpolicy=\"strict-origin-when-cross-origin\" allowfullscreen><\/iframe>\n<\/div><figcaption class=\"wp-element-caption\">BOMBA! Stroll vai SE APOSENTAR da F1 para jogar T\u00caNIS?<\/figcaption><\/figure>\n","protected":false},"excerpt":{"rendered":"<p>Expectativa para a chuva no fim de semana \u00e9 grande, mas sexta-feira de treinos livres n\u00e3o oferece possibilidade t\u00e3o grande assim na F\u00f3rmula 1<\/p>\n","protected":false},"author":0,"featured_media":1000720879,"comment_status":"closed","ping_status":"closed","sticky":false,"template":"","format":"standard","meta":{"42wp_featured_image_caption":"","42wp_featured_image_credits":"","42wp_featured_video":"","42wp_featured_image_hidden":false,"42wp_authors_list":[],"footnotes":""},"categories":[2],"tags":[1134,2032,6533,642,29116,1387,36204,30722,1388,36203,1491,26123,30103,28285,35129,36205,2033],"42wp_author":[47120],"class_list":["post-99979","post","type-post","status-publish","format-standard","has-post-thumbnail","hentry","category-f1","tag-chuva","tag-clima","tag-f1-2023","tag-f1-ao-vivo","tag-f1-grande-premio","tag-f1-holanda","tag-f1-zandvoort","tag-formula-1-2023","tag-gp-da-holanda","tag-gp-em-zandvoort","tag-grande-premio","tag-grande-premio-ao-vivo","tag-grande-premio-f1","tag-grandepremio","tag-onde-assistir-f1","tag-onde-assistir-gp-da-holanda","tag-temperatura","42wp_author-pedro-henrique-marum"],"_links":{"self":[{"href":"https:\/\/grandepremio.com\/br\/wp-json\/wp\/v2\/posts\/99979","targetHints":{"allow":["GET"]}}],"collection":[{"href":"https:\/\/grandepremio.com\/br\/wp-json\/wp\/v2\/posts"}],"about":[{"href":"https:\/\/grandepremio.com\/br\/wp-json\/wp\/v2\/types\/post"}],"replies":[{"embeddable":true,"href":"https:\/\/grandepremio.com\/br\/wp-json\/wp\/v2\/comments?post=99979"}],"version-history":[{"count":0,"href":"https:\/\/grandepremio.com\/br\/wp-json\/wp\/v2\/posts\/99979\/revisions"}],"wp:featuredmedia":[{"embeddable":true,"href":"https:\/\/grandepremio.com\/br\/wp-json\/wp\/v2\/media\/1000720879"}],"wp:attachment":[{"href":"https:\/\/grandepremio.com\/br\/wp-json\/wp\/v2\/media?parent=99979"}],"wp:term":[{"taxonomy":"category","embeddable":true,"href":"https:\/\/grandepremio.com\/br\/wp-json\/wp\/v2\/categories?post=99979"},{"taxonomy":"post_tag","embeddable":true,"href":"https:\/\/grandepremio.com\/br\/wp-json\/wp\/v2\/tags?post=99979"},{"taxonomy":"42wp_author","embeddable":true,"href":"https:\/\/grandepremio.com\/br\/wp-json\/wp\/v2\/42wp_author?post=99979"}],"curies":[{"name":"wp","href":"https:\/\/api.w.org\/{rel}","templated":true}]}}