{"id":1371,"date":"2026-08-29T11:16:55","date_gmt":"2026-08-29T14:16:55","guid":{"rendered":"https:\/\/grandepremio.com\/en\/?p=1371"},"modified":"2026-08-29T11:16:56","modified_gmt":"2026-08-29T14:16:56","slug":"marc-marquez-explains-sprint-aggressiveness-in-aragon-the-chance-was-into-the-first-corner","status":"publish","type":"post","link":"https:\/\/grandepremio.com\/en\/motogp\/marc-marquez-explains-sprint-aggressiveness-in-aragon-the-chance-was-into-the-first-corner\/","title":{"rendered":"Marc M\u00e1rquez explains Sprint aggressiveness in Aragon: &#8220;The chance was into the first corner&#8221;"},"content":{"rendered":"\n<h3 class=\"wp-block-heading\">Key takeaways<\/h3>\n\n\n\n<ul class=\"wp-block-list\">\n<li><strong>Strategic launch:<\/strong> <strong>Marc M\u00e1rquez targeted Turn 1 immediately<\/strong>, knowing Marco Bezzecchi\u2019s soft tyres could allow the Italian to escape if left in clean air.<\/li>\n\n\n\n<li><strong>Sunday preview:<\/strong> <strong>M\u00e1rquez expects a similar tactical battle in the main race<\/strong>, emphasizing the importance of another strong start.<\/li>\n\n\n\n<li><strong>Ducati pace management:<\/strong> <strong>Despite leading every lap, M\u00e1rquez noted tight gaps<\/strong>, highlighting \u00c1lex M\u00e1rquez\u2019s impressive rhythm as a benchmark for Sunday.<\/li>\n<\/ul>\n\n\n\n<p class=\"wp-block-paragraph\"><strong>Marc M\u00e1rquez<\/strong> revealed that his immediate attack on <strong>Marco Bezzecchi<\/strong> at the start of Saturday&#8217;s <strong>Aragon GP Sprint<\/strong> was a calculated strategic move driven by tyre choices.<\/p>\n\n\n\n<p class=\"wp-block-paragraph\">Starting 2nd on the grid, the factory <strong>Ducati<\/strong> rider made an aggressive dive down the inside of Turn 1 to snatch the lead away from pole-sitter Bezzecchi. M\u00e1rquez explained that spotting Bezzecchi\u2019s choice of soft tyres left him with no alternative but to strike early before the Aprilia could build a breakaway margin.<\/p>\n\n\n\n<figure class=\"wp-block-image size-large\"><img loading=\"lazy\" decoding=\"async\" width=\"1024\" height=\"708\" src=\"https:\/\/grandepremio.com\/br\/wp-content\/uploads\/2026\/08\/AFP__20260829__C6T64HG__v1__MidRes__MotoPrixEspQualifying-1024x708.jpg\" alt=\"\" class=\"wp-image-1020313242\" srcset=\"https:\/\/grandepremio.com\/wp-content\/uploads\/2026\/08\/AFP__20260829__C6T64HG__v1__MidRes__MotoPrixEspQualifying-1024x708.jpg 1024w, https:\/\/grandepremio.com\/wp-content\/uploads\/2026\/08\/AFP__20260829__C6T64HG__v1__MidRes__MotoPrixEspQualifying-300x208.jpg 300w, https:\/\/grandepremio.com\/wp-content\/uploads\/2026\/08\/AFP__20260829__C6T64HG__v1__MidRes__MotoPrixEspQualifying-768x531.jpg 768w, https:\/\/grandepremio.com\/wp-content\/uploads\/2026\/08\/AFP__20260829__C6T64HG__v1__MidRes__MotoPrixEspQualifying-150x104.jpg 150w, https:\/\/grandepremio.com\/wp-content\/uploads\/2026\/08\/AFP__20260829__C6T64HG__v1__MidRes__MotoPrixEspQualifying.jpg 1200w\" sizes=\"(max-width: 1024px) 100vw, 1024px\" \/><figcaption class=\"wp-element-caption\">Marc M\u00e1rquez celebrated his Sprint victory alongside brother \u00c1lex M\u00e1rquez (Photo: AFP)<\/figcaption><\/figure>\n\n\n\n<p class=\"wp-block-paragraph\">&#8220;<strong>I knew Marco [Bezzecchi] was on the soft tyre, so the chance to win this race was into the first corner. Tomorrow will be more or less the same,<\/strong>&#8221; M\u00e1rquez stated following his lights-to-flag victory.<\/p>\n\n\n\n<p class=\"wp-block-paragraph\">Despite controlling the 11-lap distance, M\u00e1rquez maintained a cautious tone ahead of Sunday&#8217;s main race. The Spaniard acknowledged that both his brother <strong>\u00c1lex M\u00e1rquez<\/strong> (2nd) and Bezzecchi (3rd) possessed strong race pace, making a repeat performance far from guaranteed.<\/p>\n\n\n\n<p class=\"wp-block-paragraph\">&#8220;<strong>I had a good start and that helped a lot. I was keeping a good rhythm, but I noticed that the others were also very fast, especially \u00c1lex. We\u2019ll see if we can improve tomorrow\u2014we&#8217;ll need a little bit to maintain today&#8217;s consistency,<\/strong>&#8221; M\u00e1rquez concluded.<\/p>\n\n\n\n<p class=\"wp-block-paragraph\">The Sprint victory continues a busy weekend at MotorLand Arag\u00f3n, following <a target=\"_blank\" rel=\"noopener\" href=\"https:\/\/www.google.com\/search?q=https:\/\/grandepremio.com\/en\/motogp\/marc-marquez-attacks-bezzecchi-at-start-and-dominant-sprint-win-in-aragon\/&amp;authuser=3\">Marc M\u00e1rquez winning the Aragon Sprint over \u00c1lex M\u00e1rquez and Bezzecchi<\/a>, <a target=\"_blank\" rel=\"noopener\" href=\"https:\/\/www.google.com\/search?q=https:\/\/grandepremio.com\/en\/motogp\/bezzecchi-defeats-marc-marquez-to-secure-pole-position-for-aragon-gp-with-record-lap\/&amp;authuser=3\">Bezzecchi capturing pole position with an all-time track record<\/a>, and <a target=\"_blank\" rel=\"noopener\" href=\"https:\/\/grandepremio.com\/en\/motogp\/pirelli-mirrors-f1-and-introduces-color-coded-tires-for-motogp-testing-in-aragon\/\">Pirelli introducing color-coded test tires for its 2027 arrival<\/a>.<\/p>\n\n\n\n<p class=\"wp-block-paragraph\">Action at MotorLand Arag\u00f3n wraps up on <strong>Sunday, August 30<\/strong> with the main Grand Prix race. <strong><a target=\"_blank\" rel=\"noopener\" href=\"https:\/\/grandepremio.com\/en\/\">GRANDE PR\u00caMIO<\/a><\/strong> provides complete live coverage of every session across all categories. Follow all updates on our <a target=\"_blank\" rel=\"noopener\" href=\"https:\/\/grandepremio.com\/en\/news\/\">news page<\/a>.<\/p>\n\n\n\n<h3 class=\"wp-block-heading\">World Championship Standings (Top 5 after Aragon Sprint)<\/h3>\n\n\n\n<figure class=\"wp-block-table\"><table class=\"has-fixed-layout\"><thead><tr><th>Pos<\/th><th>Driver<\/th><th>Team<\/th><th>Bike<\/th><th>Points<\/th><\/tr><\/thead><tbody><tr><td><strong>1<\/strong><\/td><td><strong>Jorge Mart\u00edn<\/strong><\/td><td>Aprilia Racing<\/td><td>Aprilia<\/td><td><strong>245<\/strong><\/td><\/tr><tr><td><strong>2<\/strong><\/td><td><strong>Marco Bezzecchi<\/strong><\/td><td>Aprilia Racing<\/td><td>Aprilia<\/td><td><strong>226<\/strong><\/td><\/tr><tr><td><strong>3<\/strong><\/td><td><strong>Marc M\u00e1rquez<\/strong><\/td><td>Ducati Lenovo Team<\/td><td>Ducati<\/td><td><strong>204<\/strong><\/td><\/tr><tr><td><strong>4<\/strong><\/td><td><strong>Francesco Bagnaia<\/strong><\/td><td>Ducati Lenovo Team<\/td><td>Ducati<\/td><td><strong>218<\/strong><\/td><\/tr><tr><td><strong>5<\/strong><\/td><td><strong>Ai Ogura<\/strong><\/td><td>Trackhouse Racing<\/td><td>Aprilia<\/td><td><strong>203<\/strong><\/td><\/tr><\/tbody><\/table><\/figure>\n\n\n\n<h3 class=\"wp-block-heading\">Frequently asked questions (FAQ)<\/h3>\n\n\n\n<p class=\"wp-block-paragraph\"><strong>1. Why was Marc M\u00e1rquez so aggressive at Turn 1 in the Aragon Sprint?<\/strong><\/p>\n\n\n\n<p class=\"wp-block-paragraph\">M\u00e1rquez attacked immediately at Turn 1 because pole-sitter Marco Bezzecchi was using soft tyres, which could have allowed the Aprilia driver to pull away in clean air.<\/p>\n\n\n\n<p class=\"wp-block-paragraph\"><strong>2. Where did Marc M\u00e1rquez finish in the Aragon GP Sprint?<\/strong><\/p>\n\n\n\n<p class=\"wp-block-paragraph\">Marc M\u00e1rquez won the Sprint race, leading all 11 laps ahead of \u00c1lex M\u00e1rquez and Marco Bezzecchi.<\/p>\n\n\n\n<p class=\"wp-block-paragraph\"><strong>3. When is the main race for the 2026 MotoGP Aragon Grand Prix?<\/strong><\/p>\n\n\n\n<p class=\"wp-block-paragraph\">The main Grand Prix race takes place on <strong>Sunday, August 30, 2026<\/strong> at MotorLand Arag\u00f3n.<\/p>\n","protected":false},"excerpt":{"rendered":"<p>Marc M\u00e1rquez pinpointed Marco Bezzecchi\u2019s soft-tyre choice as the trigger for his aggressive Turn 1 pass to secure Sprint victory.<\/p>\n","protected":false},"author":2,"featured_media":1020313245,"comment_status":"closed","ping_status":"closed","sticky":false,"template":"","format":"standard","meta":{"42wp_featured_image_caption":"Marc M\u00e1rquez","42wp_featured_image_credits":"AFP","42wp_featured_video":"","42wp_featured_image_hidden":false,"42wp_authors_list":[],"footnotes":""},"categories":[38],"tags":[295,104],"42wp_author":[59],"class_list":["post-1371","post","type-post","status-publish","format-standard","has-post-thumbnail","hentry","category-motogp","tag-aragon-gp","tag-marc-marquez","42wp_author-fabricio-carvalho"],"_links":{"self":[{"href":"https:\/\/grandepremio.com\/en\/wp-json\/wp\/v2\/posts\/1371","targetHints":{"allow":["GET"]}}],"collection":[{"href":"https:\/\/grandepremio.com\/en\/wp-json\/wp\/v2\/posts"}],"about":[{"href":"https:\/\/grandepremio.com\/en\/wp-json\/wp\/v2\/types\/post"}],"author":[{"embeddable":true,"href":"https:\/\/grandepremio.com\/en\/wp-json\/wp\/v2\/users\/2"}],"replies":[{"embeddable":true,"href":"https:\/\/grandepremio.com\/en\/wp-json\/wp\/v2\/comments?post=1371"}],"version-history":[{"count":1,"href":"https:\/\/grandepremio.com\/en\/wp-json\/wp\/v2\/posts\/1371\/revisions"}],"predecessor-version":[{"id":1372,"href":"https:\/\/grandepremio.com\/en\/wp-json\/wp\/v2\/posts\/1371\/revisions\/1372"}],"wp:featuredmedia":[{"embeddable":true,"href":"https:\/\/grandepremio.com\/en\/wp-json\/wp\/v2\/media\/1020313245"}],"wp:attachment":[{"href":"https:\/\/grandepremio.com\/en\/wp-json\/wp\/v2\/media?parent=1371"}],"wp:term":[{"taxonomy":"category","embeddable":true,"href":"https:\/\/grandepremio.com\/en\/wp-json\/wp\/v2\/categories?post=1371"},{"taxonomy":"post_tag","embeddable":true,"href":"https:\/\/grandepremio.com\/en\/wp-json\/wp\/v2\/tags?post=1371"},{"taxonomy":"42wp_author","embeddable":true,"href":"https:\/\/grandepremio.com\/en\/wp-json\/wp\/v2\/42wp_author?post=1371"}],"curies":[{"name":"wp","href":"https:\/\/api.w.org\/{rel}","templated":true}]}}