{"id":1562,"date":"2026-09-03T13:46:50","date_gmt":"2026-09-03T16:46:50","guid":{"rendered":"https:\/\/grandepremio.com\/en\/?p=1562"},"modified":"2026-09-03T13:46:51","modified_gmt":"2026-09-03T16:46:51","slug":"antonelli-promete-ataque-total-apos-troca-de-motor-em-monza-nao-tenho-nada-a-perder","status":"publish","type":"post","link":"https:\/\/grandepremio.com\/en\/f1\/antonelli-promete-ataque-total-apos-troca-de-motor-em-monza-nao-tenho-nada-a-perder\/","title":{"rendered":"Antonelli promete &#8220;ataque total&#8221; ap\u00f3s troca de motor em Monza: \u201cN\u00e3o tenho nada a perder\u201d"},"content":{"rendered":"\n<p class=\"wp-block-paragraph\">Starting from the back of the grid at the <strong>Italian GP<\/strong> has not changed Andrea Kimi Antonelli\u2019s ambition for his home race. Penalized for the installation of new power unit components, the Mercedes driver said on Thursday (3) at Monza that he intends to adopt a <strong>\u201cfull attack\u201d approach to recover as many positions as possible<\/strong>, while still avoiding unnecessary risks.<\/p>\n\n\n\n<p class=\"wp-block-paragraph\">Antonelli made clear that the strategy does not mean driving recklessly or putting other drivers at risk. The 19-year-old said he wants to use the situation to be more aggressive in his pursuit of points while keeping his head during battles on track.<\/p>\n\n\n\n<p class=\"wp-block-paragraph\">\u201cGiven that I\u2019m starting last, it\u2019s going to be full attack. Obviously, I\u2019ll still use my head. It\u2019s not like I\u2019m going to arrive at the first braking zone on Sunday and brake as if it were qualifying, otherwise I\u2019d cause a crash. I don\u2019t want to jinx myself, but I\u2019ve got nothing to lose. The goal is to recover as many points as possible while using my head, but the mindset will be to attack as much as possible and try to gain as many positions as I can,\u201d Antonelli said.<\/p>\n\n\n\n<p class=\"wp-block-paragraph\">The penalty comes from Mercedes fitting Antonelli with his <strong>fifth power unit of the 2026 campaign<\/strong>, automatically sending him to the back of the grid regardless of his qualifying result.<\/p>\n\n\n\n<p class=\"wp-block-paragraph\">Despite the frustration of receiving such a significant penalty at his home Grand Prix, Antonelli believes the decision could prove beneficial later in the season by reducing the risk of further reliability problems.<\/p>\n\n\n\n<p class=\"wp-block-paragraph\">\u201cIt\u2019s not ideal to take a penalty at your home Grand Prix, especially one this big. But ultimately, as a team, we\u2019re looking at the championship, and this is definitely one of the best tracks to do it. So it\u2019s better to change everything now and hopefully avoid any problems in the future. I think that will allow me to enjoy it even more, to drive with less pressure, and I think that\u2019s a positive thing,\u201d he added.<\/p>\n\n\n\n<p class=\"wp-block-paragraph\">With his starting position already effectively determined, Antonelli and Mercedes can approach the weekend differently from the rest of the field. Rather than balancing the car between qualifying performance and race pace, the team can place greater emphasis on <strong>race setup and long-run performance<\/strong>.<\/p>\n\n\n\n<p class=\"wp-block-paragraph\">That could prove particularly useful at Monza, where aerodynamic efficiency and straight-line speed are crucial. Without having to prioritize the ideal compromise for a single qualifying lap, Mercedes can devote more attention to making the car consistent over longer runs and easier to manage during the race.<\/p>\n\n\n\n<p class=\"wp-block-paragraph\">Antonelli believes a <strong>top-five finish is achievable<\/strong>, although he acknowledged that the final result will depend on how the race develops.<\/p>\n\n\n\n<p class=\"wp-block-paragraph\">\u201cThis weekend we\u2019ll definitely have the chance to work a little differently than usual. We might focus a little more on setup, because even if I get pole, I\u2019ll always start last. I think a top-five finish is very achievable, but obviously we\u2019ll also have to see how everything goes,\u201d Antonelli said.<\/p>\n\n\n\n<p class=\"wp-block-paragraph\">The Italian driver arrives at Monza as the <strong>2026 Formula 1 championship leader<\/strong>, making his home Grand Prix an unusual combination of pressure and opportunity. The grid penalty removes the possibility of converting qualifying performance directly into a strong starting position, but it also gives Mercedes more freedom to optimize the car exclusively for Sunday\u2019s race.<\/p>\n\n\n\n<p class=\"wp-block-paragraph\">The Italian GP takes place this weekend, from September 4 to 6, at Monza. <strong>GRANDE PR\u00caMIO<\/strong> will cover all the action from the <strong>Italian GP<\/strong>, the 13th round of the 2026 F1 season.<\/p>\n\n\n\n<figure class=\"wp-block-image size-large\"><img loading=\"lazy\" decoding=\"async\" width=\"1024\" height=\"683\" src=\"https:\/\/grandepremio.com\/br\/wp-content\/uploads\/2026\/08\/f1-2026-paises-baixos-corrida-mercedes-kimi-antonelli-01-2-1024x683.jpg\" alt=\"F1 2026, PAISES BAIXOS, CORRIDA, MERCEDES, KIMI ANTONELLI\" class=\"wp-image-1020312847\" srcset=\"https:\/\/grandepremio.com\/wp-content\/uploads\/2026\/08\/f1-2026-paises-baixos-corrida-mercedes-kimi-antonelli-01-2-1024x683.jpg 1024w, https:\/\/grandepremio.com\/wp-content\/uploads\/2026\/08\/f1-2026-paises-baixos-corrida-mercedes-kimi-antonelli-01-2-300x200.jpg 300w, https:\/\/grandepremio.com\/wp-content\/uploads\/2026\/08\/f1-2026-paises-baixos-corrida-mercedes-kimi-antonelli-01-2-768x512.jpg 768w, https:\/\/grandepremio.com\/wp-content\/uploads\/2026\/08\/f1-2026-paises-baixos-corrida-mercedes-kimi-antonelli-01-2-1536x1024.jpg 1536w, https:\/\/grandepremio.com\/wp-content\/uploads\/2026\/08\/f1-2026-paises-baixos-corrida-mercedes-kimi-antonelli-01-2-150x100.jpg 150w, https:\/\/grandepremio.com\/wp-content\/uploads\/2026\/08\/f1-2026-paises-baixos-corrida-mercedes-kimi-antonelli-01-2.jpg 1620w\" sizes=\"(max-width: 1024px) 100vw, 1024px\" \/><figcaption class=\"wp-element-caption\">Andrea Kimi Antonelli will start the Italian GP from the back of the grid (Photo: Mercedes)<\/figcaption><\/figure>\n\n\n\n<p class=\"wp-block-paragraph\">FAQ<\/p>\n\n\n\n<p class=\"wp-block-paragraph\"><strong>1. Why will Andrea Kimi Antonelli start last at Monza?<\/strong><br>Antonelli will start from the back of the grid because Mercedes fitted his fifth power unit of the 2026 season, triggering a grid penalty.<\/p>\n\n\n\n<p class=\"wp-block-paragraph\"><strong>2. What did Antonelli mean by \u201cfull attack\u201d?<\/strong><br>The Mercedes driver said he intends to be aggressive when recovering positions but stressed that he will still use his head and avoid unnecessary risks, particularly in the first braking zone.<\/p>\n\n\n\n<p class=\"wp-block-paragraph\"><strong>3. What is Antonelli targeting at the Italian GP?<\/strong><br>Despite starting last, Antonelli believes a <strong>top-five finish is achievable<\/strong> and plans to use Mercedes\u2019 greater freedom to focus on race setup and long-run performance.<\/p>\n\n\n\n<h2 class=\"wp-block-heading\"><\/h2>\n","protected":false},"excerpt":{"rendered":"<p>Andrea Kimi Antonelli admitiu frustra\u00e7\u00e3o por puni\u00e7\u00e3o em Monza, mas apontou oportunidade para focar acerto visando corrida principal<\/p>\n","protected":false},"author":2,"featured_media":1020310886,"comment_status":"closed","ping_status":"closed","sticky":false,"template":"","format":"standard","meta":{"42wp_featured_image_caption":"Antonelli will start the Italian GP from the back of the grid","42wp_featured_image_credits":"Gabriel L\u00f3pez\/Grande Pr\u00eamio","42wp_featured_video":"","42wp_featured_image_hidden":false,"42wp_authors_list":[],"footnotes":""},"categories":[5],"tags":[19,294,16],"42wp_author":[59],"class_list":["post-1562","post","type-post","status-publish","format-standard","has-post-thumbnail","hentry","category-f1","tag-andrea-kimi-antonelli","tag-italian-gp","tag-mercedes","42wp_author-fabricio-carvalho"],"_links":{"self":[{"href":"https:\/\/grandepremio.com\/en\/wp-json\/wp\/v2\/posts\/1562","targetHints":{"allow":["GET"]}}],"collection":[{"href":"https:\/\/grandepremio.com\/en\/wp-json\/wp\/v2\/posts"}],"about":[{"href":"https:\/\/grandepremio.com\/en\/wp-json\/wp\/v2\/types\/post"}],"author":[{"embeddable":true,"href":"https:\/\/grandepremio.com\/en\/wp-json\/wp\/v2\/users\/2"}],"replies":[{"embeddable":true,"href":"https:\/\/grandepremio.com\/en\/wp-json\/wp\/v2\/comments?post=1562"}],"version-history":[{"count":1,"href":"https:\/\/grandepremio.com\/en\/wp-json\/wp\/v2\/posts\/1562\/revisions"}],"predecessor-version":[{"id":1563,"href":"https:\/\/grandepremio.com\/en\/wp-json\/wp\/v2\/posts\/1562\/revisions\/1563"}],"wp:featuredmedia":[{"embeddable":true,"href":"https:\/\/grandepremio.com\/en\/wp-json\/wp\/v2\/media\/1020310886"}],"wp:attachment":[{"href":"https:\/\/grandepremio.com\/en\/wp-json\/wp\/v2\/media?parent=1562"}],"wp:term":[{"taxonomy":"category","embeddable":true,"href":"https:\/\/grandepremio.com\/en\/wp-json\/wp\/v2\/categories?post=1562"},{"taxonomy":"post_tag","embeddable":true,"href":"https:\/\/grandepremio.com\/en\/wp-json\/wp\/v2\/tags?post=1562"},{"taxonomy":"42wp_author","embeddable":true,"href":"https:\/\/grandepremio.com\/en\/wp-json\/wp\/v2\/42wp_author?post=1562"}],"curies":[{"name":"wp","href":"https:\/\/api.w.org\/{rel}","templated":true}]}}