{"id":10001,"date":"2024-12-22T16:48:08","date_gmt":"2024-12-22T19:48:08","guid":{"rendered":"https:\/\/grandepremio.com\/es\/2024\/12\/22\/mercedes-idolatra-hamilton-admite-echara-de-menos-sentido-de-identidad\/"},"modified":"2024-12-22T16:48:12","modified_gmt":"2024-12-22T19:48:12","slug":"mercedes-idolatra-hamilton-admite-echara-de-menos-sentido-de-identidad","status":"publish","type":"post","link":"https:\/\/grandepremio.com\/es\/f1\/mercedes-idolatra-hamilton-admite-echara-de-menos-sentido-de-identidad\/","title":{"rendered":"Mercedes idolatra a Hamilton y admite que echar\u00e1 de menos su \u00absentido de identidad\u00bb"},"content":{"rendered":"\n<p class=\"wp-block-paragraph\">El director de ingenier\u00eda de <strong>Mercedes<\/strong>, <strong>Andrew Shovlin<\/strong>, dio detalles de la trayectoria de <strong>Lewis Hamilton<\/strong> con el equipo durante 12 a\u00f1os, una asociaci\u00f3n que termin\u00f3 al final de la temporada, con el traspaso del brit\u00e1nico a <strong>Ferrari<\/strong>. El directivo revel\u00f3 que echar\u00e1 de menos al siete veces campe\u00f3n y reconoci\u00f3 que el piloto es responsable de lo que la escuder\u00eda ha llegado a ser en la <strong>F\u00f3rmula 1<\/strong>.<\/p>\n\n\n\n<p class=\"wp-block-paragraph\">Seg\u00fan Shovlin, en una entrevista concedida al podcast <em>Beyond the Grid<\/em>, la llegada de Hamilton ha cambiado el rumbo de Mercedes, por lo que le resulta dif\u00edcil decir qu\u00e9 es lo que m\u00e1s echar\u00e1 de menos. Considera que la relaci\u00f3n entre ambas partes es tan intr\u00ednseca que a\u00fan no puede visualizar c\u00f3mo ser\u00e1 la rutina en <strong>Brackley <\/strong>sin el siete veces campe\u00f3n.<\/p>\n\n\n\n<p class=\"wp-block-paragraph\">\u00abLa contribuci\u00f3n de Lewis a este equipo ha redefinido nuestra direcci\u00f3n, as\u00ed que es imposible decir qu\u00e9 es lo que m\u00e1s echar\u00e9 de menos. Est\u00e1 tan entrelazado con el equipo que no puedo imaginar c\u00f3mo ser\u00e1 sin \u00e9l. Nos hemos convertido en lo que somos hoy gracias a Lewis, una parte fundamental\u00bb, afirm\u00f3 Shovlin.<\/p>\n\n\n\n<p class=\"wp-block-paragraph\">\ud83d\udfe5<em><strong>\u00a1Todas las novedades te esperan en el canal de&nbsp;<\/strong><\/em><a href=\"https:\/\/www.youtube.com\/@GrandePremioES\"><em>YouTube<\/em><\/a><em><strong>&nbsp;de Grande Pr\u00eamio en Espa\u00f1ol!<\/strong><\/em>&nbsp;\ud83d\udfe8<\/p>\n\n\n\n<figure class=\"wp-block-image size-full\"><img decoding=\"async\" src=\"https:\/\/grandepremio.com\/es\/wp-content\/uploads\/2024\/08\/andrew-shovlin-mercedes-2024-f1-testing-1024x682-1.jpg\" alt=\"\" class=\"wp-image-251438\"\/><figcaption class=\"wp-element-caption\">Andrew Shovlin destac\u00f3 la huella de Lewis Hamilton en el equipo. (Foto: Mercedes)<\/figcaption><\/figure>\n\n\n\n<p class=\"wp-block-paragraph\">\u23e9\u00a0<em><strong>\u00a1Seguinos en redes por\u00a0<\/strong><\/em><a href=\"https:\/\/twitter.com\/grandepremioES\"><em>Twitter\u00a0<\/em><\/a><em><strong>e\u00a0<\/strong><\/em><a href=\"https:\/\/www.instagram.com\/grandepremioes\/\"><em>Instagram!<\/em><\/a><br>\u23e9\u00a0<em><strong>Adem\u00e1s, tenemos nuestro\u00a0<\/strong><\/em><a href=\"https:\/\/whatsapp.com\/channel\/0029VaDZ5zb0gcfDxuwxBM05\"><em>canal de Whatsapp<\/em><\/a><em><strong>\u00a0con toda la informaci\u00f3n al instante<\/strong><\/em>\u00a0\ud83c\udfc1<\/p>\n\n\n\n<p class=\"wp-block-paragraph\">\u00abNos hemos divertido mucho y hemos tenido mucho \u00e9xito. Los \u00faltimos a\u00f1os han sido m\u00e1s dif\u00edciles de lo que nos hubiera gustado, pero as\u00ed es la F\u00f3rmula 1 cuando tienes muchos problemas. Como ingeniero, tengo que trabajar con los pilotos para resolverlos. Eso es lo que nos gusta hacer. Con el tiempo, tambi\u00e9n sacas buena experiencia de los periodos m\u00e1s dif\u00edciles. Fue un gran privilegio tener este cap\u00edtulo con Lewis en mi carrera\u00bb, a\u00f1adi\u00f3 el director de Mercedes.<\/p>\n\n\n\n<p class=\"wp-block-paragraph\">Hamilton y Mercedes han sido la asociaci\u00f3n m\u00e1s exitosa de la historia de la F\u00f3rmula 1. Juntos han producido ocho t\u00edtulos del <strong>Campeonato del Mundo de Constructores<\/strong>, seis de ellos para el brit\u00e1nico. Sin embargo, Lewis dej\u00f3 su huella fuera de la pista, algo que subray\u00f3 Shovlin.<\/p>\n\n\n\n<p class=\"wp-block-paragraph\">\u00abFue un cap\u00edtulo fenomenal en la historia del equipo y le echaremos de menos. Todo lo bueno tiene un final y le deseamos lo mejor para el futuro, pero creo que ese liderazgo, ese sentido de identidad en el equipo, ser\u00e1 sin duda lo que m\u00e1s echaremos de menos\u00bb, concluy\u00f3.<\/p>\n\n\n\n<p class=\"wp-block-paragraph\">La&nbsp;<strong><a href=\"https:\/\/es.grandepremio.com\/f1\/\" target=\"_blank\" rel=\"noreferrer noopener\"><\/a><a href=\"https:\/\/es.grandepremio.com\/f1\/\" target=\"_blank\" rel=\"noreferrer noopener\"><\/a><a href=\"https:\/\/es.grandepremio.com\/f1\/\" target=\"_blank\" rel=\"noreferrer noopener\"><\/a><a href=\"https:\/\/es.grandepremio.com\/f1\/\" target=\"_blank\" rel=\"noreferrer noopener\"><\/a><a href=\"https:\/\/es.grandepremio.com\/f1\/\" target=\"_blank\" rel=\"noreferrer noopener\"><\/a><a href=\"https:\/\/es.grandepremio.com\/f1\/\" target=\"_blank\" rel=\"noreferrer noopener\"><\/a><a href=\"https:\/\/es.grandepremio.com\/f1\/\" target=\"_blank\" rel=\"noreferrer noopener\"><\/a><a href=\"https:\/\/es.grandepremio.com\/f1\/\" target=\"_blank\" rel=\"noreferrer noopener\"><\/a><a href=\"https:\/\/es.grandepremio.com\/f1\/\" target=\"_blank\" rel=\"noreferrer noopener\"><\/a><a href=\"https:\/\/es.grandepremio.com\/f1\/\" target=\"_blank\" rel=\"noreferrer noopener\"><\/a><a href=\"https:\/\/es.grandepremio.com\/f1\/\" target=\"_blank\" rel=\"noreferrer noopener\"><\/a><a href=\"https:\/\/es.grandepremio.com\/f1\/\" target=\"_blank\" rel=\"noreferrer noopener\"><\/a><a href=\"https:\/\/es.grandepremio.com\/f1\/\" target=\"_blank\" rel=\"noreferrer noopener\"><\/a><a href=\"https:\/\/es.grandepremio.com\/f1\/\" target=\"_blank\" rel=\"noreferrer noopener\"><\/a><a href=\"https:\/\/es.grandepremio.com\/f1\/\" target=\"_blank\" rel=\"noreferrer noopener\"><\/a><a href=\"https:\/\/es.grandepremio.com\/f1\/\" target=\"_blank\" rel=\"noreferrer noopener\"><\/a><a href=\"https:\/\/es.grandepremio.com\/f1\/\" target=\"_blank\" rel=\"noreferrer noopener\"><\/a><a href=\"https:\/\/es.grandepremio.com\/f1\/\" target=\"_blank\" rel=\"noreferrer noopener\"><\/a><a href=\"https:\/\/es.grandepremio.com\/f1\/\" target=\"_blank\" rel=\"noreferrer noopener\"><\/a><a href=\"https:\/\/es.grandepremio.com\/f1\/\" target=\"_blank\" rel=\"noreferrer noopener\"><\/a><a href=\"https:\/\/es.grandepremio.com\/f1\/\" target=\"_blank\" rel=\"noreferrer noopener\">F\u00f3rmula 1<\/a><\/strong>&nbsp;entra oficialmente en vacaciones y se despide de 2024. La pr\u00f3xima actividad es precisamente la \u00fanica sesi\u00f3n de pruebas colectivas de&nbsp;<strong>pretemporada<\/strong>, prevista para los d\u00edas 26, 27 y 28 de febrero en&nbsp;<strong>Bahr\u00e9in<\/strong>. La temporada 2025 comienza con el&nbsp;<strong>Gran Premio de Australia<\/strong>, del 14 al 16 de marzo.<\/p>\n\n\n\n<figure class=\"wp-block-embed is-type-video is-provider-youtube wp-block-embed-youtube wp-embed-aspect-16-9 wp-has-aspect-ratio\"><div class=\"wp-block-embed__wrapper\">\nhttps:\/\/youtu.be\/6FtQc7scQGg\n<\/div><\/figure>\n","protected":false},"excerpt":{"rendered":"<p>El director de ingenier\u00eda de Mercedes, Andrew Shovlin, afirma que Lewis Hamilton fue el responsable de cambiar la trayectoria del equipo en la F1.<\/p>\n","protected":false},"author":0,"featured_media":1010306303,"comment_status":"closed","ping_status":"closed","sticky":false,"template":"","format":"standard","meta":{"42wp_featured_image_caption":"","42wp_featured_image_credits":"","42wp_featured_video":"","42wp_featured_image_hidden":false,"42wp_authors_list":[],"footnotes":""},"categories":[5],"tags":[1411,1710,185,179,199,197],"42wp_author":[14240],"class_list":["post-10001","post","type-post","status-publish","format-standard","has-post-thumbnail","hentry","category-f1","tag-andrew-shovlin","tag-f1-2025","tag-ferrari","tag-formula-1","tag-lewis-hamilton","tag-mercedes","42wp_author-ignacio-bogado"],"_links":{"self":[{"href":"https:\/\/grandepremio.com\/es\/wp-json\/wp\/v2\/posts\/10001","targetHints":{"allow":["GET"]}}],"collection":[{"href":"https:\/\/grandepremio.com\/es\/wp-json\/wp\/v2\/posts"}],"about":[{"href":"https:\/\/grandepremio.com\/es\/wp-json\/wp\/v2\/types\/post"}],"replies":[{"embeddable":true,"href":"https:\/\/grandepremio.com\/es\/wp-json\/wp\/v2\/comments?post=10001"}],"version-history":[{"count":0,"href":"https:\/\/grandepremio.com\/es\/wp-json\/wp\/v2\/posts\/10001\/revisions"}],"wp:featuredmedia":[{"embeddable":true,"href":"https:\/\/grandepremio.com\/es\/wp-json\/wp\/v2\/media\/1010306303"}],"wp:attachment":[{"href":"https:\/\/grandepremio.com\/es\/wp-json\/wp\/v2\/media?parent=10001"}],"wp:term":[{"taxonomy":"category","embeddable":true,"href":"https:\/\/grandepremio.com\/es\/wp-json\/wp\/v2\/categories?post=10001"},{"taxonomy":"post_tag","embeddable":true,"href":"https:\/\/grandepremio.com\/es\/wp-json\/wp\/v2\/tags?post=10001"},{"taxonomy":"42wp_author","embeddable":true,"href":"https:\/\/grandepremio.com\/es\/wp-json\/wp\/v2\/42wp_author?post=10001"}],"curies":[{"name":"wp","href":"https:\/\/api.w.org\/{rel}","templated":true}]}}