{"id":10068,"date":"2024-12-18T15:24:59","date_gmt":"2024-12-18T18:24:59","guid":{"rendered":"https:\/\/grandepremio.com\/es\/2024\/12\/18\/red-bull-elogia-extraordinario-perez-y-se-despide\/"},"modified":"2024-12-18T18:25:34","modified_gmt":"2024-12-18T21:25:34","slug":"red-bull-elogia-extraordinario-perez-y-se-despide","status":"publish","type":"post","link":"https:\/\/grandepremio.com\/es\/f1\/red-bull-elogia-extraordinario-perez-y-se-despide\/","title":{"rendered":"Red Bull elogia al \u00abextraordinario\u00bb P\u00e9rez y se despide: \u00abForma parte de nuestra historia\u00bb"},"content":{"rendered":"\n<p class=\"wp-block-paragraph\">Despu\u00e9s de muchos meses de especulaciones, <strong>Sergio P\u00e9rez<\/strong> y <strong>Red Bull<\/strong> anunciaron finalmente el mi\u00e9rcoles que tomar\u00e1n caminos separados a partir de la <strong>temporada 2025<\/strong> de <strong>F\u00f3rmula 1<\/strong>. El jefe de la escuder\u00eda, <strong>Christian Horner<\/strong>, elogi\u00f3 los logros del mexicano con el equipo en los \u00faltimos cuatro a\u00f1os y dijo que Checo siempre ser\u00e1 una \u00abparte valiosa de la historia\u00bb del equipo con sede en <strong>Milton Keynes<\/strong>.<\/p>\n\n\n\n<p class=\"wp-block-paragraph\">\u00abMe gustar\u00eda dar las gracias a Checo por todo lo que ha hecho por Red Bull en las \u00faltimas cuatro temporadas\u00bb, comenz\u00f3. \u201cDesde el momento en que lleg\u00f3 en 2021, demostr\u00f3 ser un extraordinario jugador de equipo, ayud\u00e1ndonos a ganar dos t\u00edtulos del <strong>Campeonato del Mundo de Constructores<\/strong> y nuestro primer 1-2 en el <strong>Campeonato del Mundo de Pilotos<\/strong>\u201d, record\u00f3 Horner, citando la haza\u00f1a lograda en <strong>2023<\/strong>.<\/p>\n\n\n\n<p class=\"wp-block-paragraph\">\ud83d\udfe5<em><strong>\u00a1Todas las novedades te esperan en el canal de&nbsp;<\/strong><\/em><a href=\"https:\/\/www.youtube.com\/@GrandePremioES\"><em>YouTube<\/em><\/a><em><strong>&nbsp;de Grande Pr\u00eamio en Espa\u00f1ol!<\/strong><\/em>&nbsp;\ud83d\udfe8<\/p>\n\n\n\n<p class=\"wp-block-paragraph\">\u00abSus cinco victorias, todas en circuitos urbanos, fueron tambi\u00e9n una marca espectacular de su determinaci\u00f3n por ir siempre m\u00e1s all\u00e1 de los l\u00edmites. Aunque Checo no correr\u00e1 para el equipo la pr\u00f3xima temporada, siempre ser\u00e1 un miembro muy popular del equipo y una parte valiosa de nuestra historia. Gracias, Checo\u00bb, concluy\u00f3 el director.<\/p>\n\n\n\n<p class=\"wp-block-paragraph\">En 2024, P\u00e9rez termin\u00f3 el campeonato en octava posici\u00f3n con 152 puntos -285 menos que Verstappen- y ninguna victoria, lo que lo convirti\u00f3 en el \u00fanico piloto de los cuatro primeros equipos que no ha subido al escal\u00f3n m\u00e1s alto del podio en 24 carreras. Los malos resultados tambi\u00e9n perjudicaron a Red Bull, que tuvo que conformarse con el tercer puesto entre los constructores.<\/p>\n\n\n\n<figure class=\"wp-block-embed is-type-video is-provider-youtube wp-block-embed-youtube wp-embed-aspect-16-9 wp-has-aspect-ratio\"><div class=\"wp-block-embed__wrapper\">\n<iframe loading=\"lazy\" title=\"P\u00c9REZ Y RED BULL, UNA RUPTURA ANUNCIADA EN LA F1 2024\" width=\"500\" height=\"281\" src=\"https:\/\/www.youtube.com\/embed\/W5hAgUWrgeY?feature=oembed\" frameborder=\"0\" allow=\"accelerometer; autoplay; clipboard-write; encrypted-media; gyroscope; picture-in-picture; web-share\" referrerpolicy=\"strict-origin-when-cross-origin\" allowfullscreen><\/iframe>\n<\/div><\/figure>\n\n\n\n<p class=\"wp-block-paragraph\">Aunque la decisi\u00f3n se esperaba desde hac\u00eda tiempo, empez\u00f3 a aclararse cuando la versi\u00f3n alemana de <em>Sky Sports<\/em> inform\u00f3 de que P\u00e9rez y la empresa de bebidas energizantes hab\u00edan llegado a un acuerdo y s\u00f3lo faltaba el anuncio. Horas despu\u00e9s, el 17 de diciembre, la inglesa <em>ESPN <\/em>informaba de lo mismo. Seg\u00fan ambas, Red Bull s\u00ed ascender\u00eda a <strong>Liam Lawson<\/strong> al puesto vacante.<\/p>\n\n\n\n<p class=\"wp-block-paragraph\">La decisi\u00f3n del despido contrasta con la renovaci\u00f3n por dos a\u00f1os del contrato de P\u00e9rez en junio. La pr\u00f3rroga fue una sorpresa para muchos. Y la propia escuder\u00eda austr\u00edaca <a href=\"https:\/\/grandepremio.com\/es\/f1\/red-bull-admite-error-renovacion-anticipada-perez-f1-2024\/\">confirm\u00f3 que la decisi\u00f3n fue err\u00f3nea<\/a>, en palabras del jefe Christian Horner.<\/p>\n\n\n\n<p class=\"wp-block-paragraph\">Checo fue contratado a finales de 2020 para sustituir a <strong>Alexander Albon<\/strong>. En ese momento, el mexicano ven\u00eda de hacer una gran temporada con <strong>Racing Point<\/strong>, incluyendo ganar una carrera por primera vez. Sin embargo, con la decisi\u00f3n de <strong>Lawrence Stroll<\/strong> de hacerse cargo del equipo <strong>Aston Martin<\/strong>, el mexicano qued\u00f3 marginado y dej\u00f3 paso al tetracampe\u00f3n, <strong>Sebastian Vettel<\/strong>.<\/p>\n\n\n\n<figure class=\"wp-block-image size-full\"><img decoding=\"async\" src=\"https:\/\/grandepremio.com\/es\/wp-content\/uploads\/2024\/12\/Perez-prematuro.jpg\" alt=\"\" class=\"wp-image-305185\"\/><figcaption class=\"wp-element-caption\">Sergio P\u00e9rez dejar\u00e1 de ser piloto de Red Bull en 2025. (Foto: AFP)<\/figcaption><\/figure>\n\n\n\n<p class=\"wp-block-paragraph\">\u23e9&nbsp;<em><strong>\u00a1Seguinos en redes por&nbsp;<\/strong><\/em><a href=\"https:\/\/twitter.com\/grandepremioES\"><em>Twitter&nbsp;<\/em><\/a><em><strong>e&nbsp;<\/strong><\/em><a href=\"https:\/\/www.instagram.com\/grandepremioes\/\"><em>Instagram!<\/em><\/a><br>\u23e9&nbsp;<em><strong>Adem\u00e1s, tenemos nuestro&nbsp;<\/strong><\/em><a href=\"https:\/\/whatsapp.com\/channel\/0029VaDZ5zb0gcfDxuwxBM05\"><em>canal de Whatsapp<\/em><\/a><em><strong>&nbsp;con toda la informaci\u00f3n al instante<\/strong><\/em>&nbsp;\ud83c\udfc1<\/p>\n\n\n\n<p class=\"wp-block-paragraph\">En 2021, P\u00e9rez gan\u00f3 el <strong>Gran Premio de Azerbaiy\u00e1n<\/strong> y qued\u00f3 cuarto en el Campeonato Mundial de Pilotos, desempe\u00f1ando un papel importante para ayudar a Verstappen a conseguir su primer t\u00edtulo. En 2022, hubo dos victorias y un tercer puesto en el campeonato. En 2023, el a\u00f1o m\u00e1s dominante de Red Bull, fue subcampe\u00f3n, de nuevo con 2 victorias.<\/p>\n\n\n\n<p class=\"wp-block-paragraph\">Sin embargo, las cosas cambiaron radicalmente en 2024. Sergio incluso empez\u00f3 la temporada con fuerza, con cuatro podios en las cinco primeras carreras, pero despu\u00e9s simplemente nunca apareci\u00f3 entre los tres primeros. En octavo lugar entre los pilotos, termin\u00f3 interponi\u00e9ndose en la b\u00fasqueda de Red Bull por el t\u00edtulo de Constructores, que fue a parar a <strong>McLaren<\/strong>.<\/p>\n\n\n\n<p class=\"wp-block-paragraph\">Es probable que la decisi\u00f3n sobre el nuevo compa\u00f1ero de Verstappen se limite al d\u00fao de <strong>Racing Bulls<\/strong> (antes RB), formado actualmente por el japon\u00e9s <strong>Yuki Tsunoda<\/strong> y Lawson, que es el favorito para el puesto.<\/p>\n\n\n\n<p class=\"wp-block-paragraph\">La&nbsp;<strong>F\u00f3rmula 1<\/strong>&nbsp;est\u00e1 oficialmente de vacaciones y se despide de 2024. La pr\u00f3xima actividad es la sesi\u00f3n de pruebas colectivas de pretemporada, prevista para los d\u00edas 26, 27 y 28 de febrero en&nbsp;<strong>Bahr\u00e9in<\/strong>. La&nbsp;<strong>temporada 2025<\/strong>&nbsp;comienza con el&nbsp;<strong>Gran Premio de Australia<\/strong>, del 14 al 16 de marzo.<\/p>\n","protected":false},"excerpt":{"rendered":"<p>Christian Horner resumi\u00f3 brevemente los logros de Sergio P\u00e9rez con Red Bull en los \u00faltimos cuatro a\u00f1os y destac\u00f3 la importancia del mexicano en la historia del equipo.<\/p>\n","protected":false},"author":0,"featured_media":1010307566,"comment_status":"closed","ping_status":"closed","sticky":false,"template":"","format":"standard","meta":{"42wp_featured_image_caption":"","42wp_featured_image_credits":"","42wp_featured_video":"","42wp_featured_image_hidden":false,"42wp_authors_list":[],"footnotes":""},"categories":[5],"tags":[209,1336,2249,179,970,279,249,354,206,208,294,368],"42wp_author":[14240],"class_list":["post-10068","post","type-post","status-publish","format-standard","has-post-thumbnail","hentry","category-f1","tag-aston-martin","tag-christian-horner","tag-f1-2024","tag-formula-1","tag-lawrence-stroll","tag-liam-lawson","tag-max-verstappen","tag-racing-point","tag-red-bull","tag-sebastian-vettel","tag-sergio-perez","tag-yuki-tsunoda","42wp_author-ignacio-bogado"],"_links":{"self":[{"href":"https:\/\/grandepremio.com\/es\/wp-json\/wp\/v2\/posts\/10068","targetHints":{"allow":["GET"]}}],"collection":[{"href":"https:\/\/grandepremio.com\/es\/wp-json\/wp\/v2\/posts"}],"about":[{"href":"https:\/\/grandepremio.com\/es\/wp-json\/wp\/v2\/types\/post"}],"replies":[{"embeddable":true,"href":"https:\/\/grandepremio.com\/es\/wp-json\/wp\/v2\/comments?post=10068"}],"version-history":[{"count":0,"href":"https:\/\/grandepremio.com\/es\/wp-json\/wp\/v2\/posts\/10068\/revisions"}],"wp:featuredmedia":[{"embeddable":true,"href":"https:\/\/grandepremio.com\/es\/wp-json\/wp\/v2\/media\/1010307566"}],"wp:attachment":[{"href":"https:\/\/grandepremio.com\/es\/wp-json\/wp\/v2\/media?parent=10068"}],"wp:term":[{"taxonomy":"category","embeddable":true,"href":"https:\/\/grandepremio.com\/es\/wp-json\/wp\/v2\/categories?post=10068"},{"taxonomy":"post_tag","embeddable":true,"href":"https:\/\/grandepremio.com\/es\/wp-json\/wp\/v2\/tags?post=10068"},{"taxonomy":"42wp_author","embeddable":true,"href":"https:\/\/grandepremio.com\/es\/wp-json\/wp\/v2\/42wp_author?post=10068"}],"curies":[{"name":"wp","href":"https:\/\/api.w.org\/{rel}","templated":true}]}}