{"id":10091,"date":"2024-12-17T11:07:46","date_gmt":"2024-12-17T14:07:46","guid":{"rendered":"https:\/\/grandepremio.com\/es\/2024\/12\/17\/briatore-proyecta-crecimiento-espera-que-alpine-luchando-titulo-f1-2027\/"},"modified":"2024-12-17T11:07:50","modified_gmt":"2024-12-17T14:07:50","slug":"briatore-proyecta-crecimiento-espera-que-alpine-luchando-titulo-f1-2027","status":"publish","type":"post","link":"https:\/\/grandepremio.com\/es\/f1\/briatore-proyecta-crecimiento-espera-que-alpine-luchando-titulo-f1-2027\/","title":{"rendered":"Briatore proyecta crecimiento y espera que Alpine est\u00e9 &#8220;luchando por el t\u00edtulo en 2027&#8221;"},"content":{"rendered":"\n<p class=\"wp-block-paragraph\">La <strong>F1 2024<\/strong> para <strong>Alpine<\/strong> no ha sido nada f\u00e1cil. El equipo franc\u00e9s comenz\u00f3 al fondo de la grilla en las primeras carreras del a\u00f1o, y parec\u00eda no tener soluci\u00f3n, al punto de que estaba noveno en el <strong>Mundial de Constructores <\/strong>previo al <strong>GP de Sao Paulo<\/strong>.<\/p>\n\n\n\n<p class=\"wp-block-paragraph\">Sin embargo, un doble podio en Interlagos los catapult\u00f3 a la pelea por el sexto lugar, y los puntos de <strong>Pierre Gasly<\/strong> en Qatar y en Abu Dhabi les permitieron terminar muy por arriba de lo que ven\u00eda siendo el rendimiento de los autos. Incluso, decidieron el despido de la c\u00fapula entre 2023 y 2024 y dejar sin asiento en Yas Marina a <strong><a href=\"https:\/\/grandepremio.com\/es\/f1\/ocon-lamenta-marcha-anticipada-alpine-f1-2024\/\" target=\"_blank\" rel=\"noreferrer noopener\">Esteban Ocon<\/a><\/strong> para probar a <strong><a href=\"https:\/\/grandepremio.com\/es\/f1\/jack-doohan-test-alpine-abu-dhabi-formula-1\/\" target=\"_blank\" rel=\"noreferrer noopener\">Jack Doohan<\/a><\/strong>.<\/p>\n\n\n\n<p class=\"wp-block-paragraph\">Uno de esos cambios fue <a href=\"https:\/\/grandepremio.com\/es\/f1\/alpine-oficial-regreso-briatore-f1-consejero-ejecutivo\/\" target=\"_blank\" rel=\"noreferrer noopener\">el regreso a la F\u00f3rmula 1 de <strong>Flavio Briatore<\/strong><\/a>, en su rol como asesor, quien declar\u00f3 que el equipo deber\u00eda ser competitivo desde 2026, con la llegada de los motores de <strong><a href=\"https:\/\/grandepremio.com\/es\/f1\/alpine-explica-eleccion-motor-mercedes-f1\/\" target=\"_blank\" rel=\"noreferrer noopener\">Mercedes:<\/a><\/strong> &#8220;<strong>Alpine deber\u00eda estar siempre entre los seis primeros el a\u00f1o que viene. Quiz\u00e1 un podio de vez en cuando. Tenemos que mejorar nuestro coche para conseguirlo, pero es muy posible. Aerodin\u00e1micamente, tenemos mucho m\u00e1s margen de evoluci\u00f3n que Ferrari o McLaren&#8221;.<\/strong><\/p>\n\n\n\n<figure class=\"wp-block-embed is-type-video is-provider-youtube wp-block-embed-youtube wp-embed-aspect-16-9 wp-has-aspect-ratio\"><div class=\"wp-block-embed__wrapper\">\n<iframe loading=\"lazy\" title=\"MCLAREN RESURGE Y CONQUISTA EL MUNDIAL DE CONSTRUCTORES DE F1 2024\" width=\"500\" height=\"281\" src=\"https:\/\/www.youtube.com\/embed\/MniksabAE2w?feature=oembed\" frameborder=\"0\" allow=\"accelerometer; autoplay; clipboard-write; encrypted-media; gyroscope; picture-in-picture; web-share\" referrerpolicy=\"strict-origin-when-cross-origin\" allowfullscreen><\/iframe>\n<\/div><\/figure>\n\n\n\n<p class=\"wp-block-paragraph\"><br><strong>\u201cEn 2026, queremos estar en el podio en el 50% de las carreras. Cuando est\u00e1s en esa posici\u00f3n, tambi\u00e9n acabas ganando una u otra vez. En 2027, queremos poder luchar por el t\u00edtulo<\/strong>\u201d, concluy\u00f3 el directivo de Alpine.<\/p>\n\n\n\n<p class=\"wp-block-paragraph\">Adem\u00e1s de Briatore, lleg\u00f3 <strong>Oliver Oakes<\/strong> desde Hitech como jefe de equipo y se renovaron las estructuras de carreras durante este a\u00f1o, dejar a <strong>Bruno Famin<\/strong> como jefe del programa de automovilismo de Renault y prescindir de Ocon, fichando tambi\u00e9n a <strong><a href=\"https:\/\/grandepremio.com\/es\/f1\/paul-aron-reserva-alpine-formula-1-2025\/\" target=\"_blank\" rel=\"noreferrer noopener\">Paul Aron<\/a><\/strong> como piloto de pruebas.<\/p>\n\n\n\n<p class=\"wp-block-paragraph\">\u23e9&nbsp;<em><strong>\u00a1Seguinos en redes por&nbsp;<\/strong><\/em><a href=\"https:\/\/twitter.com\/grandepremioES\"><em>Twitter&nbsp;<\/em><\/a><em><strong>e&nbsp;<\/strong><\/em><a href=\"https:\/\/www.instagram.com\/grandepremioes\/\"><em>Instagram!<\/em><\/a><br>\u23e9&nbsp;<em><strong>Adem\u00e1s, tenemos nuestro&nbsp;<\/strong><\/em><a href=\"https:\/\/whatsapp.com\/channel\/0029VaDZ5zb0gcfDxuwxBM05\"><em>canal de Whatsapp<\/em><\/a><em><strong>&nbsp;con toda la informaci\u00f3n al instante<\/strong><\/em>&nbsp;\ud83c\udfc1<\/p>\n\n\n\n<p class=\"wp-block-paragraph\">La F\u00f3rmula 1 se despidi\u00f3 del 2024 y la pr\u00f3xima actividad ser\u00e1 la sesi\u00f3n de pruebas colectivas de pretemporada, prevista para los d\u00edas 26, 27 y 28 de febrero en Bahr\u00e9in. La temporada 2025 comienza con el Gran Premio de Australia, del 14 al 16 de marzo.<\/p>\n","protected":false},"excerpt":{"rendered":"<p>Flavio Briatore, que asumi\u00f3 este a\u00f1o como asesor de Alpine, habl\u00f3 sobre las ambiciones del equipo y cree que los cambios que se han producido har\u00e1n que la escuder\u00eda sea m\u00e1s competitiva a partir de 2026.<\/p>\n","protected":false},"author":0,"featured_media":1010307549,"comment_status":"closed","ping_status":"closed","sticky":false,"template":"","format":"standard","meta":{"42wp_featured_image_caption":"","42wp_featured_image_credits":"","42wp_featured_video":"","42wp_featured_image_hidden":false,"42wp_authors_list":[],"footnotes":""},"categories":[5],"tags":[678,2233,362,181,2249,2326,179,1491,1011,197,1203,10593,1088,427],"42wp_author":[14237],"class_list":["post-10091","post","type-post","status-publish","format-standard","has-post-thumbnail","hentry","category-f1","tag-alpine","tag-bruno-famin","tag-esteban-ocon","tag-f1","tag-f1-2024","tag-flavio-briatore","tag-formula-1","tag-gp-de-sao-paulo-2","tag-jack-doohan","tag-mercedes","tag-mundial-de-constructores","tag-oliver-oakes","tag-paul-aron","tag-pierre-gasly","42wp_author-gabriel-garcia"],"_links":{"self":[{"href":"https:\/\/grandepremio.com\/es\/wp-json\/wp\/v2\/posts\/10091","targetHints":{"allow":["GET"]}}],"collection":[{"href":"https:\/\/grandepremio.com\/es\/wp-json\/wp\/v2\/posts"}],"about":[{"href":"https:\/\/grandepremio.com\/es\/wp-json\/wp\/v2\/types\/post"}],"replies":[{"embeddable":true,"href":"https:\/\/grandepremio.com\/es\/wp-json\/wp\/v2\/comments?post=10091"}],"version-history":[{"count":0,"href":"https:\/\/grandepremio.com\/es\/wp-json\/wp\/v2\/posts\/10091\/revisions"}],"wp:featuredmedia":[{"embeddable":true,"href":"https:\/\/grandepremio.com\/es\/wp-json\/wp\/v2\/media\/1010307549"}],"wp:attachment":[{"href":"https:\/\/grandepremio.com\/es\/wp-json\/wp\/v2\/media?parent=10091"}],"wp:term":[{"taxonomy":"category","embeddable":true,"href":"https:\/\/grandepremio.com\/es\/wp-json\/wp\/v2\/categories?post=10091"},{"taxonomy":"post_tag","embeddable":true,"href":"https:\/\/grandepremio.com\/es\/wp-json\/wp\/v2\/tags?post=10091"},{"taxonomy":"42wp_author","embeddable":true,"href":"https:\/\/grandepremio.com\/es\/wp-json\/wp\/v2\/42wp_author?post=10091"}],"curies":[{"name":"wp","href":"https:\/\/api.w.org\/{rel}","templated":true}]}}