{"id":10110,"date":"2024-12-16T10:11:18","date_gmt":"2024-12-16T13:11:18","guid":{"rendered":"https:\/\/grandepremio.com\/es\/2024\/12\/16\/martin-controla-expectativas-con-aprilia\/"},"modified":"2024-12-16T10:11:21","modified_gmt":"2024-12-16T13:11:21","slug":"martin-controla-expectativas-con-aprilia","status":"publish","type":"post","link":"https:\/\/grandepremio.com\/es\/motogp\/martin-controla-expectativas-con-aprilia\/","title":{"rendered":"Mart\u00edn controla las expectativas con Aprilia: \u00abNo estoy convencido de poder ganar\u00bb"},"content":{"rendered":"\n<p class=\"wp-block-paragraph\"><strong>Jorge Mart\u00edn<\/strong> est\u00e1 en una nube cuando se trata del t\u00edtulo de <strong>MotoGP<\/strong> en <strong>2024<\/strong>, pero cuando se trata de la pr\u00f3xima temporada, tiene los pies en el suelo. El espa\u00f1ol admiti\u00f3 que no est\u00e1 \u00abtan convencido\u00bb de poder ganar con <strong>Aprilia<\/strong>.<\/p>\n\n\n\n<p class=\"wp-block-paragraph\">El #89 hizo historia en 2024 al convertirse en el primer piloto de la era MotoGP en ganar el t\u00edtulo del <strong>Mundial de Pilotos<\/strong> compitiendo para un equipo sat\u00e9lite. El espa\u00f1ol se impuso a <strong>Francesco Bagnaia<\/strong> por s\u00f3lo diez puntos al final del campeonato.<\/p>\n\n\n\n<p class=\"wp-block-paragraph\">A pesar de su victoria, Jorge no fichar\u00e1 por <strong>Ducati<\/strong>. Desbancado por <strong>Marc M\u00e1rquez<\/strong> en el equipo oficial, el piloto opt\u00f3 por fichar por Aprilia tras su tercer rechazo en <strong>Bolonia<\/strong>, pero no ve garantizado el triunfo.<\/p>\n\n\n\n<p class=\"wp-block-paragraph\">\u00abNo estoy tan convencido de poder ganar con Aprilia\u00bb, admiti\u00f3 Mart\u00edn en una entrevista concedida al diario espa\u00f1ol <em>Marca<\/em>. \u00abEstoy convencido de que vamos a dar el cien por cien y no tengo ninguna expectativa, porque es algo que tengo que ver, tengo que ver c\u00f3mo es la moto\u00bb, continu\u00f3.<\/p>\n\n\n\n<p class=\"wp-block-paragraph\">\ud83d\udfe5<em><strong>\u00a1Todas las novedades te esperan en el canal de&nbsp;<\/strong><\/em><a href=\"https:\/\/www.youtube.com\/@GrandePremioES\"><em>YouTube<\/em><\/a><em><strong>&nbsp;de Grande Pr\u00eamio en Espa\u00f1ol!<\/strong><\/em>&nbsp;\ud83d\udfe8<\/p>\n\n\n\n<figure class=\"wp-block-image size-full\"><img decoding=\"async\" src=\"https:\/\/grandepremio.com\/es\/wp-content\/uploads\/..\/gp_br_uploads\/2024\/11\/SI202411190548.jpg\" alt=\"\" class=\"wp-image-301059\"\/><figcaption class=\"wp-element-caption\">Jorge Mart\u00edn baj\u00f3 las expectativas con Aprilia y se\u00f1al\u00f3 tercer puesto en Constructores. (Foto: Gold &#038; Goose\/Red Bull Content Pool)<\/figcaption><\/figure>\n\n\n\n<p class=\"wp-block-paragraph\">\u23e9\u00a0<em><strong>\u00a1Seguinos en redes por\u00a0<\/strong><\/em><a href=\"https:\/\/twitter.com\/grandepremioES\"><em>Twitter\u00a0<\/em><\/a><em><strong>e\u00a0<\/strong><\/em><a href=\"https:\/\/www.instagram.com\/grandepremioes\/\"><em>Instagram!<\/em><\/a><br>\u23e9\u00a0<em><strong>Adem\u00e1s, tenemos nuestro\u00a0<\/strong><\/em><a href=\"https:\/\/whatsapp.com\/channel\/0029VaDZ5zb0gcfDxuwxBM05\"><em>canal de Whatsapp<\/em><\/a><em><strong>\u00a0con toda la informaci\u00f3n al instante<\/strong><\/em>\u00a0\ud83c\udfc1<\/p>\n\n\n\n<p class=\"wp-block-paragraph\">Mart\u00edn ha recordado que Aprilia acab\u00f3 la temporada por detr\u00e1s de Ducati y <strong>KTM <\/strong>en el <strong>Mundial de Constructores<\/strong> y, aunque tuvo algunas carreras dominantes, como el <strong>GP de las Am\u00e9ricas<\/strong>, en otros momentos la <strong>RS-GP<\/strong> qued\u00f3 totalmente descolgada.<\/p>\n\n\n\n<p class=\"wp-block-paragraph\">A\u00fan as\u00ed, Jorge est\u00e1 seguro de poder contribuir a la evoluci\u00f3n del proyecto y conf\u00eda en que la apuesta del equipo dar\u00e1 sus frutos.<\/p>\n\n\n\n<p class=\"wp-block-paragraph\">\u00abLa moto qued\u00f3 tercera en el Mundial de Constructores este a\u00f1o, no era la mejor moto. A partir de ah\u00ed, hay que intentar mejorar\u00bb, defendi\u00f3. \u00abCreo que puedo aportar mucho con la nueva f\u00e1brica, puedo aportar regularidad, velocidad, pero est\u00e1 claro, todo el mundo lo ha visto, que en algunas carreras ni lo ve\u00edamos y en otras era 15\u00ba\u00bb, record\u00f3.<\/p>\n\n\n\n<p class=\"wp-block-paragraph\">\u00abAs\u00ed que algo hay. Hay que ver de d\u00f3nde partimos y, a partir de ah\u00ed, que la f\u00e1brica est\u00e9 al cien por cien. Creo que el calor de toda la f\u00e1brica y el coraz\u00f3n que le ponen me ayudar\u00e1 y podremos hacer cosas bonitas\u00bb, concluy\u00f3.<\/p>\n\n\n\n<p class=\"wp-block-paragraph\"><strong>MotoGP <\/strong>volver\u00e1 a ponerse en marcha entre el 5 y el 7 de febrero de <strong>2025 <\/strong>para los primeros tests de pretemporada en <strong>Sepang, Malasi<\/strong>a.<\/p>\n","protected":false},"excerpt":{"rendered":"<p>El campe\u00f3n de MotoGP de 2024, Jorge Mart\u00edn, dijo que primero tiene que entender de d\u00f3nde va a partir RS-GP. El espa\u00f1ol se mostr\u00f3 confiado en contribuir y en el compromiso del equipo, pero predic\u00f3 con cautela.<\/p>\n","protected":false},"author":0,"featured_media":1010301060,"comment_status":"closed","ping_status":"closed","sticky":false,"template":"","format":"standard","meta":{"42wp_featured_image_caption":"","42wp_featured_image_credits":"","42wp_featured_video":"","42wp_featured_image_hidden":false,"42wp_authors_list":[],"footnotes":""},"categories":[8],"tags":[1394,1340,1526,1392,1293,9621,2199],"42wp_author":[14240],"class_list":["post-10110","post","type-post","status-publish","format-standard","has-post-thumbnail","hentry","category-motogp","tag-aprilia","tag-ducati","tag-jorge-martin","tag-marc-marquez-2","tag-motogp","tag-motogp-2025","tag-rs-gp","42wp_author-ignacio-bogado"],"_links":{"self":[{"href":"https:\/\/grandepremio.com\/es\/wp-json\/wp\/v2\/posts\/10110","targetHints":{"allow":["GET"]}}],"collection":[{"href":"https:\/\/grandepremio.com\/es\/wp-json\/wp\/v2\/posts"}],"about":[{"href":"https:\/\/grandepremio.com\/es\/wp-json\/wp\/v2\/types\/post"}],"replies":[{"embeddable":true,"href":"https:\/\/grandepremio.com\/es\/wp-json\/wp\/v2\/comments?post=10110"}],"version-history":[{"count":0,"href":"https:\/\/grandepremio.com\/es\/wp-json\/wp\/v2\/posts\/10110\/revisions"}],"wp:featuredmedia":[{"embeddable":true,"href":"https:\/\/grandepremio.com\/es\/wp-json\/wp\/v2\/media\/1010301060"}],"wp:attachment":[{"href":"https:\/\/grandepremio.com\/es\/wp-json\/wp\/v2\/media?parent=10110"}],"wp:term":[{"taxonomy":"category","embeddable":true,"href":"https:\/\/grandepremio.com\/es\/wp-json\/wp\/v2\/categories?post=10110"},{"taxonomy":"post_tag","embeddable":true,"href":"https:\/\/grandepremio.com\/es\/wp-json\/wp\/v2\/tags?post=10110"},{"taxonomy":"42wp_author","embeddable":true,"href":"https:\/\/grandepremio.com\/es\/wp-json\/wp\/v2\/42wp_author?post=10110"}],"curies":[{"name":"wp","href":"https:\/\/api.w.org\/{rel}","templated":true}]}}