{"id":10191,"date":"2024-12-11T08:00:00","date_gmt":"2024-12-11T11:00:00","guid":{"rendered":"https:\/\/grandepremio.com\/es\/2024\/12\/11\/campos-apuesta-familiar-mantiene-martin-f2-2025\/"},"modified":"2024-12-11T10:45:08","modified_gmt":"2024-12-11T13:45:08","slug":"campos-apuesta-familiar-mantiene-martin-f2-2025","status":"publish","type":"post","link":"https:\/\/grandepremio.com\/es\/f2\/campos-apuesta-familiar-mantiene-martin-f2-2025\/","title":{"rendered":"Campos apuesta por &#8220;un familiar&#8221; y mantiene a Mart\u00ed para la temporada 2025 de F2"},"content":{"rendered":"\n<p class=\"wp-block-paragraph\"><strong>\u201cPepe\u201d Mart\u00ed<\/strong> seguir\u00e1 otro a\u00f1o m\u00e1s para <strong>Campos Racing<\/strong> en la <strong>F\u00f3rmula 2<\/strong> para ser el compa\u00f1ero del reci\u00e9n llegado <strong>Arvid Lindblad<\/strong>, que ocupar\u00e1 el lugar del posiblemente promovido a la <strong>F\u00f3rmula 1<\/strong>, <strong>Isack Hadjar<\/strong>, al equipo <strong>RB <\/strong>para 2025.<\/p>\n\n\n\n<p class=\"wp-block-paragraph\">Mart\u00ed no es un desconocido para el equipo con sede en la localidad de Alzira: es que ya corri\u00f3 con ellos en la F4 espa\u00f1ola, la <strong>F\u00f3rmula 3<\/strong> y ascendi\u00f3 en 2024 a la F\u00f3rmula 2. Tras haber subido al podio en Bahrein, en Austria y logr\u00f3 la victoria en la prueba Sprint de la fecha final en <strong>Yas Marina<\/strong>.<\/p>\n\n\n\n<p class=\"wp-block-paragraph\"><strong>\u201cEstoy muy feliz de poder confirmar que sigo en Campos para mi segunda temporada en la F\u00f3rmula 2. Desde el inicio de mi carrera en monoplazas, el equipo ha confiado en m\u00ed y ahora afrontamos nuestra quinta temporada juntos\u201d<\/strong>, dijo Mart\u00ed.<\/p>\n\n\n\n<figure class=\"wp-block-embed is-type-video is-provider-youtube wp-block-embed-youtube wp-embed-aspect-16-9 wp-has-aspect-ratio\"><div class=\"wp-block-embed__wrapper\">\n<iframe loading=\"lazy\" title=\"RESUMEN - GP DE ABU DHABI\" width=\"500\" height=\"281\" src=\"https:\/\/www.youtube.com\/embed\/8PKtCt-xJhU?feature=oembed\" frameborder=\"0\" allow=\"accelerometer; autoplay; clipboard-write; encrypted-media; gyroscope; picture-in-picture; web-share\" referrerpolicy=\"strict-origin-when-cross-origin\" allowfullscreen><\/iframe>\n<\/div><\/figure>\n\n\n\n<p class=\"wp-block-paragraph\"><strong>\u201cTengo la mayor confianza en el equipo, al que considero una familia, y que gracias a todo el trabajo que hemos hecho durante 2024 seremos muy competitivos y espero que podamos luchar por todo. El comienzo de 2025 ya se produce en las pruebas de postemporada. \u00a1Vamos!\u201d<\/strong>, a\u00f1adi\u00f3 el conductor catal\u00e1n.<\/p>\n\n\n\n<p class=\"wp-block-paragraph\"><strong>Adri\u00e1n Campos<\/strong>, el responsable de la escuder\u00eda espa\u00f1ola, coment\u00f3: <strong>\u201cEstoy feliz de que Pepe y Campos puedan seguir trabajando juntos por quinto a\u00f1o consecutivo. Ya es como un miembro m\u00e1s de la familia y nos entendemos perfectamente, ya que est\u00e1 totalmente integrado en el equipo. Ha sido un primer a\u00f1o muy positivo en la F2, con cuatro podios, incluida una victoria en Abu Dhabi, que deber\u00eda servirnos como m\u00e1xima motivaci\u00f3n de cara a 2025. Tendremos dos pilotos j\u00f3venes como Pepe y Arvid con los que aspiramos un a\u00f1o m\u00e1s para luchar por todo\u201d.<\/strong><\/p>\n\n\n\n<p class=\"wp-block-paragraph\">\u23e9&nbsp;<em><strong>\u00a1Seguinos en redes por&nbsp;<\/strong><\/em><a href=\"https:\/\/twitter.com\/grandepremioES\"><em>Twitter&nbsp;<\/em><\/a><em><strong>e&nbsp;<\/strong><\/em><a href=\"https:\/\/www.instagram.com\/grandepremioes\/\"><em>Instagram!<\/em><\/a><br>\u23e9&nbsp;<em><strong>Adem\u00e1s, tenemos nuestro&nbsp;<\/strong><\/em><a href=\"https:\/\/whatsapp.com\/channel\/0029VaDZ5zb0gcfDxuwxBM05\"><em>canal de Whatsapp<\/em><\/a><em><strong>&nbsp;con toda la informaci\u00f3n al instante<\/strong><\/em>&nbsp;\ud83c\udfc1<\/p>\n\n\n\n<p class=\"wp-block-paragraph\">La F\u00f3rmula 2 terminar\u00e1 sus actividades esta semana, entre el mi\u00e9rcoles y el viernes, con los test de postemporada en Yas Marina, mientras que la pr\u00f3xima temporada se iniciar\u00e1 entre el 14 y el 16 de marzo en Australia.<\/p>\n","protected":false},"excerpt":{"rendered":"<p>El equipo Campos Racing anunci\u00f3 la continuidad de Josep Mar\u00eda \u201cPepe\u201d Mart\u00ed para un segundo a\u00f1o en la F\u00f3rmula 2, luego de que obtuviera cuatro podios y un triunfo en su primer a\u00f1o.<\/p>\n","protected":false},"author":0,"featured_media":1010306693,"comment_status":"closed","ping_status":"closed","sticky":false,"template":"","format":"standard","meta":{"42wp_featured_image_caption":"","42wp_featured_image_credits":"","42wp_featured_video":"","42wp_featured_image_hidden":false,"42wp_authors_list":[],"footnotes":""},"categories":[3],"tags":[10772,7053,281,179,211,1128,2300,2931,9881,1184],"42wp_author":[14237],"class_list":["post-10191","post","type-post","status-publish","format-standard","has-post-thumbnail","hentry","category-f2","tag-adrian-campos-2","tag-arvid-lindblad","tag-campos-racing","tag-formula-1","tag-formula-2","tag-formula-3","tag-isack-hadjar","tag-pepe-marti","tag-rb","tag-yas-marina","42wp_author-gabriel-garcia"],"_links":{"self":[{"href":"https:\/\/grandepremio.com\/es\/wp-json\/wp\/v2\/posts\/10191","targetHints":{"allow":["GET"]}}],"collection":[{"href":"https:\/\/grandepremio.com\/es\/wp-json\/wp\/v2\/posts"}],"about":[{"href":"https:\/\/grandepremio.com\/es\/wp-json\/wp\/v2\/types\/post"}],"replies":[{"embeddable":true,"href":"https:\/\/grandepremio.com\/es\/wp-json\/wp\/v2\/comments?post=10191"}],"version-history":[{"count":0,"href":"https:\/\/grandepremio.com\/es\/wp-json\/wp\/v2\/posts\/10191\/revisions"}],"wp:featuredmedia":[{"embeddable":true,"href":"https:\/\/grandepremio.com\/es\/wp-json\/wp\/v2\/media\/1010306693"}],"wp:attachment":[{"href":"https:\/\/grandepremio.com\/es\/wp-json\/wp\/v2\/media?parent=10191"}],"wp:term":[{"taxonomy":"category","embeddable":true,"href":"https:\/\/grandepremio.com\/es\/wp-json\/wp\/v2\/categories?post=10191"},{"taxonomy":"post_tag","embeddable":true,"href":"https:\/\/grandepremio.com\/es\/wp-json\/wp\/v2\/tags?post=10191"},{"taxonomy":"42wp_author","embeddable":true,"href":"https:\/\/grandepremio.com\/es\/wp-json\/wp\/v2\/42wp_author?post=10191"}],"curies":[{"name":"wp","href":"https:\/\/api.w.org\/{rel}","templated":true}]}}