{"id":1020,"date":"2026-05-26T14:06:17","date_gmt":"2026-05-26T17:06:17","guid":{"rendered":"https:\/\/grandepremio.com\/es\/2026\/05\/26\/cesar-carman-presidente-aca-negociaciones-regreso-f1-buenos-aires\/"},"modified":"2026-05-26T14:07:11","modified_gmt":"2026-05-26T17:07:11","slug":"cesar-carman-presidente-aca-negociaciones-regreso-f1-buenos-aires","status":"publish","type":"post","link":"https:\/\/grandepremio.com\/es\/f1\/cesar-carman-presidente-aca-negociaciones-regreso-f1-buenos-aires\/","title":{"rendered":"Argentina destaca avances en negociaciones para el regreso de la F1 y el WRC"},"content":{"rendered":"\n<p class=\"wp-block-paragraph\"><strong>Argentina <\/strong>avanza para recuperar su fecha en los calendarios de la <strong>F\u00f3rmula 1<\/strong> y del <strong>Campeonato Mundial de Rally. C\u00e9sar Carman<\/strong>, presidente del <strong>Autom\u00f3vil Club Argentino<\/strong>, destac\u00f3 el regreso del pa\u00eds sudamericano a los primeros planos del automovilismo mundial y asegur\u00f3 que las gestiones para recuperar el <strong>GP de Argentina<\/strong> van por \u00abbuen camino\u00bb, al igual que la vuelta del <strong>WRC<\/strong>.<\/p>\n\n\n\n<p class=\"wp-block-paragraph\">\ud83d\udfe5&nbsp;<strong><em>\u00a1Todas las novedades te esperan en el canal de&nbsp;<\/em><\/strong><a href=\"https:\/\/www.youtube.com\/@GrandePremioES\"><em>YouTube<\/em><\/a><strong><em>&nbsp;de Grande Pr\u00eamio en Espa\u00f1ol!<\/em><\/strong>&nbsp;\ud83d\udfe8<\/p>\n\n\n\n<p class=\"wp-block-paragraph\">La irrupci\u00f3n de <strong>Franco Colapinto<\/strong> en la <strong>F\u00f3rmula 1<\/strong> a mediados de 2024 gener\u00f3 un impacto sin precedentes y puso al automovilismo en el centro de la escena deportiva nacional e internacional. La destacada actuaci\u00f3n del pilarense en las \u00faltimas temporadas y su consolidaci\u00f3n en el campeonato revitalizaron el proyecto para recuperar el <strong>GP de Argentina<\/strong>, cuya \u00faltima edici\u00f3n se celebr\u00f3 en 1998.<\/p>\n\n\n\n<p class=\"wp-block-paragraph\">En julio de 2025, se present\u00f3 un proyecto de puesta en valor y reacondicionamiento del <strong>Aut\u00f3dromo Oscar y Juan G\u00e1lvez<\/strong> de la ciudad de <strong>Buenos Aires<\/strong> para, en una primera fase, albergar el <strong>GP de Argentina<\/strong> del <strong>Campeonato Mundial de Motociclismo<\/strong> a partir de 2027, y posteriormente postular al pa\u00eds para recibir la <strong>F1 <\/strong>entre 2028 y 2030.<\/p>\n\n\n\n<p class=\"wp-block-paragraph\">El avance de las obras y la positiva recepci\u00f3n de la exhibici\u00f3n que <strong>Alpine <\/strong>y <strong>Colapinto <\/strong>realizaron en la capital argentina en abril de 2026 consolidaron el plan de regreso de la <strong>F1 <\/strong>a la \u00ab<strong>Catedral del automovilismo argentino<\/strong>\u00bb.<\/p>\n\n\n\n<p class=\"wp-block-paragraph\">\u23e9\u00a0<strong><em>\u00a1Seguinos en redes por\u00a0<\/em><\/strong><a href=\"https:\/\/twitter.com\/grandepremioES\"><em>Twitter\u00a0<\/em><\/a><strong><em>e\u00a0<\/em><\/strong><a href=\"https:\/\/www.instagram.com\/grandepremioes\/\"><em>Instagram!<\/em><\/a><br>\u23e9\u00a0<strong><em>Adem\u00e1s, tenemos nuestro\u00a0<\/em><\/strong><a href=\"https:\/\/whatsapp.com\/channel\/0029VaDZ5zb0gcfDxuwxBM05\"><em>canal de Whatsapp<\/em><\/a><strong><em>\u00a0con toda la informaci\u00f3n al instante<\/em><\/strong>\u00a0\ud83c\udfc1<\/p>\n\n\n\n<figure class=\"wp-block-image size-large\"><img decoding=\"async\" src=\"https:\/\/grandepremio.com\/es\/wp-content\/uploads\/2025\/07\/circuito-buenos-aires-motogp-2-1024x683.webp\" alt=\"\" class=\"wp-image-353139\"\/><figcaption class=\"wp-element-caption\">El nuevo trazado del Aut\u00f3dromo Oscar y Juan G\u00e1lvez de Buenos Aires, que recibir\u00e1 al MotoGP a partir de 2027 (Foto: Reproducci\u00f3n)<\/figcaption><\/figure>\n\n\n\n<p class=\"wp-block-paragraph\"><strong>\u23e9\u00a0<em>Conoc\u00e9 los <a href=\"https:\/\/grandepremio.com\/es\/f1\/autodromo-buenos-aires-prueba-asfalto-formula-1\/\">avances en las obras de renovaci\u00f3n<\/a> del Aut\u00f3dromo Oscar y Juan G\u00e1lvez<\/em>.<\/strong><\/p>\n\n\n\n<p class=\"wp-block-paragraph\">Con respecto al <strong>WRC<\/strong>, el gobierno de la provincia de <strong>C\u00f3rdoba <\/strong>y el <strong>Autom\u00f3vil Club Argentino<\/strong> mantienen prolongadas negociaciones con la <strong>FIA <\/strong>y los promotores del <strong>Mundial de Rally<\/strong> para concretar la vuelta de la tradicional cita en el centro del pa\u00eds para 2027. <strong>David Eli<\/strong>, director de la productora encargada de la organizaci\u00f3n del evento, <a href=\"https:\/\/grandepremio.com\/es\/rally\/regreso-wrc-rally-argentina-david-eli-posibilidades-2027\/\">reconoci\u00f3 que existe un inter\u00e9s mutuo en recuperar la prueba, aunque un conflicto de fechas dificulta las negociaciones<\/a>.<\/p>\n\n\n\n<p class=\"wp-block-paragraph\"><strong>C\u00e9sar Carman<\/strong>, presidente del <strong>Autom\u00f3vil Club Argentino<\/strong>, revel\u00f3 que las gestiones de la entidad con la <strong>FIA<\/strong>, la <strong>F1 <\/strong>y el <strong>WRC <\/strong>est\u00e1n muy avanzadas y, aunque no dio m\u00e1s detalles, destac\u00f3 que hay buenas perspectivas de futuro. El dirigente, adem\u00e1s, resalt\u00f3 el regreso de <strong>Argentina <\/strong>a la escena deportiva internacional.<\/p>\n\n\n\n<p class=\"wp-block-paragraph\">&#8220;Estamos trabajando para concretar el regreso del <strong>Campeonato Mundial de Rally<\/strong>, tuvimos buenos avances con la <strong>F\u00f3rmula 1<\/strong> y estamos negociando con otras categor\u00edas. Tenemos muy buenas expectativas a futuro, las negociaciones est\u00e1n avanzadas y van por buen camino&#8221;, declar\u00f3 al medio <em>Campeones<\/em>.<\/p>\n\n\n\n<figure class=\"wp-block-image size-large\"><img decoding=\"async\" src=\"https:\/\/grandepremio.com\/es\/wp-content\/uploads\/2026\/03\/SI201905020101_11zon-1024x683.webp\" alt=\"\" class=\"wp-image-396715\"\/><figcaption class=\"wp-element-caption\">El Rally de Argentina form\u00f3 parte del calendario del WRC entre 1980 y 2019, y podr\u00eda regresar en 2027 (Foto: Red Bull Content Pool)<\/figcaption><\/figure>\n\n\n\n<p class=\"wp-block-paragraph\">&#8220;<strong>Argentina <\/strong>est\u00e1 viviendo un gran momento en el automovilismo. Le demostramos al mundo que somos un pa\u00eds apasionado por el deporte, con un p\u00fablico que atraviesa todas las edades y que est\u00e1 viviendo un gran momento. Volvimos a estar en los primeros planos&#8221;, destac\u00f3. <\/p>\n\n\n\n<p class=\"wp-block-paragraph\">A pesar de las expectativas, <strong>Carman <\/strong>reconoci\u00f3 que la concreci\u00f3n de los planes depende de la situaci\u00f3n econ\u00f3mica nacional y el espacio que los campeonatos internacionales dispongan en sus calendarios, aunque ratific\u00f3 que existen &#8220;buenas expectativas&#8221; a futuro. <\/p>\n\n\n\n<p class=\"wp-block-paragraph\">&#8220;Para consolidar este presente, necesitamos una econom\u00eda estable y espacio en los calendarios de las categor\u00edas, pero puedo asegurar que estamos mucho mejor que antes&#8221;, concluy\u00f3<\/p>\n\n\n\n<p class=\"wp-block-paragraph\">La&nbsp;<strong>F\u00f3rmula 1<\/strong>&nbsp;vuelve a la acci\u00f3n entre el 5 y 7 de junio para disputar el&nbsp;<strong>GP de M\u00f3naco<\/strong>, sexta fecha de la temporada 2026. GRANDE PREMIO en ESPA\u00d1OL realizar\u00e1 una cobertura completa del evento.<\/p>\n\n\n\n<figure class=\"wp-block-embed is-type-video is-provider-youtube wp-block-embed-youtube wp-embed-aspect-16-9 wp-has-aspect-ratio\"><div class=\"wp-block-embed__wrapper\">\n<iframe loading=\"lazy\" title=\"ANTONELLI BRILLA Y GANA EL GP DE CANAD\u00c1; COLAPINTO, SEXTO\" width=\"500\" height=\"281\" src=\"https:\/\/www.youtube.com\/embed\/_c-X22_HpgI?feature=oembed\" frameborder=\"0\" allow=\"accelerometer; autoplay; clipboard-write; encrypted-media; gyroscope; picture-in-picture; web-share\" referrerpolicy=\"strict-origin-when-cross-origin\" allowfullscreen><\/iframe>\n<\/div><\/figure>\n\n\n\n<p class=\"wp-block-paragraph\"><\/p>\n","protected":false},"excerpt":{"rendered":"<p>C\u00e9sar Carman, presidente del Autom\u00f3vil Club Argentino, destac\u00f3 el avance en las negociaciones para recuperar las fechas de F1 y WRC en el pa\u00eds, y mencion\u00f3 el regreso de Argentina a los primeros planos del automovilismo a nivel mundial <\/p>\n","protected":false},"author":0,"featured_media":1010402621,"comment_status":"closed","ping_status":"closed","sticky":false,"template":"","format":"standard","meta":{"42wp_featured_image_caption":"","42wp_featured_image_credits":"","42wp_featured_video":"","42wp_featured_image_hidden":false,"42wp_authors_list":[],"footnotes":""},"categories":[5],"tags":[10272,10273,2575,10274,181,1680,179,2429,1445,1488,12695,4010,13728,1226,13432],"42wp_author":[14239],"class_list":["post-1020","post","type-post","status-publish","format-standard","has-post-thumbnail","hentry","category-f1","tag-aca","tag-automovil-club-argentino","tag-campeonato-mundial-de-rally","tag-cesar-carman","tag-f1","tag-f1-2026","tag-formula-1","tag-formula-1-2026","tag-gp-de-argentina","tag-grande-premio","tag-rally-de-argentina","tag-temporada-2026-f1","tag-temporada-2026-wrc","tag-wrc","tag-wrc-2026","42wp_author-jp-otrosky"],"_links":{"self":[{"href":"https:\/\/grandepremio.com\/es\/wp-json\/wp\/v2\/posts\/1020","targetHints":{"allow":["GET"]}}],"collection":[{"href":"https:\/\/grandepremio.com\/es\/wp-json\/wp\/v2\/posts"}],"about":[{"href":"https:\/\/grandepremio.com\/es\/wp-json\/wp\/v2\/types\/post"}],"replies":[{"embeddable":true,"href":"https:\/\/grandepremio.com\/es\/wp-json\/wp\/v2\/comments?post=1020"}],"version-history":[{"count":0,"href":"https:\/\/grandepremio.com\/es\/wp-json\/wp\/v2\/posts\/1020\/revisions"}],"wp:featuredmedia":[{"embeddable":true,"href":"https:\/\/grandepremio.com\/es\/wp-json\/wp\/v2\/media\/1010402621"}],"wp:attachment":[{"href":"https:\/\/grandepremio.com\/es\/wp-json\/wp\/v2\/media?parent=1020"}],"wp:term":[{"taxonomy":"category","embeddable":true,"href":"https:\/\/grandepremio.com\/es\/wp-json\/wp\/v2\/categories?post=1020"},{"taxonomy":"post_tag","embeddable":true,"href":"https:\/\/grandepremio.com\/es\/wp-json\/wp\/v2\/tags?post=1020"},{"taxonomy":"42wp_author","embeddable":true,"href":"https:\/\/grandepremio.com\/es\/wp-json\/wp\/v2\/42wp_author?post=1020"}],"curies":[{"name":"wp","href":"https:\/\/api.w.org\/{rel}","templated":true}]}}