{"id":10268,"date":"2024-12-07T14:34:01","date_gmt":"2024-12-07T17:34:01","guid":{"rendered":"https:\/\/grandepremio.com\/es\/2024\/12\/07\/verstappen-ve-dificil-clasificacion-abu-dhabi-admite-vacaciones-f1-2024\/"},"modified":"2024-12-07T14:34:06","modified_gmt":"2024-12-07T17:34:06","slug":"verstappen-ve-dificil-clasificacion-abu-dhabi-admite-vacaciones-f1-2024","status":"publish","type":"post","link":"https:\/\/grandepremio.com\/es\/f1\/verstappen-ve-dificil-clasificacion-abu-dhabi-admite-vacaciones-f1-2024\/","title":{"rendered":"Verstappen ve dif\u00edcil la clasificaci\u00f3n en Abu Dhabi y admite: &#8220;Con ganas de vacaciones&#8221;"},"content":{"rendered":"\n<p class=\"wp-block-paragraph\">Aunque <strong>Max Verstappen <\/strong>se ha coronado campe\u00f3n del mundo en la <strong>F1 2024<\/strong>, no ocult\u00f3 su frustraci\u00f3n por la ca\u00edda de nivel en el <strong>RB20 <\/strong>tras haber ganado siete de las primeras carreras. El neerland\u00e9s volvi\u00f3 a decir que el coche era dif\u00edcil de pilotar y no ocult\u00f3 su ansiedad por el final de temporada y el inicio del parate veraniego.<\/p>\n\n\n\n<figure class=\"wp-block-embed is-type-video is-provider-youtube wp-block-embed-youtube wp-embed-aspect-16-9 wp-has-aspect-ratio\"><div class=\"wp-block-embed__wrapper\">\n<iframe loading=\"lazy\" title=\"GP DE ABU DHABI - LA PREVIA\" width=\"500\" height=\"281\" src=\"https:\/\/www.youtube.com\/embed\/VbnPyUMqI_Q?feature=oembed\" frameborder=\"0\" allow=\"accelerometer; autoplay; clipboard-write; encrypted-media; gyroscope; picture-in-picture; web-share\" referrerpolicy=\"strict-origin-when-cross-origin\" allowfullscreen><\/iframe>\n<\/div><\/figure>\n\n\n\n<p class=\"wp-block-paragraph\"><strong>\u201cQuinto no es lo ideal, pero fue de nuevo una clasificaci\u00f3n muy dif\u00edcil, donde el coche fue muy dif\u00edcil, como lo ha sido toda la temporada. Lo har\u00e9 lo mejor posible durante la carrera, pero tengo ganas de tomarme unas vacaciones. Ya ha sido suficiente este a\u00f1o\u201d<\/strong>, coment\u00f3 Max despu\u00e9s de la clasificaci\u00f3n.<\/p>\n\n\n\n<p class=\"wp-block-paragraph\">Incluso, el coche le hizo un feo en la parte trasera al entrar a la recta principal, pero lo pudo salvar, pese a lo cual le cost\u00f3 la chance de pelear por la pole position en el circuito de <strong>Yas Marina<\/strong>.<\/p>\n\n\n\n<p class=\"wp-block-paragraph\"><strong>&#8220;A veces lo conseguimos [que el coche vaya bien], como en Catar. Pero aqu\u00ed fue un poco m\u00e1s dif\u00edcil al no tener el equilibrio que quer\u00eda en las curvas, y cuando conduces al l\u00edmite se te puede escapar f\u00e1cilmente, y eso es lo que pas\u00f3. No pude mejorar mi vuelta porque cambiamos algunas cosas en el aler\u00f3n delantero y luego dej\u00f3 de funcionar por completo&#8221;,<\/strong> explic\u00f3 Verstappen.<\/p>\n\n\n\n<figure class=\"wp-block-video\"><video class=\"video-js vjs-big-play-centered\" data-gp-vjs=\"1\" controls src=\"https:\/\/grandepremio.com\/es\/wp-content\/uploads\/2024\/12\/max_verstappen_traseirada_abu_dhabi.mp4\"><\/video><figcaption class=\"wp-element-caption\">Verstappen se escapa en la Q3, pero logra la vuelta r\u00e1pida (V\u00eddeo: Reproducci\u00f3n\/Sky Sports)<\/figcaption><\/figure>\n\n\n\n<p class=\"wp-block-paragraph\">Preguntado por el RB20, Max brome\u00f3 diciendo que no quiere volver a tocarlo despu\u00e9s del <strong>GP de Abu Dhabi<\/strong>: <strong>\u201cVoy a poner el RB20 en un museo y nunca lo volver\u00e9 a tocar\u201d<\/strong>, concluy\u00f3.<\/p>\n\n\n\n<p class=\"wp-block-paragraph\">\u23e9&nbsp;<em><strong>\u00a1Seguinos en redes por&nbsp;<\/strong><\/em><a href=\"https:\/\/twitter.com\/grandepremioES\"><em>Twitter&nbsp;<\/em><\/a><em><strong>e&nbsp;<\/strong><\/em><a href=\"https:\/\/www.instagram.com\/grandepremioes\/\"><em>Instagram!<\/em><\/a><br>\u23e9&nbsp;<em><strong>Adem\u00e1s, tenemos nuestro&nbsp;<\/strong><\/em><a href=\"https:\/\/whatsapp.com\/channel\/0029VaDZ5zb0gcfDxuwxBM05\"><em>canal de Whatsapp<\/em><\/a><em><strong>&nbsp;con toda la informaci\u00f3n al instante<\/strong><\/em>&nbsp;\ud83c\udfc1<\/p>\n\n\n\n<p class=\"wp-block-paragraph\">La F\u00f3rmula 1 volver\u00e1 a la pista para carrera del GP de Abu Dhabi ma\u00f1ana desde las 10:00, hora de Brasilia y Buenos Aires, con la cobertura \u00edntegra de GRANDE PREMIO.<\/p>\n","protected":false},"excerpt":{"rendered":"<p>Max Verstappen no ocult\u00f3 sus ganas de que acabe la temporada de la F1 2024 y brome\u00f3 sobre el RB20, el pol\u00e9mico coche de Red Bull que dio muchos problemas al equipo, pese a haberse coronado como tetracampe\u00f3n del mundo.<\/p>\n","protected":false},"author":0,"featured_media":1010305594,"comment_status":"closed","ping_status":"closed","sticky":false,"template":"","format":"standard","meta":{"42wp_featured_image_caption":"","42wp_featured_image_credits":"","42wp_featured_video":"","42wp_featured_image_hidden":false,"42wp_authors_list":[],"footnotes":""},"categories":[5],"tags":[181,2249,179,1884,249,9712,1184],"42wp_author":[14237],"class_list":["post-10268","post","type-post","status-publish","format-standard","has-post-thumbnail","hentry","category-f1","tag-f1","tag-f1-2024","tag-formula-1","tag-gp-de-abu-dhabi","tag-max-verstappen","tag-rb20","tag-yas-marina","42wp_author-gabriel-garcia"],"_links":{"self":[{"href":"https:\/\/grandepremio.com\/es\/wp-json\/wp\/v2\/posts\/10268","targetHints":{"allow":["GET"]}}],"collection":[{"href":"https:\/\/grandepremio.com\/es\/wp-json\/wp\/v2\/posts"}],"about":[{"href":"https:\/\/grandepremio.com\/es\/wp-json\/wp\/v2\/types\/post"}],"replies":[{"embeddable":true,"href":"https:\/\/grandepremio.com\/es\/wp-json\/wp\/v2\/comments?post=10268"}],"version-history":[{"count":0,"href":"https:\/\/grandepremio.com\/es\/wp-json\/wp\/v2\/posts\/10268\/revisions"}],"wp:featuredmedia":[{"embeddable":true,"href":"https:\/\/grandepremio.com\/es\/wp-json\/wp\/v2\/media\/1010305594"}],"wp:attachment":[{"href":"https:\/\/grandepremio.com\/es\/wp-json\/wp\/v2\/media?parent=10268"}],"wp:term":[{"taxonomy":"category","embeddable":true,"href":"https:\/\/grandepremio.com\/es\/wp-json\/wp\/v2\/categories?post=10268"},{"taxonomy":"post_tag","embeddable":true,"href":"https:\/\/grandepremio.com\/es\/wp-json\/wp\/v2\/tags?post=10268"},{"taxonomy":"42wp_author","embeddable":true,"href":"https:\/\/grandepremio.com\/es\/wp-json\/wp\/v2\/42wp_author?post=10268"}],"curies":[{"name":"wp","href":"https:\/\/api.w.org\/{rel}","templated":true}]}}