{"id":10298,"date":"2024-12-06T14:00:44","date_gmt":"2024-12-06T17:00:44","guid":{"rendered":"https:\/\/grandepremio.com\/es\/2024\/12\/06\/perez-dice-red-bull-mucho-hacer-abu-dhabi-f1-2024\/"},"modified":"2024-12-06T14:00:49","modified_gmt":"2024-12-06T17:00:49","slug":"perez-dice-red-bull-mucho-hacer-abu-dhabi-f1-2024","status":"publish","type":"post","link":"https:\/\/grandepremio.com\/es\/f1\/perez-dice-red-bull-mucho-hacer-abu-dhabi-f1-2024\/","title":{"rendered":"P\u00e9rez dice que Red Bull &#8220;tiene mucho que hacer&#8221; en Abu Dhabi: &#8220;Nada va bien&#8221;"},"content":{"rendered":"\n<p class=\"wp-block-paragraph\"><strong>Sergio P\u00e9rez <\/strong>sigue lejos de la punta en el cierre de la <strong>F1 2024 <\/strong>y pasa un momento m\u00e1s que delicado para mantener su puesto en <strong>Red Bull<\/strong> de cara a 2025, a pesar de que el equipo le renov\u00f3 por dos a\u00f1os m\u00e1s en el mes de junio.<\/p>\n\n\n\n<figure class=\"wp-block-embed is-type-video is-provider-youtube wp-block-embed-youtube wp-embed-aspect-16-9 wp-has-aspect-ratio\"><div class=\"wp-block-embed__wrapper\">\n<iframe loading=\"lazy\" title=\"GP DE ABU DHABI - LA PREVIA\" width=\"500\" height=\"281\" src=\"https:\/\/www.youtube.com\/embed\/VbnPyUMqI_Q?feature=oembed\" frameborder=\"0\" allow=\"accelerometer; autoplay; clipboard-write; encrypted-media; gyroscope; picture-in-picture; web-share\" referrerpolicy=\"strict-origin-when-cross-origin\" allowfullscreen><\/iframe>\n<\/div><\/figure>\n\n\n\n<p class=\"wp-block-paragraph\">Tras el primer d\u00eda de entrenamientos libres del <strong>GP de Abu Dhabi<\/strong>, el mexicano dijo que el<strong> RB20<\/strong> est\u00e1 enfrentando algunas dificultades con el ritmo, principalmente en la clasificaci\u00f3n. Y aunque el equipo ha probado diferentes configuraciones, el problema parece estar lejos de resolverse.<\/p>\n\n\n\n<p class=\"wp-block-paragraph\"><strong>\u201cFue complicado, tuve dificultades en la clasificaci\u00f3n, as\u00ed que tenemos trabajo por hacer. Pero en cuanto a ritmo de carrera, tenemos un rendimiento prometedor\u201d<\/strong>, dijo el oriundo de Guadalajara despu\u00e9s de la actividad en pista en el circuito de <strong>Yas Marina<\/strong>.<\/p>\n\n\n\n<p class=\"wp-block-paragraph\"><strong>\u201cIntentamos hacer muchas cosas en la pista, pero nada funciona por el momento. As\u00ed que tenemos mucho que hacer para poder conectar con el coche, especialmente en la vuelta\u201d<\/strong>, concluy\u00f3 P\u00e9rez.<\/p>\n\n\n\n<p class=\"wp-block-paragraph\">Mientras esto ocurre, <strong>Christian Horner<\/strong> ya piensa en el reemplazo de P\u00e9rez y el elegido podr\u00eda ser Liam Lawson, ante la salida de <strong>Honda <\/strong>como parte de los motores de Red Bull para 2026, dado que se ir\u00e1n con Aston Martin. El futuro de <em>Checo<\/em>, por su parte, contin\u00faa siendo incierto.<\/p>\n\n\n\n<figure class=\"wp-block-image size-large\"><img decoding=\"async\" src=\"https:\/\/grandepremio.com\/cdn-cgi\/image\/width=893,height=558,fit=contain,gravity=0.5x0.5,quality=75,format=webp\/es\/wp-content\/uploads\/2024\/12\/abu-dhabi-2024-f1-quinta-feira-red-bull-sergio-perez-afp-02-1200x800-1-1024x683.jpg\" alt=\"\" class=\"wp-image-305228\"\/><figcaption class=\"wp-element-caption\">Sergio P\u00e9rez se quej\u00f3 principalmente del ritmo de clasificaci\u00f3n del RB20 en Abu Dabi (Foto: AFP)<\/figcaption><\/figure>\n\n\n\n<p class=\"wp-block-paragraph\">\u23e9&nbsp;<em><strong>\u00a1Seguinos en redes por&nbsp;<\/strong><\/em><a href=\"https:\/\/twitter.com\/grandepremioES\"><em>Twitter&nbsp;<\/em><\/a><em><strong>e&nbsp;<\/strong><\/em><a href=\"https:\/\/www.instagram.com\/grandepremioes\/\"><em>Instagram!<\/em><\/a><br>\u23e9&nbsp;<em><strong>Adem\u00e1s, tenemos nuestro&nbsp;<\/strong><\/em><a href=\"https:\/\/whatsapp.com\/channel\/0029VaDZ5zb0gcfDxuwxBM05\"><em>canal de Whatsapp<\/em><\/a><em><strong>&nbsp;con toda la informaci\u00f3n al instante<\/strong><\/em>&nbsp;\ud83c\udfc1<\/p>\n\n\n\n<p class=\"wp-block-paragraph\">La F\u00f3rmula 1 volver\u00e1 a la pista para la FP3 del GP de Abu Dhabi ma\u00f1ana desde las 7:30, hora de Brasilia y Buenos Aires, con la cobertura \u00edntegra de GRANDE PREMIO.<\/p>\n\n\n\n<p class=\"wp-block-paragraph\"><\/p>\n","protected":false},"excerpt":{"rendered":"<p>Sergio P\u00e9rez dijo que Red Bull prob\u00f3 diferentes configuraciones en el RB20 en  los entrenamientos del Gran Premio de Abu Dhabi y que deber\u00e1n trabajar mucho para el resto del fin de semana. <\/p>\n","protected":false},"author":0,"featured_media":1010305220,"comment_status":"closed","ping_status":"closed","sticky":false,"template":"","format":"standard","meta":{"42wp_featured_image_caption":"","42wp_featured_image_credits":"","42wp_featured_video":"","42wp_featured_image_hidden":false,"42wp_authors_list":[],"footnotes":""},"categories":[5],"tags":[1336,2249,1884,221,9712,206,294,1184],"42wp_author":[14237],"class_list":["post-10298","post","type-post","status-publish","format-standard","has-post-thumbnail","hentry","category-f1","tag-christian-horner","tag-f1-2024","tag-gp-de-abu-dhabi","tag-honda","tag-rb20","tag-red-bull","tag-sergio-perez","tag-yas-marina","42wp_author-gabriel-garcia"],"_links":{"self":[{"href":"https:\/\/grandepremio.com\/es\/wp-json\/wp\/v2\/posts\/10298","targetHints":{"allow":["GET"]}}],"collection":[{"href":"https:\/\/grandepremio.com\/es\/wp-json\/wp\/v2\/posts"}],"about":[{"href":"https:\/\/grandepremio.com\/es\/wp-json\/wp\/v2\/types\/post"}],"replies":[{"embeddable":true,"href":"https:\/\/grandepremio.com\/es\/wp-json\/wp\/v2\/comments?post=10298"}],"version-history":[{"count":0,"href":"https:\/\/grandepremio.com\/es\/wp-json\/wp\/v2\/posts\/10298\/revisions"}],"wp:featuredmedia":[{"embeddable":true,"href":"https:\/\/grandepremio.com\/es\/wp-json\/wp\/v2\/media\/1010305220"}],"wp:attachment":[{"href":"https:\/\/grandepremio.com\/es\/wp-json\/wp\/v2\/media?parent=10298"}],"wp:term":[{"taxonomy":"category","embeddable":true,"href":"https:\/\/grandepremio.com\/es\/wp-json\/wp\/v2\/categories?post=10298"},{"taxonomy":"post_tag","embeddable":true,"href":"https:\/\/grandepremio.com\/es\/wp-json\/wp\/v2\/tags?post=10298"},{"taxonomy":"42wp_author","embeddable":true,"href":"https:\/\/grandepremio.com\/es\/wp-json\/wp\/v2\/42wp_author?post=10298"}],"curies":[{"name":"wp","href":"https:\/\/api.w.org\/{rel}","templated":true}]}}