{"id":10353,"date":"2024-12-03T11:21:13","date_gmt":"2024-12-03T14:21:13","guid":{"rendered":"https:\/\/grandepremio.com\/es\/2024\/12\/03\/ayumu-iwasa-rb-fp1-abu-dhabi-formula-1\/"},"modified":"2024-12-03T11:21:17","modified_gmt":"2024-12-03T14:21:17","slug":"ayumu-iwasa-rb-fp1-abu-dhabi-formula-1","status":"publish","type":"post","link":"https:\/\/grandepremio.com\/es\/f1\/ayumu-iwasa-rb-fp1-abu-dhabi-formula-1\/","title":{"rendered":"Red Bull coloca a Iwasa en RB para el primer entrenamiento del GP de Abu Dhabi"},"content":{"rendered":"\n<p class=\"wp-block-paragraph\"><strong>Ayumu Iwasa<\/strong> volver\u00e1 a participar en una sesi\u00f3n de entrenamientos de <strong>F\u00f3rmula 1.<\/strong> El piloto japon\u00e9s, miembro de la academia <strong>Red Bull<\/strong>, se pondr\u00e1 al volante del monoplaza de su compatriota <strong>Yuki Tsunoda <\/strong>en el equipo <strong>RB<\/strong> este fin de semana en Abu Dhabi.<\/p>\n\n\n\n<p class=\"wp-block-paragraph\">Iwasa compiti\u00f3 este a\u00f1o en la<strong> Super F\u00f3rmula <\/strong>con el equipo<strong> Mugen <\/strong>y termin\u00f3 quinto en el campeonato. Antes de eso, compiti\u00f3 en la <strong>F\u00f3rmula 2 <\/strong>durante dos temporadas, ganando cinco veces durante ese periodo.<\/p>\n\n\n\n<p class=\"wp-block-paragraph\">En <strong>F1,<\/strong> pilot\u00f3 por primera vez en la prueba de j\u00f3venes pilotos de 2023 con <strong>AlphaTauri<\/strong> (antiguo nombre de Racing Bulls). Este a\u00f1o, sustituy\u00f3 a <strong>Daniel Ricciardo<\/strong> en la FP1 del <strong>Gran Premio de Jap\u00f3n.<\/strong><\/p>\n\n\n\n<figure class=\"wp-block-image size-large\"><img decoding=\"async\" src=\"https:\/\/grandepremio.com\/cdn-cgi\/image\/width=893,height=558,fit=contain,gravity=0.5x0.5,quality=75,format=webp\/es\/wp-content\/uploads\/2024\/12\/SI202411090171-1024x683.jpg\" alt=\"\" class=\"wp-image-304594\"\/><figcaption class=\"wp-element-caption\">Ayumu Iwasa compiti\u00f3 en 2024 en la Super F\u00f3rmula. (Foto: Dutch Photo Agency \/ Red Bull Content Pool)<\/figcaption><\/figure>\n\n\n\n<p class=\"wp-block-paragraph\">\u00abEstoy muy emocionado por volver a pilotar el VCARB01 este fin de semana\u00bb, celebr\u00f3 Iwasa.<\/p>\n\n\n\n<p class=\"wp-block-paragraph\">Otro piloto japon\u00e9s tambi\u00e9n confirmado para el FP1 de Abu Dhabi <a href=\"https:\/\/grandepremio.com\/es\/f1\/mclaren-elige-hirakawa-fp1-abu-dhabi-oward-test-novatos\/\">es <strong>Ryo Hirakawa<\/strong><\/a>, miembro del Programa de Desarrollo de Pilotos de <strong>McLaren.<\/strong> En este caso, ocupar\u00e1 el puesto de <strong>Oscar Piastri.<\/strong><\/p>\n\n\n\n<figure class=\"wp-block-embed is-type-video is-provider-youtube wp-block-embed-youtube wp-embed-aspect-16-9 wp-has-aspect-ratio\"><div class=\"wp-block-embed__wrapper\">\n<iframe loading=\"lazy\" title=\"RESUMEN - GP DE QATAR\" width=\"500\" height=\"281\" src=\"https:\/\/www.youtube.com\/embed\/Y7sy587RShc?feature=oembed\" frameborder=\"0\" allow=\"accelerometer; autoplay; clipboard-write; encrypted-media; gyroscope; picture-in-picture; web-share\" referrerpolicy=\"strict-origin-when-cross-origin\" allowfullscreen><\/iframe>\n<\/div><\/figure>\n\n\n\n<p class=\"wp-block-paragraph\">Hasta ahora se han confirmado varias incorporaciones. Adem\u00e1s de Iwasa y Hirakawa, <a href=\"https:\/\/grandepremio.com\/es\/f1\/felipe-drugovich-aston-martin-entrenamientos-libres-gp-abu-dhabi-f1-2024\/\"><strong>Felipe Drugovich <\/strong>participar\u00e1 en la FP1 de Yas Marina con <strong>Aston Martin,<\/strong><\/a><strong> <\/strong><a href=\"https:\/\/grandepremio.com\/es\/f1\/red-bull-isack-hadjar-entrenamientos-libres-max-verstappen-gp-abu-dhabi-f1-2024\/\">mientras que<strong> Isack Hadjar<\/strong> pilotar\u00e1 un coche de <strong>Red Bull<\/strong><\/a><strong>. <\/strong><a href=\"https:\/\/grandepremio.com\/es\/f1\/luke-browning-abu-dhabi-fp1-abu-dhabi-formula-1\/\"><strong>Luke Browning<\/strong>, por su parte, se subir\u00e1 al <strong>Williams<\/strong> de <strong>Alex Albon<\/strong>,<\/a> mientras que <strong>Antonio Fuoco<\/strong> podr\u00eda ponerse al volante de una <strong>Ferrari.<\/strong><\/p>\n\n\n\n<p class=\"wp-block-paragraph\"><strong>La F\u00f3rmula 1 regresa este fin de semana, del 6 al 8 de diciembre, con el Gran Premio de Abu Dhabi. Ser\u00e1 la 24\u00aa y \u00faltima prueba de la temporada 2024.<\/strong><\/p>\n","protected":false},"excerpt":{"rendered":"<p>Ex F2 y actual piloto de Super F\u00f3rmula, el japon\u00e9s Ayumu Iwasa participar\u00e1 en la FP1 del GP de Abu Dhabi con el RB de su compatriota Yuki Tsunoda.<\/p>\n","protected":false},"author":0,"featured_media":1010304593,"comment_status":"closed","ping_status":"closed","sticky":false,"template":"","format":"standard","meta":{"42wp_featured_image_caption":"","42wp_featured_image_credits":"","42wp_featured_video":"","42wp_featured_image_hidden":false,"42wp_authors_list":[],"footnotes":""},"categories":[5],"tags":[3085,181,2249,179,2259,9881,206],"42wp_author":[14223],"class_list":["post-10353","post","type-post","status-publish","format-standard","has-post-thumbnail","hentry","category-f1","tag-ayumu-iwasa","tag-f1","tag-f1-2024","tag-formula-1","tag-formula-1-2024","tag-rb","tag-red-bull","42wp_author-esteban-nieto"],"_links":{"self":[{"href":"https:\/\/grandepremio.com\/es\/wp-json\/wp\/v2\/posts\/10353","targetHints":{"allow":["GET"]}}],"collection":[{"href":"https:\/\/grandepremio.com\/es\/wp-json\/wp\/v2\/posts"}],"about":[{"href":"https:\/\/grandepremio.com\/es\/wp-json\/wp\/v2\/types\/post"}],"replies":[{"embeddable":true,"href":"https:\/\/grandepremio.com\/es\/wp-json\/wp\/v2\/comments?post=10353"}],"version-history":[{"count":0,"href":"https:\/\/grandepremio.com\/es\/wp-json\/wp\/v2\/posts\/10353\/revisions"}],"wp:featuredmedia":[{"embeddable":true,"href":"https:\/\/grandepremio.com\/es\/wp-json\/wp\/v2\/media\/1010304593"}],"wp:attachment":[{"href":"https:\/\/grandepremio.com\/es\/wp-json\/wp\/v2\/media?parent=10353"}],"wp:term":[{"taxonomy":"category","embeddable":true,"href":"https:\/\/grandepremio.com\/es\/wp-json\/wp\/v2\/categories?post=10353"},{"taxonomy":"post_tag","embeddable":true,"href":"https:\/\/grandepremio.com\/es\/wp-json\/wp\/v2\/tags?post=10353"},{"taxonomy":"42wp_author","embeddable":true,"href":"https:\/\/grandepremio.com\/es\/wp-json\/wp\/v2\/42wp_author?post=10353"}],"curies":[{"name":"wp","href":"https:\/\/api.w.org\/{rel}","templated":true}]}}