{"id":10376,"date":"2024-12-01T21:22:06","date_gmt":"2024-12-02T00:22:06","guid":{"rendered":"https:\/\/grandepremio.com\/es\/2024\/12\/01\/mercedes-falta-de-ritmo-qatar-formula-1-2024\/"},"modified":"2024-12-01T21:54:31","modified_gmt":"2024-12-02T00:54:31","slug":"mercedes-falta-de-ritmo-qatar-formula-1-2024","status":"publish","type":"post","link":"https:\/\/grandepremio.com\/es\/f1\/mercedes-falta-de-ritmo-qatar-formula-1-2024\/","title":{"rendered":"Mercedes admite &#8220;falta de ritmo&#8221; y cuestiona GP de Qatar con &#8220;sanciones brutales&#8221;"},"content":{"rendered":"\n<p class=\"wp-block-paragraph\">El jefe de <strong>Mercedes, Toto Wolff,<\/strong> admiti\u00f3 que a <strong>Mercedes<\/strong> le falt\u00f3 ritmo <a href=\"https:\/\/grandepremio.com\/es\/f1\/max-verstappen-victoria-qatar-formula-1-2024\/\">en el <strong>Gran Premio de Qatar de F1.<\/strong><\/a><strong> <\/strong>Afirm\u00f3 que esa fue la raz\u00f3n por la que <strong>George Russell<\/strong> termin\u00f3 cuarto <a href=\"https:\/\/grandepremio.com\/es\/f1\/sancion-max-verstappen-red-bull-george-russell-pole-position-mercedes-gp-qatar\/\">despu\u00e9s de partir desde la pole<\/a>&#8211; y puso a <strong>Lewis Hamilton<\/strong> en el mismo barco, a pesar de que el siete veces campe\u00f3n recibi\u00f3 dos sanciones en la carrera, con la 12\u00ba posici\u00f3n final. De hecho, las recurrentes penalizaciones tambi\u00e9n fue un asunto que qued\u00f3 bajo la lupa de Wolff, en la segunda carrera dirigida por el portugu\u00e9s <strong>Rui Marques.<\/strong><\/p>\n\n\n\n<p class=\"wp-block-paragraph\">El jefe de Mercedes se\u00f1al\u00f3 que el<strong> W15<\/strong> estaba \u00aben sus peores d\u00edas\u00bb y que su rendimiento empeor\u00f3 el domingo en Lusail. Para Wolff, la suerte podr\u00eda haber sido diferente si el Gran Premio de Qatar hubiera tenido las mismas condiciones clim\u00e1ticas del s\u00e1bado, con mucho menos calor en pista.<\/p>\n\n\n\n<p class=\"wp-block-paragraph\">\u00abAl final, no tuvimos el ritmo. Nuestro coche es dif\u00edcil de conducir en sus peores momentos, y hoy fue uno de esos d\u00edas, con ambos pilotos teniendo una experiencia similar. Creo que si la carrera hubiera sido ayer, habr\u00edamos tenido opciones de ganar. Pero hoy simplemente no ten\u00edamos la velocidad detr\u00e1s de Lando [Norris] y Max [Verstappen]\u00bb, expres\u00f3 el dirigente de Mercedes.<\/p>\n\n\n\n<p class=\"wp-block-paragraph\"><strong><em>\u00a1Todas las novedades te esperan en el canal de&nbsp;<a href=\"https:\/\/www.youtube.com\/@GrandePremioES\" target=\"_blank\" rel=\"noreferrer noopener\">YouTube<\/a>&nbsp;de Grande Pr\u00eamio en Espa\u00f1ol!<\/em><\/strong><\/p>\n\n\n\n<figure class=\"wp-block-video\"><video class=\"video-js vjs-big-play-centered\" data-gp-vjs=\"1\" controls src=\"https:\/\/grandepremio.com\/es\/wp-content\/uploads\/..\/gp_br_uploads\/2024\/12\/Hamilton-largada-GP-do-Catar.mp4\"><\/video><figcaption class=\"wp-element-caption\">Lewis Hamilton fue sancionado por falsa largada en el GP de Qatar (Video: reproducci\u00f3n\/DAZN)<\/figcaption><\/figure>\n\n\n\n<p class=\"wp-block-paragraph\">\u00abEl coche era muy dif\u00edcil para Lewis y George, ten\u00edamos mucho subviraje y ambos lo sufr\u00edan. Empezamos a perder terreno respecto a los que ten\u00edamos delante, as\u00ed que decidimos llamar a George a boxes y esperar conseguir una mejor posici\u00f3n. Desafortunadamente, sufrimos una parada lenta, luego acabamos en tr\u00e1fico y nos cost\u00f3 volver. Luego, con Lewis, tuvimos la falsa largada y la velocidad en el pitlane, lo que impact\u00f3 a\u00fan m\u00e1s en la carrera, junto con la falta de ritmo\u00bb, a\u00f1adi\u00f3.<\/p>\n\n\n\n<p class=\"wp-block-paragraph\">Wolff aprovech\u00f3 para hablar de la despedida de Hamilton con Mercedes, que ser\u00e1 el pr\u00f3ximo fin de semana, con el Gran Premio de Abu Dabi, del 6 al 8 de diciembre.<\/p>\n\n\n\n<p class=\"wp-block-paragraph\">\u00abNos queda una carrera m\u00e1s y seguiremos dando lo mejor de nosotros. Celebraremos la relaci\u00f3n y la asociaci\u00f3n que hemos tenido con Lewis. Estas carreras dif\u00edciles se olvidar\u00e1n r\u00e1pidamente. Hemos tenido una colaboraci\u00f3n incre\u00edble con Hamilton en los \u00faltimos 12 a\u00f1os, con seis t\u00edtulos de pilotos y ocho de constructores que hemos ganado juntos, y son estas cosas las que recordaremos con cari\u00f1o\u00bb, expres\u00f3 el jefe de Mercedes.<\/p>\n\n\n\n<p class=\"wp-block-paragraph\"><strong><em>\u00a1Seguinos en redes por&nbsp;<a href=\"https:\/\/twitter.com\/grandepremioES\" target=\"_blank\" rel=\"noreferrer noopener\">Twitter&nbsp;<\/a>e&nbsp;<a href=\"https:\/\/www.instagram.com\/grandepremioes\/\" target=\"_blank\" rel=\"noreferrer noopener\">Instagram!<\/a><\/em><\/strong><br><strong><em>Adem\u00e1s, tenemos nuestro&nbsp;<a href=\"https:\/\/whatsapp.com\/channel\/0029VaDZ5zb0gcfDxuwxBM05\" target=\"_blank\" rel=\"noreferrer noopener\">canal de Whatsapp<\/a>&nbsp;con toda la informaci\u00f3n al instante<\/em><\/strong><\/p>\n\n\n\n<figure class=\"wp-block-video\"><video class=\"video-js vjs-big-play-centered\" data-gp-vjs=\"1\" controls src=\"https:\/\/grandepremio.com\/es\/wp-content\/uploads\/..\/gp_br_uploads\/2024\/12\/F1-2024-Catar-Lusail-Domingo-Lewis-Hamilton-Carlos-Sainz.mp4\"><\/video><figcaption class=\"wp-element-caption\">Valtteri Bottas atropell\u00f3 el espejo retrovisor de Alex Albon, y gener\u00f3 los pinchazos de Lewis Hamilton y de Carlos Sainz. (Video: F1) <\/figcaption><\/figure>\n\n\n\n<p class=\"wp-block-paragraph\">Por \u00faltimo, el austr\u00edaco tambi\u00e9n habl\u00f3 sobre las sanciones impuestas durante el Gran Premio de Qatar. El jefe de Mercedes pidi\u00f3 coherencia y se\u00f1al\u00f3 que el stop &amp; go de 10s dado a Norris, que hizo caer al brit\u00e1nico de la segunda a la d\u00e9cima posici\u00f3n, podr\u00eda quitarle el t\u00edtulo del <strong>Mundial de Constructores <\/strong>de las manos de McLaren.<\/p>\n\n\n\n<p class=\"wp-block-paragraph\">\u00abCreo que las sanciones fueron brutales, sobre todo para McLaren. Eso les puede costar el campeonato. No s\u00e9 exactamente cu\u00e1l fue la infracci\u00f3n y lo m\u00e1s importante es que haya coherencia. Si la direcci\u00f3n de carrera adopta una l\u00ednea dura, est\u00e1 bien, siempre y cuando todo el mundo sepa que esa es la l\u00ednea que estamos tomando, y nos atenemos a ella\u00bb, concluy\u00f3 el jefe de Mercedes.<\/p>\n\n\n\n<p class=\"wp-block-paragraph\"><strong>La F\u00f3rmula 1 regresa el pr\u00f3ximo fin de semana, del 6 al 8 de diciembre, con el Gran Premio de Abu Dhabi. Ser\u00e1 la 24\u00aa y \u00faltima prueba de la temporada 2024.<\/strong><\/p>\n\n\n\n<figure class=\"wp-block-embed is-type-video is-provider-youtube wp-block-embed-youtube wp-embed-aspect-16-9 wp-has-aspect-ratio\"><div class=\"wp-block-embed__wrapper\">\n<iframe loading=\"lazy\" title=\"RESUMEN - GP DE QATAR\" width=\"500\" height=\"281\" src=\"https:\/\/www.youtube.com\/embed\/Y7sy587RShc?feature=oembed\" frameborder=\"0\" allow=\"accelerometer; autoplay; clipboard-write; encrypted-media; gyroscope; picture-in-picture; web-share\" referrerpolicy=\"strict-origin-when-cross-origin\" allowfullscreen><\/iframe>\n<\/div><\/figure>\n\n\n\n<p class=\"wp-block-paragraph\"><\/p>\n","protected":false},"excerpt":{"rendered":"<p>Toto Wolff, jefe de Mercedes, lament\u00f3 la falta de rendimiento del W15 en el GP de Qatar, y opin\u00f3 que debe haber &#8220;coherencia&#8221; a la hora de sancionar maniobras.<\/p>\n","protected":false},"author":0,"featured_media":1010304335,"comment_status":"closed","ping_status":"closed","sticky":false,"template":"","format":"standard","meta":{"42wp_featured_image_caption":"","42wp_featured_image_credits":"","42wp_featured_video":"","42wp_featured_image_hidden":false,"42wp_authors_list":[],"footnotes":""},"categories":[5],"tags":[181,2249,179,2259,197,569],"42wp_author":[14223],"class_list":["post-10376","post","type-post","status-publish","format-standard","has-post-thumbnail","hentry","category-f1","tag-f1","tag-f1-2024","tag-formula-1","tag-formula-1-2024","tag-mercedes","tag-toto-wolff","42wp_author-esteban-nieto"],"_links":{"self":[{"href":"https:\/\/grandepremio.com\/es\/wp-json\/wp\/v2\/posts\/10376","targetHints":{"allow":["GET"]}}],"collection":[{"href":"https:\/\/grandepremio.com\/es\/wp-json\/wp\/v2\/posts"}],"about":[{"href":"https:\/\/grandepremio.com\/es\/wp-json\/wp\/v2\/types\/post"}],"replies":[{"embeddable":true,"href":"https:\/\/grandepremio.com\/es\/wp-json\/wp\/v2\/comments?post=10376"}],"version-history":[{"count":0,"href":"https:\/\/grandepremio.com\/es\/wp-json\/wp\/v2\/posts\/10376\/revisions"}],"wp:featuredmedia":[{"embeddable":true,"href":"https:\/\/grandepremio.com\/es\/wp-json\/wp\/v2\/media\/1010304335"}],"wp:attachment":[{"href":"https:\/\/grandepremio.com\/es\/wp-json\/wp\/v2\/media?parent=10376"}],"wp:term":[{"taxonomy":"category","embeddable":true,"href":"https:\/\/grandepremio.com\/es\/wp-json\/wp\/v2\/categories?post=10376"},{"taxonomy":"post_tag","embeddable":true,"href":"https:\/\/grandepremio.com\/es\/wp-json\/wp\/v2\/tags?post=10376"},{"taxonomy":"42wp_author","embeddable":true,"href":"https:\/\/grandepremio.com\/es\/wp-json\/wp\/v2\/42wp_author?post=10376"}],"curies":[{"name":"wp","href":"https:\/\/api.w.org\/{rel}","templated":true}]}}