{"id":10409,"date":"2024-11-30T17:37:38","date_gmt":"2024-11-30T20:37:38","guid":{"rendered":"https:\/\/grandepremio.com\/es\/2024\/11\/30\/charles-leclerc-ferrari-clasificacion-gp-qatar-f1-2024\/"},"modified":"2024-11-30T17:37:41","modified_gmt":"2024-11-30T20:37:41","slug":"charles-leclerc-ferrari-clasificacion-gp-qatar-f1-2024","status":"publish","type":"post","link":"https:\/\/grandepremio.com\/es\/f1\/charles-leclerc-ferrari-clasificacion-gp-qatar-f1-2024\/","title":{"rendered":"Leclerc se ve lejos de Mercedes y Red Bull, y destaca avance de McLaren en Qatar"},"content":{"rendered":"\n<p class=\"wp-block-paragraph\"><strong>Charles Leclerc <\/strong>termin\u00f3 la clasificaci\u00f3n del s\u00e1bado doblemente sorprendido. Quinto en la parrilla de salida del <strong>GP de Qatar,<\/strong> el monegasco se qued\u00f3 at\u00f3nito ante la proximidad de los <strong>McLaren<\/strong>, que formaban la segunda fila de la parrilla. Pero el rendimiento de <strong>Red Bull<\/strong> y <strong>Mercedes <\/strong>tambi\u00e9n lo sorprendi\u00f3.<\/p>\n\n\n\n<p class=\"wp-block-paragraph\">\ud83d\udfe5<em><strong>\u00a1Todas las novedades te esperan en el canal de&nbsp;<\/strong><\/em><a href=\"https:\/\/www.youtube.com\/@GrandePremioES\"><em>YouTube<\/em><\/a><em><strong>&nbsp;de Grande Pr\u00eamio en Espa\u00f1ol!<\/strong><\/em>&nbsp;\ud83d\udfe8<\/p>\n\n\n\n<p class=\"wp-block-paragraph\">Tras un viernes deslucido, <strong>Max Verstappen<\/strong> aprovech\u00f3 una mejora en su coche para marcar un tiempo de 1:20:520 y quedarse con la pole en <strong>Lusail<\/strong>, 0s055 mejor que <strong>George Russell. Lando Norris<\/strong> y <strong>Oscar Piastri<\/strong> lo siguieron, con <strong>Leclerc <\/strong>0s332 m\u00e1s lento que el tetracampe\u00f3n de F1 en quinta posici\u00f3n.<\/p>\n\n\n\n<p class=\"wp-block-paragraph\">En la recta final de la temporada, <strong>Ferrari <\/strong>se centra en el Campeonato Mundial de Constructores. Con la victoria de <strong>Piastri <\/strong>en la carrera sprint del s\u00e1bado, <strong>McLaren <\/strong>ha ampliado su margen a 30 puntos, por lo que <strong>Ferrari <\/strong>est\u00e1 entre la espada y la pared en territorio qatar\u00ed.<\/p>\n\n\n\n<p class=\"wp-block-paragraph\">\u00abSiento que hice un buen trabajo. Las dos vueltas fueron buenas y al l\u00edmite\u00bb, dijo <strong>Leclerc <\/strong>en una entrevista con la cadena brit\u00e1nica Sky Sport F1. \u00abTenemos que maximizar los puntos en un fin de semana que es dif\u00edcil para nosotros. Siento que hemos maximizado hoy y todo est\u00e1 en juego en la carrera, donde se punt\u00faa\u00bb, continu\u00f3.<\/p>\n\n\n\n<p class=\"wp-block-paragraph\">La actuaci\u00f3n de <strong>Leclerc <\/strong>en el sprint, cuando se hizo con el quinto puesto, le hizo sentirse confiado, pero tambi\u00e9n el rendimiento de <strong>Red Bull<\/strong> y <strong>Mercedes<\/strong>, ya que el aumento del n\u00famero de rivales podr\u00eda impedir a Ferrari sumar los puntos que necesita.<\/p>\n\n\n\n<p class=\"wp-block-paragraph\">\u23e9\u00a0<em><strong>\u00a1Seguinos en redes por\u00a0<\/strong><\/em><a href=\"https:\/\/twitter.com\/grandepremioES\"><em>Twitter\u00a0<\/em><\/a><em><strong>e\u00a0<\/strong><\/em><a href=\"https:\/\/www.instagram.com\/grandepremioes\/\"><em>Instagram!<\/em><\/a><br>\u23e9\u00a0<em><strong>Adem\u00e1s, tenemos nuestro\u00a0<\/strong><\/em><a href=\"https:\/\/whatsapp.com\/channel\/0029VaDZ5zb0gcfDxuwxBM05\"><em>canal de Whatsapp<\/em><\/a><em><strong>\u00a0con toda la informaci\u00f3n al instante<\/strong><\/em>\u00a0\ud83c\udfc1<\/p>\n\n\n\n<figure class=\"wp-block-image size-large\"><img decoding=\"async\" src=\"https:\/\/grandepremio.com\/es\/wp-content\/uploads\/2024\/11\/catar-2024-f1-classificacao-ferrari-charles-leclerc-afp-02-1200x800-1-1024x683.jpg\" alt=\"\" class=\"wp-image-303954\"\/><figcaption class=\"wp-element-caption\">Charles Leclerc no ocult\u00f3 su preocupaci\u00f3n por el ritmo de sus rivales en Qatar (Foto: AFP)<\/figcaption><\/figure>\n\n\n\n<p class=\"wp-block-paragraph\">\u00abEn el sprint estuvimos fuertes, as\u00ed que eso es positivo, pero salimos detr\u00e1s, lo que es negativo\u00bb, reflexion\u00f3. \u00abEs una sorpresa que estemos tan cerca de <strong>McLaren<\/strong>, pero una sorpresa que <strong>Red Bull<\/strong> y <strong>Mercedes <\/strong>est\u00e9n tan fuertes\u00bb, analiz\u00f3.<\/p>\n\n\n\n<p class=\"wp-block-paragraph\">\u00abSi acabamos delante [de <strong>McLaren<\/strong>], probablemente no sumaremos tantos puntos como nos gustar\u00eda. Pero tenemos que centrarnos en nosotros mismos. Ma\u00f1ana tenemos la oportunidad de acabar delante, pero la salida ser\u00e1 importante porque luego es muy dif\u00edcil adelantar\u00bb, concluy\u00f3.<\/p>\n\n\n\n<p class=\"wp-block-paragraph\"><strong>GRANDE PREMIO en ESPA\u00d1OL sigue todas las actividades del GP de Qatar EN VIVO y en TIEMPO REAL.<\/strong><\/p>\n\n\n\n<figure class=\"wp-block-embed is-type-video is-provider-youtube wp-block-embed-youtube wp-embed-aspect-16-9 wp-has-aspect-ratio\"><div class=\"wp-block-embed__wrapper\">\n<iframe loading=\"lazy\" title=\"GP DE QATAR - LA PREVIA\" width=\"500\" height=\"281\" src=\"https:\/\/www.youtube.com\/embed\/6wbXhTFWeCM?feature=oembed\" frameborder=\"0\" allow=\"accelerometer; autoplay; clipboard-write; encrypted-media; gyroscope; picture-in-picture; web-share\" referrerpolicy=\"strict-origin-when-cross-origin\" allowfullscreen><\/iframe>\n<\/div><\/figure>\n","protected":false},"excerpt":{"rendered":"<p>Quinto en la clasificaci\u00f3n del Gran Premio de Qatar, Charles Leclerc dijo que no esperaba empezar la carrera en Lusail tan cerca de los McLaren, que dominan la segunda fila. Sin embargo, el monegasco se mostr\u00f3 preocupado por el avance de Mercedes y Red Bull<\/p>\n","protected":false},"author":0,"featured_media":1000903395,"comment_status":"closed","ping_status":"closed","sticky":false,"template":"","format":"standard","meta":{"42wp_featured_image_caption":"","42wp_featured_image_credits":"","42wp_featured_video":"","42wp_featured_image_hidden":false,"42wp_authors_list":[],"footnotes":""},"categories":[5],"tags":[247,181,2249,185,179,2259,253,11112,1488,268,199,249,197,278,206,294,4540],"42wp_author":[14239],"class_list":["post-10409","post","type-post","status-publish","format-standard","has-post-thumbnail","hentry","category-f1","tag-charles-leclerc","tag-f1","tag-f1-2024","tag-ferrari","tag-formula-1","tag-formula-1-2024","tag-george-russell","tag-gp-de-qatar-2024","tag-grande-premio","tag-lando-norris","tag-lewis-hamilton","tag-max-verstappen","tag-mercedes","tag-oscar-piastri","tag-red-bull","tag-sergio-perez","tag-temporada-2024-f1","42wp_author-jp-otrosky"],"_links":{"self":[{"href":"https:\/\/grandepremio.com\/es\/wp-json\/wp\/v2\/posts\/10409","targetHints":{"allow":["GET"]}}],"collection":[{"href":"https:\/\/grandepremio.com\/es\/wp-json\/wp\/v2\/posts"}],"about":[{"href":"https:\/\/grandepremio.com\/es\/wp-json\/wp\/v2\/types\/post"}],"replies":[{"embeddable":true,"href":"https:\/\/grandepremio.com\/es\/wp-json\/wp\/v2\/comments?post=10409"}],"version-history":[{"count":0,"href":"https:\/\/grandepremio.com\/es\/wp-json\/wp\/v2\/posts\/10409\/revisions"}],"wp:featuredmedia":[{"embeddable":true,"href":"https:\/\/grandepremio.com\/es\/wp-json\/wp\/v2\/media\/1000903395"}],"wp:attachment":[{"href":"https:\/\/grandepremio.com\/es\/wp-json\/wp\/v2\/media?parent=10409"}],"wp:term":[{"taxonomy":"category","embeddable":true,"href":"https:\/\/grandepremio.com\/es\/wp-json\/wp\/v2\/categories?post=10409"},{"taxonomy":"post_tag","embeddable":true,"href":"https:\/\/grandepremio.com\/es\/wp-json\/wp\/v2\/tags?post=10409"},{"taxonomy":"42wp_author","embeddable":true,"href":"https:\/\/grandepremio.com\/es\/wp-json\/wp\/v2\/42wp_author?post=10409"}],"curies":[{"name":"wp","href":"https:\/\/api.w.org\/{rel}","templated":true}]}}