{"id":10410,"date":"2024-11-30T17:22:09","date_gmt":"2024-11-30T20:22:09","guid":{"rendered":"https:\/\/grandepremio.com\/es\/2024\/11\/30\/russell-valora-incidente-verstappen-qatar-f1-2024\/"},"modified":"2024-11-30T17:24:55","modified_gmt":"2024-11-30T20:24:55","slug":"russell-valora-incidente-verstappen-qatar-f1-2024","status":"publish","type":"post","link":"https:\/\/grandepremio.com\/es\/f1\/russell-valora-incidente-verstappen-qatar-f1-2024\/","title":{"rendered":"Russell valora el incidente con Verstappen en Qatar: &#8220;Quiz\u00e1 la raz\u00f3n por la que no mejor\u00e9&#8221;"},"content":{"rendered":"\n<p class=\"wp-block-paragraph\"><strong>George Russell<\/strong> fue segundo en la clasificaci\u00f3n del <strong>GP de Qatar<\/strong> y explic\u00f3 que <strong>Max Verstappen<\/strong> le bloque\u00f3 una vuelta r\u00e1pida, por lo que no pudo bajar el tiempo que, finalmente, puso en pole al piloto de <strong>Red Bull <\/strong>en el circuito de <strong>Lusail<\/strong>.<\/p>\n\n\n\n<figure class=\"wp-block-embed is-type-video is-provider-youtube wp-block-embed-youtube wp-embed-aspect-16-9 wp-has-aspect-ratio\"><div class=\"wp-block-embed__wrapper\">\n<iframe loading=\"lazy\" title=\"GP DE QATAR - LA PREVIA\" width=\"500\" height=\"281\" src=\"https:\/\/www.youtube.com\/embed\/6wbXhTFWeCM?feature=oembed\" frameborder=\"0\" allow=\"accelerometer; autoplay; clipboard-write; encrypted-media; gyroscope; picture-in-picture; web-share\" referrerpolicy=\"strict-origin-when-cross-origin\" allowfullscreen><\/iframe>\n<\/div><\/figure>\n\n\n\n<p class=\"wp-block-paragraph\">Debido a esa maniobra, el camp\u00e9on de la <strong>F1 2024<\/strong> tendr\u00e1 que darle explicaciones a los comisarios deportivos de la <strong>FIA<\/strong>, al tiempo que Russell le ech\u00f3 la culpa de da\u00f1os en el <strong>W15<\/strong> y dijo que hab\u00eda causado un <em>\u201cinmenso peligro\u201d<\/em> en la Q3.<\/p>\n\n\n\n<p class=\"wp-block-paragraph\">\ud83d\udfe5<em><strong>\u00a1Todas las novedades te esperan en el canal de&nbsp;<\/strong><\/em><a href=\"https:\/\/www.youtube.com\/@GrandePremioES\"><em>YouTube<\/em><\/a><em><strong>&nbsp;de Grande Pr\u00eamio en Espa\u00f1ol!<\/strong><\/em>&nbsp;\ud83d\udfe8<\/p>\n\n\n\n<p class=\"wp-block-paragraph\">Tras la sesi\u00f3n, George dio su punto de vista: <strong>\u201cAcab\u00e9 atravesando la grava con todo el entarimado. Parec\u00eda que la tabla del suelo estaba raspando contra la cebra y la grava, as\u00ed que espero que no haya da\u00f1ado el coche. Quiz\u00e1s por eso no mejoramos, no lo s\u00e9. Pero fue un poco complicado que sucediera dos curvas antes de que abri\u00e9ramos la vuelta\u201d.<\/strong><\/p>\n\n\n\n<p class=\"wp-block-paragraph\">Sobre el rendimiento de <strong>Mercedes<\/strong> en la pista qatar\u00ed, el brit\u00e1nico se\u00f1al\u00f3 que fue un buen d\u00eda para el equipo y record\u00f3 que esto no hubiera sido posible hace varios meses: <strong>\u201cHace unas carreras ni lo habr\u00edamos so\u00f1ado. En estos momentos tengo muy buen ritmo, me siento muy bien. Mi primera vuelta fue una de las mejores que he hecho nunca y, por alguna raz\u00f3n, no pude encontrar ese tiempo extra en el \u00faltimo intento y Max me adelant\u00f3. Pero s\u00f3lo tengo cosas positivas. El coche ha ido muy bien en los dos \u00faltimos fines de semana, y lo estamos aprovechando al m\u00e1ximo mientras podemos\u201d.<\/strong><\/p>\n\n\n\n<figure class=\"wp-block-video\"><video class=\"video-js vjs-big-play-centered\" data-gp-vjs=\"1\" controls src=\"https:\/\/grandepremio.com\/es\/wp-content\/uploads\/..\/gp_br_uploads\/2024\/11\/Verstappen-e-Russell-Q3-classificacao-Catar.mp4\"><\/video><figcaption class=\"wp-element-caption\">Max Verstappen se interpone en el camino de George Russell durante la clasificaci\u00f3n de la Q3 en Catar (V\u00eddeo: reproducci\u00f3n\/DAZN)<\/figcaption><\/figure>\n\n\n\n<p class=\"wp-block-paragraph\">Por \u00faltimo, Russell critic\u00f3 las \u00f3rdenes de equipo de<strong> McLaren<\/strong>, ya que <strong>Lando Norris<\/strong> levant\u00f3 en la carrera sprint para que gane <strong>Oscar Piastri<\/strong>, y celebr\u00f3 que Verstappen luche por vencer ma\u00f1ana: <strong>&#8220;Espero que tengamos una carrera de verdad en lugar de estas \u00f3rdenes de equipo. Va a ser una buena carrera. Creo que todos estaremos en la lucha. Esgenial que Max tambi\u00e9n est\u00e9 en la lucha. Me ha sorprendido mucho su cambio [el de Red Bull], ya que ayer y esta ma\u00f1ana parec\u00edan muy fuera de ritmo, y ambos han entrado en la Q3, Max en la pole, as\u00ed que creo que tenemos una buena carrera entre manos&#8221;.<\/strong><\/p>\n\n\n\n<p class=\"wp-block-paragraph\">\u23e9&nbsp;<em><strong>\u00a1Seguinos en redes por&nbsp;<\/strong><\/em><a href=\"https:\/\/twitter.com\/grandepremioES\"><em>Twitter&nbsp;<\/em><\/a><em><strong>e&nbsp;<\/strong><\/em><a href=\"https:\/\/www.instagram.com\/grandepremioes\/\"><em>Instagram!<\/em><\/a><br>\u23e9&nbsp;<em><strong>Adem\u00e1s, tenemos nuestro&nbsp;<\/strong><\/em><a href=\"https:\/\/whatsapp.com\/channel\/0029VaDZ5zb0gcfDxuwxBM05\"><em>canal de Whatsapp<\/em><\/a><em><strong>&nbsp;con toda la informaci\u00f3n al instante<\/strong><\/em>&nbsp;\ud83c\udfc1<\/p>\n\n\n\n<p class=\"wp-block-paragraph\">La F\u00f3rmula 1 regresa a la pista del Circuito de Lusail ma\u00f1ana a las 13:00, hora de Brasilia y Buenos Aires, con la disputa de la carrera principal del Gran Premio de Qatar.<\/p>\n","protected":false},"excerpt":{"rendered":"<p>George Russell tambi\u00e9n ha asegurado que espera una carrera en el Gran Premio de Qatar en la que no hayan \u00f3rdenes de equipo, en una cr\u00edtica abierta por la decisi\u00f3n de Lando Norris de levantar sobre el final de la carrera sprint para que ganara Oscar Piastri.<\/p>\n","protected":false},"author":0,"featured_media":1010303937,"comment_status":"closed","ping_status":"closed","sticky":false,"template":"","format":"standard","meta":{"42wp_featured_image_caption":"","42wp_featured_image_credits":"","42wp_featured_video":"","42wp_featured_image_hidden":false,"42wp_authors_list":[],"footnotes":""},"categories":[5],"tags":[181,2249,263,179,253,1563,268,2307,249,269,197,278,206,9580],"42wp_author":[14237],"class_list":["post-10410","post","type-post","status-publish","format-standard","has-post-thumbnail","hentry","category-f1","tag-f1","tag-f1-2024","tag-fia","tag-formula-1","tag-george-russell","tag-gp-de-qatar","tag-lando-norris","tag-lusail","tag-max-verstappen","tag-mclaren","tag-mercedes","tag-oscar-piastri","tag-red-bull","tag-w15","42wp_author-gabriel-garcia"],"_links":{"self":[{"href":"https:\/\/grandepremio.com\/es\/wp-json\/wp\/v2\/posts\/10410","targetHints":{"allow":["GET"]}}],"collection":[{"href":"https:\/\/grandepremio.com\/es\/wp-json\/wp\/v2\/posts"}],"about":[{"href":"https:\/\/grandepremio.com\/es\/wp-json\/wp\/v2\/types\/post"}],"replies":[{"embeddable":true,"href":"https:\/\/grandepremio.com\/es\/wp-json\/wp\/v2\/comments?post=10410"}],"version-history":[{"count":0,"href":"https:\/\/grandepremio.com\/es\/wp-json\/wp\/v2\/posts\/10410\/revisions"}],"wp:featuredmedia":[{"embeddable":true,"href":"https:\/\/grandepremio.com\/es\/wp-json\/wp\/v2\/media\/1010303937"}],"wp:attachment":[{"href":"https:\/\/grandepremio.com\/es\/wp-json\/wp\/v2\/media?parent=10410"}],"wp:term":[{"taxonomy":"category","embeddable":true,"href":"https:\/\/grandepremio.com\/es\/wp-json\/wp\/v2\/categories?post=10410"},{"taxonomy":"post_tag","embeddable":true,"href":"https:\/\/grandepremio.com\/es\/wp-json\/wp\/v2\/tags?post=10410"},{"taxonomy":"42wp_author","embeddable":true,"href":"https:\/\/grandepremio.com\/es\/wp-json\/wp\/v2\/42wp_author?post=10410"}],"curies":[{"name":"wp","href":"https:\/\/api.w.org\/{rel}","templated":true}]}}