{"id":10414,"date":"2024-11-30T16:43:32","date_gmt":"2024-11-30T19:43:32","guid":{"rendered":"https:\/\/grandepremio.com\/es\/2024\/11\/30\/verstappen-celebra-coche-mas-conectado-qatar-f1-2024\/"},"modified":"2024-11-30T16:43:35","modified_gmt":"2024-11-30T19:43:35","slug":"verstappen-celebra-coche-mas-conectado-qatar-f1-2024","status":"publish","type":"post","link":"https:\/\/grandepremio.com\/es\/f1\/verstappen-celebra-coche-mas-conectado-qatar-f1-2024\/","title":{"rendered":"Verstappen celebra un coche &#8220;m\u00e1s conectado&#8221; y se ilusiona: &#8220;Ojal\u00e1 dure para la carrera&#8221;"},"content":{"rendered":"\n<p class=\"wp-block-paragraph\">A pesar de que <strong>McLaren<\/strong> hizo el 1-2 en la carrera sprint, todo cambi\u00f3 para la clasificaci\u00f3n del <strong>GP de Qatar<\/strong>, ya que <strong>Max Verstappen<\/strong> logr\u00f3 un tiempo de 1:20.520 para quedarse con la pole, algo que no hac\u00eda desde el <strong>GP de Austria<\/strong>, a mitad de temporada de la F1 2024.<\/p>\n\n\n\n<p class=\"wp-block-paragraph\">\ud83d\udfe5<em><strong>\u00a1Todas las novedades te esperan en el canal de&nbsp;<\/strong><\/em><a href=\"https:\/\/www.youtube.com\/@GrandePremioES\"><em>YouTube<\/em><\/a><em><strong>&nbsp;de Grande Pr\u00eamio en Espa\u00f1ol!<\/strong><\/em>&nbsp;\ud83d\udfe8<\/p>\n\n\n\n<p class=\"wp-block-paragraph\">El piloto de<strong> Red Bull<\/strong> celebr\u00f3 el cambio realizado en el <strong>RB20 <\/strong>para la clasificaci\u00f3n, pero reconoci\u00f3 que no esperaba un cambio tan grande en cuanto a rendimiento, sobre todo porque ayer hab\u00eda declarado que no esperaba ninguna mejora para el resto del fin de semana.<\/p>\n\n\n\n<figure class=\"wp-block-embed is-type-video is-provider-youtube wp-block-embed-youtube wp-embed-aspect-16-9 wp-has-aspect-ratio\"><div class=\"wp-block-embed__wrapper\">\n<iframe loading=\"lazy\" title=\"GP DE QATAR - LA PREVIA\" width=\"500\" height=\"281\" src=\"https:\/\/www.youtube.com\/embed\/6wbXhTFWeCM?feature=oembed\" frameborder=\"0\" allow=\"accelerometer; autoplay; clipboard-write; encrypted-media; gyroscope; picture-in-picture; web-share\" referrerpolicy=\"strict-origin-when-cross-origin\" allowfullscreen><\/iframe>\n<\/div><\/figure>\n\n\n\n<p class=\"wp-block-paragraph\"><strong>\u201c\u00a1Una locura! No me lo esperaba. Enhorabuena al equipo por darme un coche que se siente un poco m\u00e1s conectado, y cuando el coche est\u00e1 un poco m\u00e1s conectado puedes empujar m\u00e1s fuerte y fue mucho mejor en la clasificaci\u00f3n\u201d,<\/strong> coment\u00f3 Max despu\u00e9s de la Q3.<\/p>\n\n\n\n<p class=\"wp-block-paragraph\"><strong>\u201cHemos cambiado un poco el coche, pero nunca imagin\u00e9 que el rendimiento cambiar\u00eda tanto, as\u00ed que esto es prometedor. Espero que dure hasta ma\u00f1ana en la carrera. Todav\u00eda no lo s\u00e9. Simplemente me sent\u00ed mucho m\u00e1s estable en una vuelta y eso es exactamente lo que necesit\u00e1bamos. Estamos muy contentos con la pole. Ha pasado mucho tiempo!\u201d<\/strong>, dijo Verstappen, celebrando la primera pole en seis meses. .<\/p>\n\n\n\n<p class=\"wp-block-paragraph\">Preguntado por sus expectativas para la carrera del domingo, el #1 respondi\u00f3: <strong>\u201cSer\u00e1 una carrera dura f\u00edsicamente y para los neum\u00e1ticos, necesitamos trabajar bien con ellos. El delantero izquierdo est\u00e1 bastante comido aqu\u00ed, as\u00ed que se trata de controlarlo ma\u00f1ana, pero con suerte, con la puesta a punto que tenemos en el coche, ser\u00e1 un poco mejor. Todo el mundo est\u00e1 muy cerca. En el sprint se pudo ver que Mercedes, McLaren y Ferrari eran r\u00e1pidos, y ahora parece que estamos en el juego\u201d.<\/strong><\/p>\n\n\n\n<figure class=\"wp-block-image size-large\"><img decoding=\"async\" src=\"https:\/\/grandepremio.com\/cdn-cgi\/image\/width=893,height=558,fit=contain,gravity=0.5x0.5,quality=75,format=webp\/es\/wp-content\/uploads\/2024\/11\/catar-2024-f1-classificacao-red-bull-max-verstappen-afp-02-1200x800-1-1024x683.jpg\" alt=\"\" class=\"wp-image-303910\"\/><figcaption class=\"wp-element-caption\">Max Verstappen logr\u00f3 su novena pole de la temporada 2024 (Foto: AFP)<\/figcaption><\/figure>\n\n\n\n<p class=\"wp-block-paragraph\">M\u00e1s all\u00e1 de esta pole, el campe\u00f3n del mundo ser\u00e1 objeto de investigaci\u00f3n por parte de la <strong>FIA<\/strong> (Federaci\u00f3n Internacional del Autom\u00f3vil) por bloquearle la vuelta a <strong>George Russell<\/strong> en Q3. El piloto de <strong>Mercedes <\/strong>finaliz\u00f3 segundo, a cinco cent\u00e9simas de Max.<\/p>\n\n\n\n<p class=\"wp-block-paragraph\">\u23e9&nbsp;<em><strong>\u00a1Seguinos en redes por&nbsp;<\/strong><\/em><a href=\"https:\/\/twitter.com\/grandepremioES\"><em>Twitter&nbsp;<\/em><\/a><em><strong>e&nbsp;<\/strong><\/em><a href=\"https:\/\/www.instagram.com\/grandepremioes\/\"><em>Instagram!<\/em><\/a><br>\u23e9&nbsp;<em><strong>Adem\u00e1s, tenemos nuestro&nbsp;<\/strong><\/em><a href=\"https:\/\/whatsapp.com\/channel\/0029VaDZ5zb0gcfDxuwxBM05\"><em>canal de Whatsapp<\/em><\/a><em><strong>&nbsp;con toda la informaci\u00f3n al instante<\/strong><\/em>&nbsp;\ud83c\udfc1<\/p>\n\n\n\n<p class=\"wp-block-paragraph\">La F\u00f3rmula 1 regresa a la pista del Circuito de Lusail ma\u00f1ana a las 13:00, hora de Brasilia y Buenos Aires, con la disputa de la carrera principal del Gran Premio de Qatar.<\/p>\n","protected":false},"excerpt":{"rendered":"<p>Max Verstappen admiti\u00f3 su sorpresa por la mejora en el rendimiento del monoplaza de Red Bull y confi\u00f3 en que la evoluci\u00f3n tambi\u00e9n est\u00e9 presente en  el Gran Premio de Qatar. Adem\u00e1s, el tetracampe\u00f3n de F\u00f3rmula 1 augur\u00f3 una carrera dura f\u00edsicamente y tambi\u00e9n para los neum\u00e1ticos.<\/p>\n","protected":false},"author":0,"featured_media":1010303904,"comment_status":"closed","ping_status":"closed","sticky":false,"template":"","format":"standard","meta":{"42wp_featured_image_caption":"","42wp_featured_image_credits":"","42wp_featured_video":"","42wp_featured_image_hidden":false,"42wp_authors_list":[],"footnotes":""},"categories":[5],"tags":[181,263,179,253,329,1563,249,269,197,9712,206],"42wp_author":[14237],"class_list":["post-10414","post","type-post","status-publish","format-standard","has-post-thumbnail","hentry","category-f1","tag-f1","tag-fia","tag-formula-1","tag-george-russell","tag-gp-de-austria","tag-gp-de-qatar","tag-max-verstappen","tag-mclaren","tag-mercedes","tag-rb20","tag-red-bull","42wp_author-gabriel-garcia"],"_links":{"self":[{"href":"https:\/\/grandepremio.com\/es\/wp-json\/wp\/v2\/posts\/10414","targetHints":{"allow":["GET"]}}],"collection":[{"href":"https:\/\/grandepremio.com\/es\/wp-json\/wp\/v2\/posts"}],"about":[{"href":"https:\/\/grandepremio.com\/es\/wp-json\/wp\/v2\/types\/post"}],"replies":[{"embeddable":true,"href":"https:\/\/grandepremio.com\/es\/wp-json\/wp\/v2\/comments?post=10414"}],"version-history":[{"count":0,"href":"https:\/\/grandepremio.com\/es\/wp-json\/wp\/v2\/posts\/10414\/revisions"}],"wp:featuredmedia":[{"embeddable":true,"href":"https:\/\/grandepremio.com\/es\/wp-json\/wp\/v2\/media\/1010303904"}],"wp:attachment":[{"href":"https:\/\/grandepremio.com\/es\/wp-json\/wp\/v2\/media?parent=10414"}],"wp:term":[{"taxonomy":"category","embeddable":true,"href":"https:\/\/grandepremio.com\/es\/wp-json\/wp\/v2\/categories?post=10414"},{"taxonomy":"post_tag","embeddable":true,"href":"https:\/\/grandepremio.com\/es\/wp-json\/wp\/v2\/tags?post=10414"},{"taxonomy":"42wp_author","embeddable":true,"href":"https:\/\/grandepremio.com\/es\/wp-json\/wp\/v2\/42wp_author?post=10414"}],"curies":[{"name":"wp","href":"https:\/\/api.w.org\/{rel}","templated":true}]}}