{"id":10428,"date":"2024-11-29T20:04:42","date_gmt":"2024-11-29T23:04:42","guid":{"rendered":"https:\/\/grandepremio.com\/es\/2024\/11\/29\/formula-e-anuncia-beckmann-reemplazo-de-sette-camara-lista-oficial\/"},"modified":"2024-11-29T20:13:46","modified_gmt":"2024-11-29T23:13:46","slug":"formula-e-anuncia-beckmann-reemplazo-de-sette-camara-lista-oficial","status":"publish","type":"post","link":"https:\/\/grandepremio.com\/es\/formula-e\/formula-e-anuncia-beckmann-reemplazo-de-sette-camara-lista-oficial\/","title":{"rendered":"La F\u00f3rmula E anuncia a Beckmann en reemplazo de Sette Camara en su lista oficial"},"content":{"rendered":"\n<p class=\"wp-block-paragraph\">Si bien el equipo <strong>Kiro<\/strong> no anunci\u00f3 a su alineaci\u00f3n de pilotos, <strong>David Beckmann<\/strong> llegar\u00e1 a la <strong>F\u00f3rmula E<\/strong> en reemplazo de <strong>Sergio Sette Camara<\/strong>, que se habr\u00eda quedado sin butaca por el cambio de propiedad de lo que fue hasta hace unos meses la escuder\u00eda de capitales chinos, ERT.<\/p>\n\n\n\n<figure class=\"wp-block-embed is-type-video is-provider-youtube wp-block-embed-youtube wp-embed-aspect-16-9 wp-has-aspect-ratio\"><div class=\"wp-block-embed__wrapper\">\n<iframe loading=\"lazy\" title=\"GP DE QATAR - LA PREVIA\" width=\"500\" height=\"281\" src=\"https:\/\/www.youtube.com\/embed\/6wbXhTFWeCM?feature=oembed\" frameborder=\"0\" allow=\"accelerometer; autoplay; clipboard-write; encrypted-media; gyroscope; picture-in-picture; web-share\" referrerpolicy=\"strict-origin-when-cross-origin\" allowfullscreen><\/iframe>\n<\/div><\/figure>\n\n\n\n<p class=\"wp-block-paragraph\">De acuerdo con la lista oficial, Beckmann ser\u00e1 el compa\u00f1ero de <strong>Dan Ticktum <\/strong>en el nuevo equipo de capitales estadounidenses tras haber participado de la pretemporada en Madrid, que se llev\u00f3 a cabo a comienzos de este mes. El alem\u00e1n est\u00e1 vinculado a <strong>Porsche<\/strong>, que proveer\u00e1 la nueva unidad de potencia, en lugar de las producidas por empresas asociadas.<\/p>\n\n\n\n<p class=\"wp-block-paragraph\">\ud83d\udfe5<em><strong>\u00a1Todas las novedades te esperan en el canal de&nbsp;<\/strong><\/em><a href=\"https:\/\/www.youtube.com\/@GrandePremioES\"><em>YouTube<\/em><\/a><em><strong>&nbsp;de Grande Pr\u00eamio en Espa\u00f1ol!<\/strong><\/em>&nbsp;\ud83d\udfe8<\/p>\n\n\n\n<p class=\"wp-block-paragraph\">Por otro lado, Kiro mantiene sus n\u00fameros para la und\u00e9cima temporada, con el #3 para Beckmann y el #33 para Ticktum. Durante los test de Jarama, David lider\u00f3 el tercer d\u00eda de ensayos oficiales, en donde se prob\u00f3 el nuevo sistema de <strong>Pit Boost<\/strong>, llamado anteriormente como <strong>Attack Charge<\/strong>.<\/p>\n\n\n\n<p class=\"wp-block-paragraph\">Con 66 carreras disputadas, es una inc\u00f3gnita el futuro de Sette Camara en la F\u00f3rmula E, despu\u00e9s de su debut en la temporada 2019\/2020, ante la falta de una clarificaci\u00f3n oficial por parte de Kiro, con quien mantuvo conversaciones, a\u00fan despu\u00e9s de haber elegido al alem\u00e1n para los test. El brasile\u00f1o fue quinto en el eP de Hyderabad de 2023 como mejor resultado.<\/p>\n\n\n\n<figure class=\"wp-block-image size-large\"><img decoding=\"async\" src=\"https:\/\/grandepremio.com\/cdn-cgi\/image\/width=893,height=558,fit=contain,gravity=0.5x0.5,quality=75,format=webp\/es\/wp-content\/uploads\/2024\/11\/EPS1006_083855SB1_3890-2048x2048-1-1200x800-1-1024x683.jpg\" alt=\"\" class=\"wp-image-303641\"\/><figcaption class=\"wp-element-caption\">Sette C\u00e2mara segu\u00eda buscando un lugar en Kiro para 2025 (Foto: F\u00f3rmula E)<\/figcaption><\/figure>\n\n\n\n<p class=\"wp-block-paragraph\">\u23e9&nbsp;<em><strong>\u00a1Seguinos en redes por&nbsp;<\/strong><\/em><a href=\"https:\/\/twitter.com\/grandepremioES\"><em>Twitter&nbsp;<\/em><\/a><em><strong>e&nbsp;<\/strong><\/em><a href=\"https:\/\/www.instagram.com\/grandepremioes\/\"><em>Instagram!<\/em><\/a><br>\u23e9&nbsp;<em><strong>Adem\u00e1s, tenemos nuestro&nbsp;<\/strong><\/em><a href=\"https:\/\/whatsapp.com\/channel\/0029VaDZ5zb0gcfDxuwxBM05\"><em>canal de Whatsapp<\/em><\/a><em><strong>&nbsp;con toda la informaci\u00f3n al instante<\/strong><\/em>&nbsp;\ud83c\udfc1<\/p>\n\n\n\n<p class=\"wp-block-paragraph\">La F\u00f3rmula E comienza a prepararse oficialmente para el estreno de la temporada, previsto para el 7 de diciembre con el <strong>eP de S\u00e3o Paulo<\/strong>. GRANDE PR\u00caMIO ofrecer\u00e1 una cobertura completa del evento, con presencia in situ.<\/p>\n","protected":false},"excerpt":{"rendered":"<p>Para la F\u00f3rmula E ser\u00e1 David Beckmann el elegido para reemplazar a Sergio Sette Camara, seg\u00fan su lista oficial, aunque no se dio a conocer por parte del equipo Kiro para la und\u00e9cima temporada de la categor\u00eda el\u00e9ctrica.<\/p>\n","protected":false},"author":0,"featured_media":1010303636,"comment_status":"closed","ping_status":"closed","sticky":false,"template":"","format":"standard","meta":{"42wp_featured_image_caption":"","42wp_featured_image_credits":"","42wp_featured_video":"","42wp_featured_image_hidden":false,"42wp_authors_list":[],"footnotes":""},"categories":[18],"tags":[9630,370,384,5221,462,11027,11108,308,5371],"42wp_author":[14237],"class_list":["post-10428","post","type-post","status-publish","format-standard","has-post-thumbnail","hentry","category-formula-e","tag-attack-charge","tag-dan-ticktum","tag-david-beckmann","tag-ep-de-sao-paulo","tag-formula-e","tag-kiro","tag-pit-boost","tag-porsche","tag-sergio-sette-camara","42wp_author-gabriel-garcia"],"_links":{"self":[{"href":"https:\/\/grandepremio.com\/es\/wp-json\/wp\/v2\/posts\/10428","targetHints":{"allow":["GET"]}}],"collection":[{"href":"https:\/\/grandepremio.com\/es\/wp-json\/wp\/v2\/posts"}],"about":[{"href":"https:\/\/grandepremio.com\/es\/wp-json\/wp\/v2\/types\/post"}],"replies":[{"embeddable":true,"href":"https:\/\/grandepremio.com\/es\/wp-json\/wp\/v2\/comments?post=10428"}],"version-history":[{"count":0,"href":"https:\/\/grandepremio.com\/es\/wp-json\/wp\/v2\/posts\/10428\/revisions"}],"wp:featuredmedia":[{"embeddable":true,"href":"https:\/\/grandepremio.com\/es\/wp-json\/wp\/v2\/media\/1010303636"}],"wp:attachment":[{"href":"https:\/\/grandepremio.com\/es\/wp-json\/wp\/v2\/media?parent=10428"}],"wp:term":[{"taxonomy":"category","embeddable":true,"href":"https:\/\/grandepremio.com\/es\/wp-json\/wp\/v2\/categories?post=10428"},{"taxonomy":"post_tag","embeddable":true,"href":"https:\/\/grandepremio.com\/es\/wp-json\/wp\/v2\/tags?post=10428"},{"taxonomy":"42wp_author","embeddable":true,"href":"https:\/\/grandepremio.com\/es\/wp-json\/wp\/v2\/42wp_author?post=10428"}],"curies":[{"name":"wp","href":"https:\/\/api.w.org\/{rel}","templated":true}]}}