{"id":10464,"date":"2024-11-28T12:49:24","date_gmt":"2024-11-28T15:49:24","guid":{"rendered":"https:\/\/grandepremio.com\/es\/2024\/11\/28\/ex-comisario-ve-herido-presidente-revela-despido-fia-mensaje\/"},"modified":"2024-11-28T12:49:27","modified_gmt":"2024-11-28T15:49:27","slug":"ex-comisario-ve-herido-presidente-revela-despido-fia-mensaje","status":"publish","type":"post","link":"https:\/\/grandepremio.com\/es\/f1\/ex-comisario-ve-herido-presidente-revela-despido-fia-mensaje\/","title":{"rendered":"Ex comisario ve &#8220;herido al presidente&#8221; y revela despido de la FIA &#8220;por mensaje de texto&#8221;"},"content":{"rendered":"\n<p class=\"wp-block-paragraph\">La <strong>Federaci\u00f3n Internacional del Autom\u00f3vil <\/strong>(FIA) sigue en el ojo de la tormenta por la serie de despidos y renuncias al ente rector que se produjeron este mes, la m\u00e1s sonada fue la de <strong>Niels Wittich<\/strong>, que era el director de carrera de la <strong>F\u00f3rmula 1<\/strong>, pero la gesti\u00f3n del presidente, <strong>Mohammed Ben Sulayem<\/strong>, suma pol\u00e9micas tras una entrevista de <strong>Tim Mayer<\/strong>.<\/p>\n\n\n\n<figure class=\"wp-block-embed is-type-video is-provider-youtube wp-block-embed-youtube wp-embed-aspect-16-9 wp-has-aspect-ratio\"><div class=\"wp-block-embed__wrapper\">\n<iframe loading=\"lazy\" title=\"LA F1 POR FIN TERMINA CON SUS EVASIVAS Y ACEPTA A CADILLAC\" width=\"500\" height=\"281\" src=\"https:\/\/www.youtube.com\/embed\/M-PZ471V82o?feature=oembed\" frameborder=\"0\" allow=\"accelerometer; autoplay; clipboard-write; encrypted-media; gyroscope; picture-in-picture; web-share\" referrerpolicy=\"strict-origin-when-cross-origin\" allowfullscreen><\/iframe>\n<\/div><\/figure>\n\n\n\n<p class=\"wp-block-paragraph\">Es que el ex comisario de la entidad madre del automovilismo revel\u00f3 a la cadena BBC que se enter\u00f3 del despido por mensaje de texto y que Ben Sulayem estaba <em>\u201cofendido\u201d<\/em> por el documento prersentado por la audiencia de derecho a revisi\u00f3n de la multa a los organizadores del <strong>GP de Estados Unidos<\/strong>.<\/p>\n\n\n\n<p class=\"wp-block-paragraph\">\ud83d\udfe5<em><strong>\u00a1Todas las novedades te esperan en el canal de&nbsp;<\/strong><\/em><a href=\"https:\/\/www.youtube.com\/@GrandePremioES\"><em>YouTube<\/em><\/a><em><strong>&nbsp;de Grande Pr\u00eamio en Espa\u00f1ol!<\/strong><\/em>&nbsp;\ud83d\udfe8<\/p>\n\n\n\n<p class=\"wp-block-paragraph\">Mayer lo explic\u00f3 as\u00ed: <strong>\u201cLa raz\u00f3n oficial que se dar\u00e1 es que consideraron que hab\u00eda un conflicto de intereses con la FIA porque yo hab\u00eda liderado el derecho de revisi\u00f3n [sobre el caso del GP de EE.UU.] en mi papel de organizador. Pero no me despidieron por eso. Ser organizador es un papel que he desempe\u00f1ado, en beneficio de la FIA, durante m\u00e1s de 12 a\u00f1os. No es nada nuevo\u201d.<\/strong><\/p>\n\n\n\n<p class=\"wp-block-paragraph\">Hay que mencionar que Mayer particip\u00f3 en la organizaci\u00f3n de los tres Grandes Premios en Estados Unidos, los de Miami, la carrera de la discordia en Austin y el de Las Vegas. Lo que ocurri\u00f3 en <strong>COTA<\/strong> fue que se mult\u00f3 al circuito por una invasi\u00f3n de 200 espectadores despu\u00e9s de la carrera en 500 mil euros, con otros 350 mil m\u00e1s en suspenso. Por esto, es que el ex comisario present\u00f3 el recurso por la insatisfacci\u00f3n por la multa y lo que caus\u00f3 el despido de la FIA.<\/p>\n\n\n\n<p class=\"wp-block-paragraph\"><strong>\u201cAunque el asunto se resolvi\u00f3 de forma tranquila y amistosa, \u00e9l [Ben Sulayem] sigue molesto y ha decidido despedirme. Despu\u00e9s de 15 a\u00f1os de voluntariado como comisario, una d\u00e9cada ense\u00f1ando a otros comisarios y cientos de horas de voluntariado en otras funciones, recib\u00ed un mensaje de texto de uno de sus asistentes\u201d<\/strong>, revel\u00f3 Mayer.<\/p>\n\n\n\n<p class=\"wp-block-paragraph\">Para el hijo de <strong>Teddy Mayer<\/strong>, el cofundador de <strong>McLaren<\/strong>, el presidente de la FIA consider\u00f3 que fue \u201cun ataque personal contra \u00e9l\u201d la presentaci\u00f3n del documento: <strong>\u201cYo no escrib\u00ed esa parte del documento, pero era mi trabajo presentarlo. No hab\u00eda ninguna intenci\u00f3n de intentar causar problemas con la FIA y continuar\u00e9 como promotor deportivo de los tres Grandes Premios de Estados Unidos. Era un punto tan peque\u00f1o que es desconcertante que alguien se ofenda tanto\u201d.<\/strong><\/p>\n\n\n\n<p class=\"wp-block-paragraph\">Si bien Ben Sulayem qued\u00f3 disconforme, los organizadores del GP de Estados Unidos consiguieron modificar las conclusiones que los responsabilizaba por la invasi\u00f3n de la pista. Mayer explica que, en la jerga jur\u00eddica estadounidense,<strong> \u201cesto es sin\u00f3nimo de negligencia, lo que resulta problem\u00e1tico para una entidad corporativa estadounidense\u201d.<\/strong><\/p>\n\n\n\n<figure class=\"wp-block-image size-full\"><img decoding=\"async\" src=\"https:\/\/grandepremio.com\/es\/wp-content\/uploads\/2024\/11\/mohammed-sulayem-presidente-fia-1024x681-2.jpg\" alt=\"\" class=\"wp-image-303168\"\/><figcaption class=\"wp-element-caption\">Ben Sulayem es el presidente de la FIA, que ha vivido un a\u00f1o de estampida de directivos (Foto: Reproducci\u00f3n\/Khaleej Times)<\/figcaption><\/figure>\n\n\n\n<p class=\"wp-block-paragraph\"><strong>\u201cTras la audiencia de derecho de revisi\u00f3n, los comisarios nos dieron la raz\u00f3n y cambiaron la sanci\u00f3n por una infracci\u00f3n del art\u00edculo 26.7 del reglamento de F1, que establece que nadie puede entrar en la pista antes de que todos los coches est\u00e9n en boxes, lo que es una afirmaci\u00f3n de hecho. Algunos aficionados entraron en la pista\u201d<\/strong>, continu\u00f3.<\/p>\n\n\n\n<p class=\"wp-block-paragraph\"><strong>\u201cEn el proceso, hubo sentimientos heridos por parte del presidente, lo que me parece extra\u00f1o, porque no hab\u00eda raz\u00f3n para que se sintiera herido cuando todos los dem\u00e1s manejaron la situaci\u00f3n de manera profesional\u201d<\/strong>, concluy\u00f3 el ahora ex funcionario de FIA.<\/p>\n\n\n\n<p class=\"wp-block-paragraph\">\u23e9&nbsp;<em><strong>\u00a1Seguinos en redes por&nbsp;<\/strong><\/em><a href=\"https:\/\/twitter.com\/grandepremioES\"><em>Twitter&nbsp;<\/em><\/a><em><strong>e&nbsp;<\/strong><\/em><a href=\"https:\/\/www.instagram.com\/grandepremioes\/\"><em>Instagram!<\/em><\/a><br>\u23e9&nbsp;<em><strong>Adem\u00e1s, tenemos nuestro&nbsp;<\/strong><\/em><a href=\"https:\/\/whatsapp.com\/channel\/0029VaDZ5zb0gcfDxuwxBM05\"><em>canal de Whatsapp<\/em><\/a><em><strong>&nbsp;con toda la informaci\u00f3n al instante<\/strong><\/em>&nbsp;\ud83c\udfc1<\/p>\n\n\n\n<p class=\"wp-block-paragraph\">La F\u00f3rmula 1 regresa este fin de semana, entre el 29 de noviembre y el 1 de diciembre, para el Gran Premio de Qatar, pen\u00faltimo de la temporada.<\/p>\n","protected":false},"excerpt":{"rendered":"<p>Tim Mayer dijo a la BBC que el presidente de la FIA, Mohammed Ben Sulayem, vio parte de la defensa de los organizadores del GP de Estados Unidos &#8211; grupo del que es miembro como un \u201cataque personal contra \u00e9l\u201d, lo que motiv\u00f3 su salida del entidad. <\/p>\n","protected":false},"author":0,"featured_media":1010303154,"comment_status":"closed","ping_status":"closed","sticky":false,"template":"","format":"standard","meta":{"42wp_featured_image_caption":"","42wp_featured_image_credits":"","42wp_featured_video":"","42wp_featured_image_hidden":false,"42wp_authors_list":[],"footnotes":""},"categories":[5],"tags":[4758,2537,179,1750,269,1930,2231,11151,11149],"42wp_author":[14237],"class_list":["post-10464","post","type-post","status-publish","format-standard","has-post-thumbnail","hentry","category-f1","tag-cota","tag-federacion-internacional-del-automovil","tag-formula-1","tag-gp-de-estados-unidos","tag-mclaren","tag-mohammed-ben-sulayem","tag-niels-wittich","tag-teddy-mayer","tag-tim-mayer","42wp_author-gabriel-garcia"],"_links":{"self":[{"href":"https:\/\/grandepremio.com\/es\/wp-json\/wp\/v2\/posts\/10464","targetHints":{"allow":["GET"]}}],"collection":[{"href":"https:\/\/grandepremio.com\/es\/wp-json\/wp\/v2\/posts"}],"about":[{"href":"https:\/\/grandepremio.com\/es\/wp-json\/wp\/v2\/types\/post"}],"replies":[{"embeddable":true,"href":"https:\/\/grandepremio.com\/es\/wp-json\/wp\/v2\/comments?post=10464"}],"version-history":[{"count":0,"href":"https:\/\/grandepremio.com\/es\/wp-json\/wp\/v2\/posts\/10464\/revisions"}],"wp:featuredmedia":[{"embeddable":true,"href":"https:\/\/grandepremio.com\/es\/wp-json\/wp\/v2\/media\/1010303154"}],"wp:attachment":[{"href":"https:\/\/grandepremio.com\/es\/wp-json\/wp\/v2\/media?parent=10464"}],"wp:term":[{"taxonomy":"category","embeddable":true,"href":"https:\/\/grandepremio.com\/es\/wp-json\/wp\/v2\/categories?post=10464"},{"taxonomy":"post_tag","embeddable":true,"href":"https:\/\/grandepremio.com\/es\/wp-json\/wp\/v2\/tags?post=10464"},{"taxonomy":"42wp_author","embeddable":true,"href":"https:\/\/grandepremio.com\/es\/wp-json\/wp\/v2\/42wp_author?post=10464"}],"curies":[{"name":"wp","href":"https:\/\/api.w.org\/{rel}","templated":true}]}}