{"id":10474,"date":"2024-11-28T09:22:49","date_gmt":"2024-11-28T12:22:49","guid":{"rendered":"https:\/\/grandepremio.com\/es\/2024\/11\/28\/marc-marquez-ducati-expectativas-campeonato-pilotos-motogp-2024\/"},"modified":"2024-11-28T09:22:52","modified_gmt":"2024-11-28T12:22:52","slug":"marc-marquez-ducati-expectativas-campeonato-pilotos-motogp-2024","status":"publish","type":"post","link":"https:\/\/grandepremio.com\/es\/motogp\/marc-marquez-ducati-expectativas-campeonato-pilotos-motogp-2024\/","title":{"rendered":"M\u00e1rquez contiene expectativas y se fija en 2025: \u00abEn el deporte se vive el presente\u00bb"},"content":{"rendered":"\n<p class=\"wp-block-paragraph\"><strong>Marc M\u00e1rquez<\/strong> se neg\u00f3 a ser etiquetado como favorito para el t\u00edtulo de <strong>MotoGP <\/strong>de 2025. El espa\u00f1ol destac\u00f3 la fuerza de <strong>Francesco Bagnaia<\/strong>, pero dijo que ni siquiera estar\u00e1 s\u00f3lo entre ellos dos, mencionando a pilotos de la talla de <strong>Jorge Mart\u00edn, Pedro Acosta<\/strong> y <strong>Maverick Vi\u00f1ales.<\/strong><\/p>\n\n\n\n<p class=\"wp-block-paragraph\">\ud83d\udfe5<em><strong>\u00a1Todas las novedades te esperan en el canal de&nbsp;<\/strong><\/em><a href=\"https:\/\/www.youtube.com\/@GrandePremioES\"><em>YouTube<\/em><\/a><em><strong>&nbsp;de Grande Pr\u00eamio en Espa\u00f1ol!<\/strong><\/em>&nbsp;\ud83d\udfe8<\/p>\n\n\n\n<p class=\"wp-block-paragraph\">La parrilla de <strong>MotoGP <\/strong>sufrir\u00e1 una importante transformaci\u00f3n en 2025. El campe\u00f3n <strong>Mart\u00edn <\/strong>pas\u00f3 a <strong>Aprilia<\/strong>, lo que plantea dudas sobre su capacidad para defender su t\u00edtulo, ya que la RS-GP no est\u00e1 todav\u00eda al mismo nivel que la moto de <strong>Ducati<\/strong>. Pero no es s\u00f3lo \u00e9l. <strong>Marco Bezzecchi<\/strong> tambi\u00e9n se pasa a <strong>Aprilia<\/strong>, mientras que <strong>Vi\u00f1ales <\/strong>y <strong>Enea Bastianini<\/strong> cambian a <strong>Tech3<\/strong>. <strong>Pedro Acosta<\/strong> sigue pilotando la RC16, pero ahora con los colores de <strong>KTM<\/strong>.<\/p>\n\n\n\n<p class=\"wp-block-paragraph\">El fichaje de Marc por el equipo oficial <strong>Ducati<\/strong>, sin embargo, se ha considerado decisivo, ya que muchos dan ya por hecho el noveno t\u00edtulo del piloto de Cervera. El #93, sin embargo, prefiere ser cauto.<\/p>\n\n\n\n<p class=\"wp-block-paragraph\">\u23e9\u00a0<em><strong>\u00a1Seguinos en redes por\u00a0<\/strong><\/em><a href=\"https:\/\/twitter.com\/grandepremioES\"><em>Twitter\u00a0<\/em><\/a><em><strong>e\u00a0<\/strong><\/em><a href=\"https:\/\/www.instagram.com\/grandepremioes\/\"><em>Instagram!<\/em><\/a><br>\u23e9\u00a0<em><strong>Adem\u00e1s, tenemos nuestro\u00a0<\/strong><\/em><a href=\"https:\/\/whatsapp.com\/channel\/0029VaDZ5zb0gcfDxuwxBM05\"><em>canal de Whatsapp<\/em><\/a><em><strong>\u00a0con toda la informaci\u00f3n al instante<\/strong><\/em>\u00a0\ud83c\udfc1<\/p>\n\n\n\n<figure class=\"wp-block-image size-full\"><img decoding=\"async\" src=\"https:\/\/grandepremio.com\/es\/wp-content\/uploads\/..\/gp_br_uploads\/2024\/11\/marc-marquez-2.jpeg\" alt=\"\" class=\"wp-image-301163\"\/><figcaption class=\"wp-element-caption\">Marc M\u00e1rquez espera una temporada 2025 competitiva en MotoGP (Foto: Ducati)<\/figcaption><\/figure>\n\n\n\n<p class=\"wp-block-paragraph\">\u00abHe le\u00eddo que voy a arrasar con la <strong>Ducati <\/strong>oficial, pero estamos en <strong>MotoGP <\/strong>y mi compa\u00f1ero ha ganado 11 de 20 fechas, que es una barbaridad. La tendencia es ver que yo he ganado mucho, pero en el deporte se vive el presente y llegan los j\u00f3venes, as\u00ed que no seremos s\u00f3lo <strong>Pecco <\/strong>y yo. <strong>Acosta <\/strong>estar\u00e1 ah\u00ed, habr\u00e1 que ver a <strong>Mart\u00edn <\/strong>con <strong>Aprilia<\/strong>, <strong>Maverick<\/strong>. Es dif\u00edcil ganar un Mundial\u00bb, continu\u00f3.<\/p>\n\n\n\n<p class=\"wp-block-paragraph\">Preguntado por las declaraciones de<strong> Luca Marini,<\/strong> que cree que ya est\u00e1 \u00abescrito\u00bb que <strong>M\u00e1rquez <\/strong>ser\u00e1 el campe\u00f3n de 2025, el ahora piloto de <strong>Ducati <\/strong>respondi\u00f3: &#8220;Ojal\u00e1 estuviera escrito y fuera tan f\u00e1cil, pero al final, si alguien quiere ser campe\u00f3n, tiene que ganar en la pista y ser campe\u00f3n all\u00ed&#8221;, concluy\u00f3.<\/p>\n\n\n\n<p class=\"wp-block-paragraph\">MotoGP se pone de nuevo en marcha entre el 5 y el 7 de febrero de 2025 para los primeros tests de pretemporada en Sepang, Malasia.\u00a0<strong>GRANDE PR\u00caMIO<\/strong>\u00a0ofrece una cobertura completa del evento.<\/p>\n\n\n\n<figure class=\"wp-block-embed is-type-video is-provider-youtube wp-block-embed-youtube wp-embed-aspect-16-9 wp-has-aspect-ratio\"><div class=\"wp-block-embed__wrapper\">\n<iframe loading=\"lazy\" title=\"LA F1 POR FIN TERMINA CON SUS EVASIVAS Y ACEPTA A CADILLAC\" width=\"500\" height=\"281\" src=\"https:\/\/www.youtube.com\/embed\/M-PZ471V82o?feature=oembed\" frameborder=\"0\" allow=\"accelerometer; autoplay; clipboard-write; encrypted-media; gyroscope; picture-in-picture; web-share\" referrerpolicy=\"strict-origin-when-cross-origin\" allowfullscreen><\/iframe>\n<\/div><\/figure>\n","protected":false},"excerpt":{"rendered":"<p>Etiquetado por muchos como el favorito para el t\u00edtulo de MotoGP en 2025, Marc M\u00e1rquez pidi\u00f3 prudencia y estim\u00f3 que la lucha no ser\u00e1 s\u00f3lo entre \u00e9l y Francesco Bagnaia<\/p>\n","protected":false},"author":0,"featured_media":1010303087,"comment_status":"closed","ping_status":"closed","sticky":false,"template":"","format":"standard","meta":{"42wp_featured_image_caption":"","42wp_featured_image_credits":"","42wp_featured_video":"","42wp_featured_image_hidden":false,"42wp_authors_list":[],"footnotes":""},"categories":[8],"tags":[1340,1488,1392,1293,2254,9621,9685,9622],"42wp_author":[14239],"class_list":["post-10474","post","type-post","status-publish","format-standard","has-post-thumbnail","hentry","category-motogp","tag-ducati","tag-grande-premio","tag-marc-marquez-2","tag-motogp","tag-motogp-2024","tag-motogp-2025","tag-temporada-2024-motogp","tag-temporada-2025-motogp","42wp_author-jp-otrosky"],"_links":{"self":[{"href":"https:\/\/grandepremio.com\/es\/wp-json\/wp\/v2\/posts\/10474","targetHints":{"allow":["GET"]}}],"collection":[{"href":"https:\/\/grandepremio.com\/es\/wp-json\/wp\/v2\/posts"}],"about":[{"href":"https:\/\/grandepremio.com\/es\/wp-json\/wp\/v2\/types\/post"}],"replies":[{"embeddable":true,"href":"https:\/\/grandepremio.com\/es\/wp-json\/wp\/v2\/comments?post=10474"}],"version-history":[{"count":0,"href":"https:\/\/grandepremio.com\/es\/wp-json\/wp\/v2\/posts\/10474\/revisions"}],"wp:featuredmedia":[{"embeddable":true,"href":"https:\/\/grandepremio.com\/es\/wp-json\/wp\/v2\/media\/1010303087"}],"wp:attachment":[{"href":"https:\/\/grandepremio.com\/es\/wp-json\/wp\/v2\/media?parent=10474"}],"wp:term":[{"taxonomy":"category","embeddable":true,"href":"https:\/\/grandepremio.com\/es\/wp-json\/wp\/v2\/categories?post=10474"},{"taxonomy":"post_tag","embeddable":true,"href":"https:\/\/grandepremio.com\/es\/wp-json\/wp\/v2\/tags?post=10474"},{"taxonomy":"42wp_author","embeddable":true,"href":"https:\/\/grandepremio.com\/es\/wp-json\/wp\/v2\/42wp_author?post=10474"}],"curies":[{"name":"wp","href":"https:\/\/api.w.org\/{rel}","templated":true}]}}