{"id":10518,"date":"2024-11-25T08:37:46","date_gmt":"2024-11-25T11:37:46","guid":{"rendered":"https:\/\/grandepremio.com\/es\/2024\/11\/25\/colapinto-dice-sufrio-conmocion-cerebral-accidente-las-vegas\/"},"modified":"2024-11-25T08:37:50","modified_gmt":"2024-11-25T11:37:50","slug":"colapinto-dice-sufrio-conmocion-cerebral-accidente-las-vegas","status":"publish","type":"post","link":"https:\/\/grandepremio.com\/es\/f1\/colapinto-dice-sufrio-conmocion-cerebral-accidente-las-vegas\/","title":{"rendered":"Colapinto dice que sufri\u00f3 conmoci\u00f3n cerebral en accidente de Las Vegas: \u00abNo pod\u00eda hablar\u00bb"},"content":{"rendered":"\n<p class=\"wp-block-paragraph\"><strong>Franco Colapinto<\/strong> ha revelado que sufri\u00f3 una conmoci\u00f3n cerebral como consecuencia del fuerte accidente sufrido en la sesi\u00f3n de clasificaci\u00f3n del <strong>Gran Premio de Las Vegas<\/strong>. El argentino recibi\u00f3 el visto bueno de los m\u00e9dicos para participar en la carrera, pero <strong>Williams <\/strong>le orden\u00f3 que no hablara con nadie, ni siquiera con la <strong>F\u00f3rmula 1<\/strong>, sobre el diagn\u00f3stico.<\/p>\n\n\n\n<p class=\"wp-block-paragraph\">La conmoci\u00f3n cerebral es el resultado de un impacto en la cabeza o un movimiento brusco del cuerpo que provoca una alteraci\u00f3n en el funcionamiento del cerebro. Aunque se clasifica como lesi\u00f3n leve, puede tener efectos importantes y duraderos. Dolor de cabeza, p\u00e9rdida temporal del conocimiento, mareos, confusi\u00f3n o dificultad para concentrarse son algunos de los s\u00edntomas.<\/p>\n\n\n\n<p class=\"wp-block-paragraph\">El accidente se produjo durante la clasificaci\u00f3n de la <strong>Q2<\/strong>. Colapinto golpe\u00f3 el interior de la curva 15 con su rueda delantera izquierda y se estrell\u00f3 contra el muro en la curva 16. Williams anunci\u00f3 horas despu\u00e9s que hab\u00eda sufrido un impacto de 50G por el choque.<\/p>\n\n\n\n<p class=\"wp-block-paragraph\">\ud83d\udfe5<em><strong>\u00a1Todas las novedades te esperan en el canal de\u00a0<\/strong><\/em><a href=\"https:\/\/www.youtube.com\/@GrandePremioES\"><em>YouTube<\/em><\/a><em><strong>\u00a0de Grande Pr\u00eamio en Espa\u00f1ol!<\/strong><\/em>\u00a0\ud83d\udfe8<\/p>\n\n\n\n<figure class=\"wp-block-video\"><video class=\"video-js vjs-big-play-centered\" data-gp-vjs=\"1\" controls src=\"https:\/\/grandepremio.com\/es\/wp-content\/uploads\/..\/gp_br_uploads\/2024\/11\/Franco-Colapinto-Q2-Las-Vegas.mp4\"><\/video><figcaption class=\"wp-element-caption\">Franco Colapinto sufri\u00f3 un fuerte accidente en la clasificaci\u00f3n del GP de Las Vegas (Video: Reproducci\u00f3n \/ DAZN)<\/figcaption><\/figure>\n\n\n\n<p class=\"wp-block-paragraph\">\u23e9\u00a0<em><strong>\u00a1Seguinos en redes por\u00a0<\/strong><\/em><a href=\"https:\/\/twitter.com\/grandepremioES\"><em>Twitter\u00a0<\/em><\/a><em><strong>e\u00a0<\/strong><\/em><a href=\"https:\/\/www.instagram.com\/grandepremioes\/\"><em>Instagram!<\/em><\/a><br>\u23e9\u00a0<em><strong>Adem\u00e1s, tenemos nuestro\u00a0<\/strong><\/em><a href=\"https:\/\/whatsapp.com\/channel\/0029VaDZ5zb0gcfDxuwxBM05\"><em>canal de Whatsapp<\/em><\/a><em><strong>\u00a0con toda la informaci\u00f3n al instante<\/strong><\/em>\u00a0\ud83c\udfc1<\/p>\n\n\n\n<p class=\"wp-block-paragraph\">Antes de la salida, Franco se someti\u00f3 a una nueva evaluaci\u00f3n m\u00e9dica y recibi\u00f3 el visto bueno para correr. El equipo <strong>Grove<\/strong>, por su parte, tuvo que sustituir numerosas piezas del coche en r\u00e9gimen de parque cerrado, ya que el #43 qued\u00f3 destrozado.<\/p>\n\n\n\n<p class=\"wp-block-paragraph\">Colapinto sali\u00f3 desde el pitlane e incluso coquete\u00f3 con los puntos, pero acab\u00f3 14\u00ba. Ante los periodistas espa\u00f1oles tras la carrera norteamericana, confes\u00f3 que el accidente fue algo m\u00e1s grave. \u00abNo habl\u00e9 con nadie, no pudimos hablar con nadie, ni siquiera con la F\u00f3rmula 1\u00bb.<\/p>\n\n\n\n<p class=\"wp-block-paragraph\">\u00abTuve una conmoci\u00f3n cerebral y ellos [Williams] me dijeron que no pod\u00eda hablar con nadie [los periodistas], me mandaron confundido al hotel, no estaba tan triste\u00bb, a\u00f1adi\u00f3.<\/p>\n\n\n\n<p class=\"wp-block-paragraph\">En cuanto a la clasificaci\u00f3n, Franco lament\u00f3 haberse quedado fuera de la <strong>Q3 <\/strong>por culpa del accidente, ya que estaba en una vuelta r\u00e1pida para estar en la pelea. \u00abHay muchas cosas positivas, podr\u00eda haber sumado puntos, as\u00ed que tenemos que trabajar para <strong>Qatar<\/strong>\u00bb, concluy\u00f3.<\/p>\n\n\n\n<p class=\"wp-block-paragraph\">La&nbsp;<strong>F\u00f3rmula 1<\/strong>&nbsp;regresa a&nbsp;<strong>Qatar&nbsp;<\/strong>la pr\u00f3xima semana, del 29 de noviembre al 1 de diciembre, para disputar la pen\u00faltima prueba de la&nbsp;<strong>temporada 2024<\/strong>.<\/p>\n\n\n\n<figure class=\"wp-block-embed is-type-video is-provider-youtube wp-block-embed-youtube wp-embed-aspect-16-9 wp-has-aspect-ratio\"><div class=\"wp-block-embed__wrapper\">\n<iframe loading=\"lazy\" title=\"RESUMEN - GP DE LAS VEGAS\" width=\"500\" height=\"281\" src=\"https:\/\/www.youtube.com\/embed\/ZAp0S_Rs0xg?feature=oembed\" frameborder=\"0\" allow=\"accelerometer; autoplay; clipboard-write; encrypted-media; gyroscope; picture-in-picture; web-share\" referrerpolicy=\"strict-origin-when-cross-origin\" allowfullscreen><\/iframe>\n<\/div><\/figure>\n","protected":false},"excerpt":{"rendered":"<p>Franco Colapinto sufri\u00f3 un impacto de 50G con una fuerte ca\u00edda en la clasificaci\u00f3n de la Q2. Diagnosticado con conmoci\u00f3n cerebral, fue autorizado a correr, pero tuvo que esperar hasta la salida.<\/p>\n","protected":false},"author":0,"featured_media":1010302061,"comment_status":"closed","ping_status":"closed","sticky":false,"template":"","format":"standard","meta":{"42wp_featured_image_caption":"","42wp_featured_image_credits":"","42wp_featured_video":"","42wp_featured_image_hidden":false,"42wp_authors_list":[],"footnotes":""},"categories":[5],"tags":[2249,179,814,9872,2138,2137,204],"42wp_author":[14240],"class_list":["post-10518","post","type-post","status-publish","format-standard","has-post-thumbnail","hentry","category-f1","tag-f1-2024","tag-formula-1","tag-franco-colapinto","tag-fw46","tag-gp-de-las-vegas","tag-las-vegas","tag-williams","42wp_author-ignacio-bogado"],"_links":{"self":[{"href":"https:\/\/grandepremio.com\/es\/wp-json\/wp\/v2\/posts\/10518","targetHints":{"allow":["GET"]}}],"collection":[{"href":"https:\/\/grandepremio.com\/es\/wp-json\/wp\/v2\/posts"}],"about":[{"href":"https:\/\/grandepremio.com\/es\/wp-json\/wp\/v2\/types\/post"}],"replies":[{"embeddable":true,"href":"https:\/\/grandepremio.com\/es\/wp-json\/wp\/v2\/comments?post=10518"}],"version-history":[{"count":0,"href":"https:\/\/grandepremio.com\/es\/wp-json\/wp\/v2\/posts\/10518\/revisions"}],"wp:featuredmedia":[{"embeddable":true,"href":"https:\/\/grandepremio.com\/es\/wp-json\/wp\/v2\/media\/1010302061"}],"wp:attachment":[{"href":"https:\/\/grandepremio.com\/es\/wp-json\/wp\/v2\/media?parent=10518"}],"wp:term":[{"taxonomy":"category","embeddable":true,"href":"https:\/\/grandepremio.com\/es\/wp-json\/wp\/v2\/categories?post=10518"},{"taxonomy":"post_tag","embeddable":true,"href":"https:\/\/grandepremio.com\/es\/wp-json\/wp\/v2\/tags?post=10518"},{"taxonomy":"42wp_author","embeddable":true,"href":"https:\/\/grandepremio.com\/es\/wp-json\/wp\/v2\/42wp_author?post=10518"}],"curies":[{"name":"wp","href":"https:\/\/api.w.org\/{rel}","templated":true}]}}