{"id":10629,"date":"2024-11-19T12:40:34","date_gmt":"2024-11-19T15:40:34","guid":{"rendered":"https:\/\/grandepremio.com\/es\/2024\/11\/19\/ralf-schumacher-respuesta-comentarios-homofobos-antonio-perez-garibay\/"},"modified":"2024-11-19T12:40:38","modified_gmt":"2024-11-19T15:40:38","slug":"ralf-schumacher-respuesta-comentarios-homofobos-antonio-perez-garibay","status":"publish","type":"post","link":"https:\/\/grandepremio.com\/es\/f1\/ralf-schumacher-respuesta-comentarios-homofobos-antonio-perez-garibay\/","title":{"rendered":"Ralf Schumacher minimiza comentarios hom\u00f3fobos del padre de P\u00e9rez: \u00abS\u00e9 c\u00f3mo es\u00bb."},"content":{"rendered":"\n<p class=\"wp-block-paragraph\">La continuidad de <strong>Sergio P\u00e9rez<\/strong> en <strong>Red Bull<\/strong> para 2025 ha sido un punto de discusi\u00f3n durante toda la temporada de <strong>F1<\/strong>, pero parece estar cerca de confirmarse. Por ello, <strong>Antonio P\u00e9rez Garibay<\/strong>, padre del mexicano, sali\u00f3 en defensa de su hijo, arremetiendo contra la prensa y atacando en particular a <strong>Ralf Schumacher<\/strong>, quien el martes respondi\u00f3 en las redes sociales.<\/p>\n\n\n\n<p class=\"wp-block-paragraph\">\ud83d\udfe5<em><strong>\u00a1Todas las novedades te esperan en el canal de&nbsp;<\/strong><\/em><a href=\"https:\/\/www.youtube.com\/@GrandePremioES\"><em>YouTube<\/em><\/a><em><strong>&nbsp;de Grande Pr\u00eamio en Espa\u00f1ol!<\/strong><\/em>&nbsp;\ud83d\udfe8<\/p>\n\n\n\n<p class=\"wp-block-paragraph\">En una entrevista concedida a ESPN, <strong>P\u00e9rez Garibay<\/strong> hizo comentarios hom\u00f3fobos contra el alem\u00e1n. Sin nombrar a <strong>Schumacher<\/strong>, el mexicano dijo que \u00abhay un piloto, que estuvo en la F1, que es periodista. Primero dice que [Checo] estaba fuera de <strong>Red Bull<\/strong>, y sale del closet a la semana siguiente. No s\u00e9 si estaba enamorado de Checo\u00bb.<\/p>\n\n\n\n<p class=\"wp-block-paragraph\">A continuaci\u00f3n, <strong>P\u00e9rez Garibay<\/strong> afirm\u00f3 que <strong>Schumacher<\/strong> \u00abno sabe si es periodista, mujer u hombre\u00bb. En respuesta, el alem\u00e1n prefiri\u00f3 no condenar la actitud del padre del piloto de <strong>Red Bull<\/strong>, pero dijo que si fuera \u00e9l, habr\u00eda optado por otro enfoque.<\/p>\n\n\n\n<p class=\"wp-block-paragraph\">\u00abYo tambi\u00e9n apoyar\u00eda a mi hijo al cien por cien e intentar\u00eda ayudarlo. Eso es lo que haces como padre. En cuanto al estilo, yo lo har\u00eda de otra manera, pero ya sabemos c\u00f3mo es el se\u00f1or P\u00e9rez, con todas sus emociones. As\u00ed que no estoy enojado con \u00e9l. Sin embargo, creo que los resultados en la pista ser\u00edan el mejor argumento\u00bb, public\u00f3 el expiloto.<\/p>\n\n\n\n<p class=\"wp-block-paragraph\">\u23e9\u00a0<em><strong>\u00a1Seguinos en redes por\u00a0<\/strong><\/em><a href=\"https:\/\/twitter.com\/grandepremioES\"><em>Twitter\u00a0<\/em><\/a><em><strong>e\u00a0<\/strong><\/em><a href=\"https:\/\/www.instagram.com\/grandepremioes\/\"><em>Instagram!<\/em><\/a><br>\u23e9\u00a0<em><strong>Adem\u00e1s, tenemos nuestro\u00a0<\/strong><\/em><a href=\"https:\/\/whatsapp.com\/channel\/0029VaDZ5zb0gcfDxuwxBM05\"><em>canal de Whatsapp<\/em><\/a><em><strong>\u00a0con toda la informaci\u00f3n al instante<\/strong><\/em>\u00a0\ud83c\udfc1<\/p>\n\n\n\n<figure class=\"wp-block-image size-full\"><img decoding=\"async\" src=\"https:\/\/grandepremio.com\/es\/wp-content\/uploads\/2024\/11\/antonioperez-1024x683-1.jpg\" alt=\"\" class=\"wp-image-301087\"\/><figcaption class=\"wp-element-caption\">Antonio P\u00e9rez Garibay hizo comentarios hom\u00f3fobos contra Ralf Schumacher (Foto: Rodrigo Berton \/ Grande Pr\u00eamio)<\/figcaption><\/figure>\n\n\n\n<p class=\"wp-block-paragraph\">Sin embargo, los resultados en la pista no favorecen a P\u00e9rez. El mexicano no subi\u00f3 al podio desde el <strong>GP de China<\/strong> en abril y no sum\u00f3 ning\u00fan punto en dos rondas. Durante este periodo, el #11 termin\u00f3 17\u00ba y \u00faltimo en un desastroso <strong>GP de Ciudad de M\u00e9xico<\/strong>. En el Mundial de Pilotos, <strong>P\u00e9rez<\/strong> suma apenas 151 puntos y cuatro podios este a\u00f1o, coloc\u00e1ndose octavo en la tabla.<\/p>\n\n\n\n<p class=\"wp-block-paragraph\">A pesar de todo, P\u00e9rez est\u00e1 cerca de asegurarse un puesto en el equipo austriaco para 2025. Esto se debe a que habr\u00eda un acuerdo entre los nuevos patrocinadores del mexicano y <strong>Red Bull<\/strong>, lo que podr\u00eda asegurar el #11 para la pr\u00f3xima temporada junto a <strong>Max Verstappen<\/strong>.<\/p>\n\n\n\n<p class=\"wp-block-paragraph\">La\u00a0<a href=\"https:\/\/es.grandepremio.com\/f1\/\" target=\"_blank\" rel=\"noreferrer noopener\"><\/a><a href=\"https:\/\/es.grandepremio.com\/f1\/\" target=\"_blank\" rel=\"noreferrer noopener\"><\/a><a href=\"https:\/\/es.grandepremio.com\/f1\/\" target=\"_blank\" rel=\"noreferrer noopener\"><\/a><a href=\"https:\/\/es.grandepremio.com\/f1\/\" target=\"_blank\" rel=\"noreferrer noopener\"><\/a><a href=\"https:\/\/es.grandepremio.com\/f1\/\" target=\"_blank\" rel=\"noreferrer noopener\">F\u00f3rmula 1<\/a>\u00a0regresa ahora este fin de semana, entre el 21 y el 24 de noviembre, con motivo del Gran Premio de Las Vegas, en Estados Unidos.<\/p>\n\n\n\n<figure class=\"wp-block-embed is-type-video is-provider-youtube wp-block-embed-youtube wp-embed-aspect-16-9 wp-has-aspect-ratio\"><div class=\"wp-block-embed__wrapper\">\n<iframe loading=\"lazy\" title=\"MART\u00cdN DA UNA CLASE DE CONSISTENCIA Y SE CORONA EN EL MOTOGP\" width=\"500\" height=\"281\" src=\"https:\/\/www.youtube.com\/embed\/yJ6mSGsQSus?feature=oembed\" frameborder=\"0\" allow=\"accelerometer; autoplay; clipboard-write; encrypted-media; gyroscope; picture-in-picture; web-share\" referrerpolicy=\"strict-origin-when-cross-origin\" allowfullscreen><\/iframe>\n<\/div><\/figure>\n","protected":false},"excerpt":{"rendered":"<p>Despu\u00e9s de que Antonio P\u00e9rez Garibay hiciera comentarios hom\u00f3fobos contra Ralf Schumacher, el expiloto alem\u00e1n respondi\u00f3 en las redes sociales, pero no conden\u00f3 al mexicano<\/p>\n","protected":false},"author":0,"featured_media":1010301088,"comment_status":"closed","ping_status":"closed","sticky":false,"template":"","format":"standard","meta":{"42wp_featured_image_caption":"","42wp_featured_image_credits":"","42wp_featured_video":"","42wp_featured_image_hidden":false,"42wp_authors_list":[],"footnotes":""},"categories":[5],"tags":[10843,181,2249,179,2259,1488,1645,206,294,4540],"42wp_author":[14239],"class_list":["post-10629","post","type-post","status-publish","format-standard","has-post-thumbnail","hentry","category-f1","tag-antonio-perez-garibay","tag-f1","tag-f1-2024","tag-formula-1","tag-formula-1-2024","tag-grande-premio","tag-ralf-schumacher","tag-red-bull","tag-sergio-perez","tag-temporada-2024-f1","42wp_author-jp-otrosky"],"_links":{"self":[{"href":"https:\/\/grandepremio.com\/es\/wp-json\/wp\/v2\/posts\/10629","targetHints":{"allow":["GET"]}}],"collection":[{"href":"https:\/\/grandepremio.com\/es\/wp-json\/wp\/v2\/posts"}],"about":[{"href":"https:\/\/grandepremio.com\/es\/wp-json\/wp\/v2\/types\/post"}],"replies":[{"embeddable":true,"href":"https:\/\/grandepremio.com\/es\/wp-json\/wp\/v2\/comments?post=10629"}],"version-history":[{"count":0,"href":"https:\/\/grandepremio.com\/es\/wp-json\/wp\/v2\/posts\/10629\/revisions"}],"wp:featuredmedia":[{"embeddable":true,"href":"https:\/\/grandepremio.com\/es\/wp-json\/wp\/v2\/media\/1010301088"}],"wp:attachment":[{"href":"https:\/\/grandepremio.com\/es\/wp-json\/wp\/v2\/media?parent=10629"}],"wp:term":[{"taxonomy":"category","embeddable":true,"href":"https:\/\/grandepremio.com\/es\/wp-json\/wp\/v2\/categories?post=10629"},{"taxonomy":"post_tag","embeddable":true,"href":"https:\/\/grandepremio.com\/es\/wp-json\/wp\/v2\/tags?post=10629"},{"taxonomy":"42wp_author","embeddable":true,"href":"https:\/\/grandepremio.com\/es\/wp-json\/wp\/v2\/42wp_author?post=10629"}],"curies":[{"name":"wp","href":"https:\/\/api.w.org\/{rel}","templated":true}]}}