{"id":10633,"date":"2024-11-19T11:44:37","date_gmt":"2024-11-19T14:44:37","guid":{"rendered":"https:\/\/grandepremio.com\/es\/2024\/11\/19\/bernie-ecclestone-opinion-ferrari-charles-leclerc-lewis-hamilton-f1-2025\/"},"modified":"2024-11-19T11:44:40","modified_gmt":"2024-11-19T14:44:40","slug":"bernie-ecclestone-opinion-ferrari-charles-leclerc-lewis-hamilton-f1-2025","status":"publish","type":"post","link":"https:\/\/grandepremio.com\/es\/f1\/bernie-ecclestone-opinion-ferrari-charles-leclerc-lewis-hamilton-f1-2025\/","title":{"rendered":"Ecclestone apuesta por Leclerc y dice que Hamilton \u00abno ser\u00e1 campe\u00f3n\u00bb en Ferrari"},"content":{"rendered":"\n<p class=\"wp-block-paragraph\">Mientras el mundo de la F1 espera con grandes expectativas el momento en que <strong>Lewis Hamilton<\/strong> debute con <strong>Ferrari<\/strong> en la temporada 2025, <strong>Bernie Ecclestone<\/strong> no parece tan optimista sobre el futuro \u00e9xito del siete veces campe\u00f3n. Seg\u00fan el ex jefe de la <strong>F1<\/strong>, el brit\u00e1nico \u00abno conseguir\u00e1\u00bb su deseado octavo t\u00edtulo con la escuder\u00eda de Maranello.<\/p>\n\n\n\n<p class=\"wp-block-paragraph\">\ud83d\udfe5<em><strong>\u00a1Todas las novedades te esperan en el canal de&nbsp;<\/strong><\/em><a href=\"https:\/\/www.youtube.com\/@GrandePremioES\"><em>YouTube<\/em><\/a><em><strong>&nbsp;de Grande Pr\u00eamio en Espa\u00f1ol!<\/strong><\/em>&nbsp;\ud83d\udfe8<\/p>\n\n\n\n<p class=\"wp-block-paragraph\">Tras pasar m\u00e1s de una d\u00e9cada en <strong>Mercedes<\/strong> y ganar all\u00ed seis campeonatos, el #44 anunci\u00f3 a principios de a\u00f1o que hab\u00eda decidido emprender una nueva aventura en el equipo m\u00e1s emblem\u00e1tico del automovilismo. A sus 39 a\u00f1os, Hamilton sigue so\u00f1ando con levantar otro trofeo para superar a <strong>Michael Schumacher<\/strong> y convertirse en el m\u00e1ximo campe\u00f3n de la historia.<\/p>\n\n\n\n<p class=\"wp-block-paragraph\">Pero quien piense que la vida en la escuder\u00eda italiana va a ser as\u00ed de f\u00e1cil se equivoca. Seg\u00fan Ecclestone, <strong>Charles Leclerc<\/strong>, pupilo de <strong>Ferrari<\/strong> desde hace muchos a\u00f1os, supone un gran reto y un enorme obst\u00e1culo para el actual compa\u00f1ero de equipo de <strong>George Russell<\/strong>. Por eso, el empresario de 94 a\u00f1os se muestra totalmente esc\u00e9ptico sobre las posibilidades de Lewis de volver a ser campe\u00f3n.<\/p>\n\n\n\n<p class=\"wp-block-paragraph\">\u00abNo creo que lo consiga. No creo que sea f\u00e1cil para Lewis. Especialmente con ese equipo. Van a apoyar a <strong>Charles Leclerc<\/strong> porque es r\u00e1pido y creci\u00f3 all\u00ed. Y no van a cambiar eso por nadie\u00bb, dijo Bernie en una entrevista con el Daily Mail.<\/p>\n\n\n\n<p class=\"wp-block-paragraph\">\u23e9\u00a0<em><strong>\u00a1Seguinos en redes por\u00a0<\/strong><\/em><a href=\"https:\/\/twitter.com\/grandepremioES\"><em>Twitter\u00a0<\/em><\/a><em><strong>e\u00a0<\/strong><\/em><a href=\"https:\/\/www.instagram.com\/grandepremioes\/\"><em>Instagram!<\/em><\/a><br>\u23e9\u00a0<em><strong>Adem\u00e1s, tenemos nuestro\u00a0<\/strong><\/em><a href=\"https:\/\/whatsapp.com\/channel\/0029VaDZ5zb0gcfDxuwxBM05\"><em>canal de Whatsapp<\/em><\/a><em><strong>\u00a0con toda la informaci\u00f3n al instante<\/strong><\/em>\u00a0\ud83c\udfc1<\/p>\n\n\n\n<figure class=\"wp-block-image size-large\"><img decoding=\"async\" src=\"https:\/\/grandepremio.com\/es\/wp-content\/uploads\/2024\/11\/sao-paulo-2023-f1-quinta-feira-bernie-ecclestone-01-1200x800-1-1024x683.jpg\" alt=\"\" class=\"wp-image-300968\"\/><figcaption class=\"wp-element-caption\">Bernie Ecclestone cree que Lewis Hamilton no ser\u00e1 campe\u00f3n mundial de F1 con Ferrari (Foto: Rodrigo Berton \/ Warm Up)<\/figcaption><\/figure>\n\n\n\n<p class=\"wp-block-paragraph\">Mir\u00e1ndolo desde el otro lado, el exjefe ten\u00eda claro que la decisi\u00f3n de Hamilton de irse a <strong>Ferrari<\/strong> no era equivocada. A principios de mes, <strong>Toto Wolff<\/strong> habl\u00f3 de \u00abfecha de caducidad\u00bb al explicar por qu\u00e9 hab\u00eda ofrecido un contrato de corta duraci\u00f3n al brit\u00e1nico, dando claras se\u00f1ales de que la escuder\u00eda de Brackley ya ten\u00eda planes para deshacerse del piloto, algo que coincide con la opini\u00f3n de Ecclestone al respecto.<\/p>\n\n\n\n<p class=\"wp-block-paragraph\">\u00abSin embargo, desde el punto de vista de Lewis, puede que no haya sido un error cambiarse a Ferrari: no pod\u00eda permanecer m\u00e1s tiempo en <strong>Mercedes<\/strong>. Tanto si \u00e9l renunci\u00f3 al equipo como si el equipo renunci\u00f3 a \u00e9l, en cualquier caso, no hicieron muchos esfuerzos para retenerle. As\u00ed que es mejor que se vaya\u00bb, concluy\u00f3.<\/p>\n\n\n\n<p class=\"wp-block-paragraph\">La\u00a0<a href=\"https:\/\/es.grandepremio.com\/f1\/\" target=\"_blank\" rel=\"noreferrer noopener\"><\/a><a href=\"https:\/\/es.grandepremio.com\/f1\/\" target=\"_blank\" rel=\"noreferrer noopener\"><\/a><a href=\"https:\/\/es.grandepremio.com\/f1\/\" target=\"_blank\" rel=\"noreferrer noopener\"><\/a><a href=\"https:\/\/es.grandepremio.com\/f1\/\" target=\"_blank\" rel=\"noreferrer noopener\">F\u00f3rmula 1<\/a>\u00a0regresa ahora este fin de semana, entre el 21 y el 24 de noviembre, con motivo del Gran Premio de Las Vegas, en Estados Unidos.<\/p>\n\n\n\n<figure class=\"wp-block-embed is-type-video is-provider-youtube wp-block-embed-youtube wp-embed-aspect-16-9 wp-has-aspect-ratio\"><div class=\"wp-block-embed__wrapper\">\n<iframe loading=\"lazy\" title=\"MART\u00cdN DA UNA CLASE DE CONSISTENCIA Y SE CORONA EN EL MOTOGP\" width=\"500\" height=\"281\" src=\"https:\/\/www.youtube.com\/embed\/yJ6mSGsQSus?feature=oembed\" frameborder=\"0\" allow=\"accelerometer; autoplay; clipboard-write; encrypted-media; gyroscope; picture-in-picture; web-share\" referrerpolicy=\"strict-origin-when-cross-origin\" allowfullscreen><\/iframe>\n<\/div><\/figure>\n","protected":false},"excerpt":{"rendered":"<p>El ex director de la F1 Bernie Ecclestone dijo que Lewis Hamilton hizo bien en dejar Mercedes, pero advirti\u00f3 que Ferrari deber\u00eda dar prioridad a Charles Leclerc para la temporada 2025.<\/p>\n","protected":false},"author":0,"featured_media":1010292196,"comment_status":"closed","ping_status":"closed","sticky":false,"template":"","format":"standard","meta":{"42wp_featured_image_caption":"","42wp_featured_image_credits":"","42wp_featured_video":"","42wp_featured_image_hidden":false,"42wp_authors_list":[],"footnotes":""},"categories":[5],"tags":[202,247,181,2249,1710,185,179,2259,8059,1488,199,4540,9647],"42wp_author":[14239],"class_list":["post-10633","post","type-post","status-publish","format-standard","has-post-thumbnail","hentry","category-f1","tag-bernie-ecclestone","tag-charles-leclerc","tag-f1","tag-f1-2024","tag-f1-2025","tag-ferrari","tag-formula-1","tag-formula-1-2024","tag-formula-1-2025","tag-grande-premio","tag-lewis-hamilton","tag-temporada-2024-f1","tag-temporada-2025-f1","42wp_author-jp-otrosky"],"_links":{"self":[{"href":"https:\/\/grandepremio.com\/es\/wp-json\/wp\/v2\/posts\/10633","targetHints":{"allow":["GET"]}}],"collection":[{"href":"https:\/\/grandepremio.com\/es\/wp-json\/wp\/v2\/posts"}],"about":[{"href":"https:\/\/grandepremio.com\/es\/wp-json\/wp\/v2\/types\/post"}],"replies":[{"embeddable":true,"href":"https:\/\/grandepremio.com\/es\/wp-json\/wp\/v2\/comments?post=10633"}],"version-history":[{"count":0,"href":"https:\/\/grandepremio.com\/es\/wp-json\/wp\/v2\/posts\/10633\/revisions"}],"wp:featuredmedia":[{"embeddable":true,"href":"https:\/\/grandepremio.com\/es\/wp-json\/wp\/v2\/media\/1010292196"}],"wp:attachment":[{"href":"https:\/\/grandepremio.com\/es\/wp-json\/wp\/v2\/media?parent=10633"}],"wp:term":[{"taxonomy":"category","embeddable":true,"href":"https:\/\/grandepremio.com\/es\/wp-json\/wp\/v2\/categories?post=10633"},{"taxonomy":"post_tag","embeddable":true,"href":"https:\/\/grandepremio.com\/es\/wp-json\/wp\/v2\/tags?post=10633"},{"taxonomy":"42wp_author","embeddable":true,"href":"https:\/\/grandepremio.com\/es\/wp-json\/wp\/v2\/42wp_author?post=10633"}],"curies":[{"name":"wp","href":"https:\/\/api.w.org\/{rel}","templated":true}]}}