{"id":10674,"date":"2024-11-15T09:07:45","date_gmt":"2024-11-15T12:07:45","guid":{"rendered":"https:\/\/grandepremio.com\/es\/2024\/11\/15\/takaaki-nakagami-fp1-barcelona-motogp-2024\/"},"modified":"2024-11-15T09:11:17","modified_gmt":"2024-11-15T12:11:17","slug":"takaaki-nakagami-fp1-barcelona-motogp-2024","status":"publish","type":"post","link":"https:\/\/grandepremio.com\/es\/motogp\/takaaki-nakagami-fp1-barcelona-motogp-2024\/","title":{"rendered":"Nakagami sorprende y lidera FP1 del MotoGP en Barcelona. Mart\u00edn es 5\u00ba y Bagnaia, 7\u00ba"},"content":{"rendered":"\n<p class=\"wp-block-paragraph\">El primer cap\u00edtulo de la definici\u00f3n de la<strong> temporada 2024<\/strong> de <strong>MotoGP<\/strong> mezcl\u00f3 a algunos outsiders con los aspirantes al t\u00edtulo. Y en su fin de semana de despedida de la categor\u00eda reina, el japon\u00e9s <strong>Takaaki Nakagami <\/strong>marc\u00f3 un tiempo de 1m40s501 para liderar la FP1 de<strong>l GP Solidario<\/strong> que se disputa en <strong>Barcelona<\/strong>, incluso despu\u00e9s de sufrir una ca\u00edda en la sesi\u00f3n.<\/p>\n\n\n\n<p class=\"wp-block-paragraph\">Entre los aspirantes a la corona, <strong>Jorge Mart\u00edn<\/strong> tuvo un mejor resultado al finalizar quinto con<strong> Pramac, <\/strong>a 0s470 del l\u00edder. Su rival <strong>Francesco Bagnaia <\/strong>lleg\u00f3 a liderar la tanda pero s\u00f3lo pudo ser s\u00e9ptimo, por detr\u00e1s de su compa\u00f1ero de equipo en <strong>Ducati,<\/strong> <strong>Enea Bastianini.<\/strong><\/p>\n\n\n\n<p class=\"wp-block-paragraph\">Esta sesi\u00f3n tambi\u00e9n estuvo marcada por el accidente entre los compa\u00f1eros de<strong> GasGas, Pedro Acosta y Augusto Fern\u00e1ndez<\/strong>, que gener\u00f3 una bandera roja. No obstante, ambos salieron ilesos del impacto. <\/p>\n\n\n\n<p class=\"wp-block-paragraph\">El<strong> MotoGP<\/strong> retoma la actividad este viernes, con un nuevo entrenamiento del<strong> GP Solidario <\/strong>de Barcelona.  <\/p>\n\n\n\n<figure class=\"wp-block-video\"><video class=\"video-js vjs-big-play-centered\" data-gp-vjs=\"1\" controls src=\"https:\/\/grandepremio.com\/es\/wp-content\/uploads\/2024\/11\/motogp-barcelona-tl1-acidente-acosta-fernandez.mp4\"><\/video><figcaption class=\"wp-element-caption\">El incidente entre Augusto Fern\u00e1ndez y Pedro Acosta. (Video: MotoGP)<\/figcaption><\/figure>\n\n\n\n<p class=\"wp-block-paragraph\"><strong>\u00bfC\u00f3mo fue el primer entrenamiento del MotoGP en Barcelona?<\/strong><\/p>\n\n\n\n<p class=\"wp-block-paragraph\">Las bajas temperaturas marcaron la primera jornada de entrenamientos en Barcelona. Apenas transcurridos tres minutos de la tanda,<strong> Michele Pirro<\/strong>, que sustituye a su compatriota Fabio Di Giannantonio en VR46, tuvo una ca\u00edda, aunque luego consigui\u00f3 retomar la sesi\u00f3n con normalidad.<\/p>\n\n\n\n<p class=\"wp-block-paragraph\">Poco despu\u00e9s, Pedro Acosta y Augusto Fern\u00e1ndez, compa\u00f1eros de equipo en GasGas, colisionaron en la curva 6. El debutante intent\u00f3 adelantar a su compa\u00f1ero por el interior, pero ambos chocaron y se fueron al suelo, provocando una bandera roja.<\/p>\n\n\n\n<figure class=\"wp-block-video\"><video class=\"video-js vjs-big-play-centered\" data-gp-vjs=\"1\" controls src=\"https:\/\/grandepremio.com\/es\/wp-content\/uploads\/2024\/11\/motogp-barcelona-tl1-pirro-queda.mp4\"><\/video><figcaption class=\"wp-element-caption\">La ca\u00edda al inicio de Michele Pirro. (Video: MotoGP)<\/figcaption><\/figure>\n\n\n\n<p class=\"wp-block-paragraph\">Tras una pausa de diez minutos, la sesi\u00f3n se reanud\u00f3 con casi todos los pilotos saliendo a pista. Tras los primeros intentos, Joan Mir se situ\u00f3 al frente con 1m41s976, seguido de \u00c1lex M\u00e1rquez y Johann Zarco.<\/p>\n\n\n\n<p class=\"wp-block-paragraph\">Despu\u00e9s los tiempos empezaron a bajar. Mart\u00edn marc\u00f3 1m41s820 y se puso al frente. Bagnaia ascendi\u00f3 a la cuarta plaza, pero pronto se vio superado por su compa\u00f1ero de equipo Bastianini y cay\u00f3 a la quinta posici\u00f3n, a 0s425 del l\u00edder.<\/p>\n\n\n\n<p class=\"wp-block-paragraph\">Con la temperatura de la pista subiendo paulatinamente, los tiempos siguieron bajando. Bagnaia se puso brevemente al frente, pero fue superado por Brad Binder y Fabio Quartararo. Posteriormente, Mart\u00edn marc\u00f3 1m40s971 y recuper\u00f3 el liderazgo.<\/p>\n\n\n\n<figure class=\"wp-block-video\"><video class=\"video-js vjs-big-play-centered\" data-gp-vjs=\"1\" controls src=\"https:\/\/grandepremio.com\/es\/wp-content\/uploads\/2024\/11\/motogp-barcelona-tl1-martin-erro.mp4\"><\/video><figcaption class=\"wp-element-caption\">Jorge Mart\u00edn principal candidato al t\u00edtulo, estuvo al frente transitoriamente en la tanda. (Video: MotoGP)<\/figcaption><\/figure>\n\n\n\n<p class=\"wp-block-paragraph\">A partir de ah\u00ed, Bagnaia se coloc\u00f3 como escolta con 1m41s352. Luego, sorpresivamente, \u00c1lex M\u00e1rquez estableci\u00f3 1m40s915 y pas\u00f3 al frente por s\u00f3lo 0s056. Su compa\u00f1ero de equipo y hermano Marc s\u00f3lo era d\u00e9cimo en ese momento.<\/p>\n\n\n\n<p class=\"wp-block-paragraph\">Recuperado de su accidente al inicio de la sesi\u00f3n, Acosta logr\u00f3 llegar a la vanguardia por s\u00f3lo 0s003, al marcar 1min40s912. Y tras una pausa, la pista volvi\u00f3 a calentarse a falta de 18 minutos para el final. Los pilotos no estaban mejorando sus marcas en este punto, pero Takaaki Nakagami empeor\u00f3 las cosas al caerse solo en la curva 2.<\/p>\n\n\n\n<figure class=\"wp-block-video\"><video class=\"video-js vjs-big-play-centered\" data-gp-vjs=\"1\" controls src=\"https:\/\/grandepremio.com\/es\/wp-content\/uploads\/2024\/11\/motogp-barcelona-tl1-nakagami-queda.mp4\"><\/video><figcaption class=\"wp-element-caption\">Takaaki Nakagami tuvo una ca\u00edda en la FP1, pero se recuper\u00f3 y despu\u00e9s termin\u00f3 como l\u00edder. (Video: MotoGP)<\/figcaption><\/figure>\n\n\n\n<p class=\"wp-block-paragraph\">Bagnaia mejor\u00f3 su propio tiempo de 1min41s083, pero se mantuvo en quinta posici\u00f3n. Poco despu\u00e9s, Binder marc\u00f3 un tiempo de 1min40s952 y salt\u00f3 a la tercera posici\u00f3n, seguido de un sorprendente Nakagami.<\/p>\n\n\n\n<p class=\"wp-block-paragraph\">Poco despu\u00e9s, el japon\u00e9s marc\u00f3 una vuelta contudente y clav\u00f3 1min40s501, con un neum\u00e1tico blando nuevo delante. Y sobre el final, muchos pilotos intentaron batirlo, pero no consiguieron mejorar sus tiempos. De esta manera, Nakagami qued\u00f3 como l\u00edder, seguido de Acosta, \u00c1lex M\u00e1rquez, Binder, Mart\u00edn, Bastianini y Bagnaia.<\/p>\n\n\n\n<p class=\"wp-block-paragraph\"><strong>MotoGP &#8211; 1\u00b0 Entrenamiento &#8211; GP Solidario de Barcelona<\/strong><\/p>\n\n\n\n<figure class=\"wp-block-table\"><table><tbody><tr><td>POS<\/td><td>N\u00daMERO<\/td><td>PILOTO<\/td><td>EQUIPO<\/td><td>TIEMPO<\/td><td>DIFERENCIA<\/td><\/tr><tr><td>1<\/td><td>30<\/td><td>T NAKAGAMI<\/td><td>LCR Honda<\/td><td>1:40.501<\/td><td>&nbsp;<\/td><\/tr><tr><td>2<\/td><td>31<\/td><td>P ACOSTA<\/td><td>GasGas<\/td><td>1:40.912<\/td><td>+0.411<\/td><\/tr><tr><td>3<\/td><td>73<\/td><td>A M\u00c1RQUEZ<\/td><td>Gresini Ducati<\/td><td>1:40.915<\/td><td>+0.414<\/td><\/tr><tr><td>4<\/td><td>33<\/td><td>B BINDER<\/td><td>KTM<\/td><td>1:40.952<\/td><td>+0.451<\/td><\/tr><tr><td>5<\/td><td>89<\/td><td>J MART\u00cdN<\/td><td>Pramac Ducati<\/td><td>1:40.971<\/td><td>+0.470<\/td><\/tr><tr><td>6<\/td><td>23<\/td><td>E BASTIANINI<\/td><td>Ducati<\/td><td>1:41.069<\/td><td>+0.568<\/td><\/tr><tr><td>7<\/td><td>1<\/td><td>F BAGNAIA<\/td><td>Ducati<\/td><td>1:41.083<\/td><td>+0.582<\/td><\/tr><tr><td>8<\/td><td>12<\/td><td>M VI\u00d1ALES<\/td><td>Aprilia<\/td><td>1:41.127<\/td><td>+0.626<\/td><\/tr><tr><td>9<\/td><td>43<\/td><td>J MILLER<\/td><td>KTM<\/td><td>1:41.178<\/td><td>+0.677<\/td><\/tr><tr><td>10<\/td><td>93<\/td><td>M M\u00c1RQUEZ<\/td><td>Gresini Ducati<\/td><td>1:41.196<\/td><td>+0.695<\/td><\/tr><tr><td>11<\/td><td>20<\/td><td>F QUARTARARO<\/td><td>Yamaha<\/td><td>1:41.246<\/td><td>+0.745<\/td><\/tr><tr><td>12<\/td><td>10<\/td><td>L MARINI<\/td><td>Honda<\/td><td>1:41.359<\/td><td>+0.858<\/td><\/tr><tr><td>13<\/td><td>21<\/td><td>F MORBIDELLI<\/td><td>Pramac Ducati<\/td><td>1:41.396<\/td><td>+0.895<\/td><\/tr><tr><td>14<\/td><td>41<\/td><td>A ESPARGAR\u00d3<\/td><td>Aprilia<\/td><td>1:41.398<\/td><td>+0.897<\/td><\/tr><tr><td>15<\/td><td>5<\/td><td>J ZARCO<\/td><td>LCR Honda<\/td><td>1:41.481<\/td><td>+0.980<\/td><\/tr><tr><td>16<\/td><td>72<\/td><td>M BEZZECCHI<\/td><td>VR46<\/td><td>1:41.508<\/td><td>+1.007<\/td><\/tr><tr><td>17<\/td><td>42<\/td><td>A RINS<\/td><td>Yamaha<\/td><td>1:41.653<\/td><td>+1.152<\/td><\/tr><tr><td>18<\/td><td>37<\/td><td>A FERN\u00c1NDEZ<\/td><td>GasGas<\/td><td>1:41.711<\/td><td>+1.210<\/td><\/tr><tr><td>19<\/td><td>36<\/td><td>J MIR<\/td><td>Honda<\/td><td>1:41.717<\/td><td>+1.216<\/td><\/tr><tr><td>20<\/td><td>51<\/td><td>M PIRRO<\/td><td>VR46<\/td><td>1:41.898<\/td><td>+1.397<\/td><\/tr><tr><td>21<\/td><td>88<\/td><td>M OLIVEIRA<\/td><td>Trackhouse Aprilia<\/td><td>1:41.938<\/td><td>+1.437<\/td><\/tr><tr><td>22<\/td><td>25<\/td><td>R FERN\u00c1NDEZ<\/td><td>Trackhouse Aprilia<\/td><td>1:42.070<\/td><td>+1.569<\/td><\/tr><tr><td>23<\/td><td>6<\/td><td>S BRADL<\/td><td>Honda<\/td><td>1:42.270<\/td><td>+1.769<\/td><\/tr><\/tbody><\/table><\/figure>\n","protected":false},"excerpt":{"rendered":"<p>Takaaki Nakagami qued\u00f3 como l\u00edder en el primer entrenamiento del MotoGP en Barcelona, en plena definici\u00f3n por el t\u00edtulo entre Jorge Mart\u00edn y Francesco Bagnaia.<\/p>\n","protected":false},"author":0,"featured_media":1010300267,"comment_status":"closed","ping_status":"closed","sticky":false,"template":"","format":"standard","meta":{"42wp_featured_image_caption":"","42wp_featured_image_credits":"","42wp_featured_video":"","42wp_featured_image_hidden":false,"42wp_authors_list":[],"footnotes":""},"categories":[8],"tags":[1376,11063,1526,1293,2254,1520],"42wp_author":[14223],"class_list":["post-10674","post","type-post","status-publish","format-standard","has-post-thumbnail","hentry","category-motogp","tag-francesco-bagnaia","tag-gp-solidario-de-barcelona","tag-jorge-martin","tag-motogp","tag-motogp-2024","tag-takaaki-nakagami","42wp_author-esteban-nieto"],"_links":{"self":[{"href":"https:\/\/grandepremio.com\/es\/wp-json\/wp\/v2\/posts\/10674","targetHints":{"allow":["GET"]}}],"collection":[{"href":"https:\/\/grandepremio.com\/es\/wp-json\/wp\/v2\/posts"}],"about":[{"href":"https:\/\/grandepremio.com\/es\/wp-json\/wp\/v2\/types\/post"}],"replies":[{"embeddable":true,"href":"https:\/\/grandepremio.com\/es\/wp-json\/wp\/v2\/comments?post=10674"}],"version-history":[{"count":0,"href":"https:\/\/grandepremio.com\/es\/wp-json\/wp\/v2\/posts\/10674\/revisions"}],"wp:featuredmedia":[{"embeddable":true,"href":"https:\/\/grandepremio.com\/es\/wp-json\/wp\/v2\/media\/1010300267"}],"wp:attachment":[{"href":"https:\/\/grandepremio.com\/es\/wp-json\/wp\/v2\/media?parent=10674"}],"wp:term":[{"taxonomy":"category","embeddable":true,"href":"https:\/\/grandepremio.com\/es\/wp-json\/wp\/v2\/categories?post=10674"},{"taxonomy":"post_tag","embeddable":true,"href":"https:\/\/grandepremio.com\/es\/wp-json\/wp\/v2\/tags?post=10674"},{"taxonomy":"42wp_author","embeddable":true,"href":"https:\/\/grandepremio.com\/es\/wp-json\/wp\/v2\/42wp_author?post=10674"}],"curies":[{"name":"wp","href":"https:\/\/api.w.org\/{rel}","templated":true}]}}