{"id":10692,"date":"2024-11-13T15:41:56","date_gmt":"2024-11-13T18:41:56","guid":{"rendered":"https:\/\/grandepremio.com\/es\/2024\/11\/13\/prema-dice-plan-va-por-buen-camino-no-hay-previsiones-test-indy\/"},"modified":"2024-11-13T15:42:40","modified_gmt":"2024-11-13T18:42:40","slug":"prema-dice-plan-va-por-buen-camino-no-hay-previsiones-test-indy","status":"publish","type":"post","link":"https:\/\/grandepremio.com\/es\/indy\/prema-dice-plan-va-por-buen-camino-no-hay-previsiones-test-indy\/","title":{"rendered":"Prema dice que \u00abel plan va por buen camino\u00bb, pero \u00abno hay previsiones\u00bb sobre test de Indy"},"content":{"rendered":"\n<p class=\"wp-block-paragraph\">La llegada de <strong>Prema<\/strong> a la parrilla de <strong>Indy<\/strong> es una de las grandes noticias para la <strong>temporada 2025<\/strong>. El equipo italiano, liderado por <strong>Ren\u00e9 Rosin<\/strong> y <strong>Angelina Ertsou<\/strong>, sigue construyendo la estructura dedicada a la categor\u00eda en las afueras de <strong>Indian\u00e1polis<\/strong>. A pesar de asegurar que el calendario est\u00e1 al d\u00eda, el equipo admiti\u00f3 que a\u00fan no hay plazo para poner los coches en pista.<\/p>\n\n\n\n<p class=\"wp-block-paragraph\">Prema anunci\u00f3 que entraba en Indy en abril de este a\u00f1o y desde entonces ha estado trabajando en la formaci\u00f3n del equipo. Inmediatamente anunci\u00f3 a <strong>Piers Phillips<\/strong> como CEO de la operaci\u00f3n estadounidense y que contar\u00eda con motores <strong>Chevrolet<\/strong> en ambos coches. Meses despu\u00e9s, confirm\u00f3 que <strong>Callum Ilott<\/strong>, <strong>ex-Juncos<\/strong> y <strong>McLaren<\/strong> en <strong>Indy<\/strong>, y <strong>Robert Shwartzman<\/strong>, que estuvo en el <strong>Campeonato del Mundo de Resistencia [WEC<\/strong>] en el <strong>#83<\/strong> de <strong>AF Corse<\/strong>, formar\u00edan el d\u00fao de pilotos.<\/p>\n\n\n\n<p class=\"wp-block-paragraph\">Siete meses despu\u00e9s de anunciar que competir\u00e1 en Indy, Prema a\u00fan tiene detalles por resolver, como finalizar todas las obras de su sede.<\/p>\n\n\n\n<p class=\"wp-block-paragraph\">\ud83d\udfe5<em><strong>\u00a1Todas las novedades te esperan en el canal de\u00a0<\/strong><\/em><a href=\"https:\/\/www.youtube.com\/@GrandePremioES\"><em>YouTube<\/em><\/a><em><strong>\u00a0de Grande Pr\u00eamio en Espa\u00f1ol!<\/strong><\/em>\u00a0\ud83d\udfe8<\/p>\n\n\n\n<figure class=\"wp-block-embed is-type-video is-provider-youtube wp-block-embed-youtube wp-embed-aspect-16-9 wp-has-aspect-ratio\"><div class=\"wp-block-embed__wrapper\">\n<iframe loading=\"lazy\" title=\"EL FUTURO DE LOS PILOTOS ARGENTINOS POR EL MUNDO EN 2025\" width=\"500\" height=\"281\" src=\"https:\/\/www.youtube.com\/embed\/OnFciSDfG-g?feature=oembed\" frameborder=\"0\" allow=\"accelerometer; autoplay; clipboard-write; encrypted-media; gyroscope; picture-in-picture; web-share\" referrerpolicy=\"strict-origin-when-cross-origin\" allowfullscreen><\/iframe>\n<\/div><\/figure>\n\n\n\n<p class=\"wp-block-paragraph\">\u00abEl equipo est\u00e1 progresando. La puesta a punto va muy, muy bien. Estamos contentos, lo cual es muy positivo. La sede se est\u00e1 ultimando y deber\u00edamos trasladarnos all\u00ed pronto, pero tenemos un espacio provisional, que estamos utilizando actualmente, y obviamente ya hemos empezado a trabajar en el montaje de los coches y todo lo dem\u00e1s, porque no es algo que se haga de la noche a la ma\u00f1ana\u00bb, declar\u00f3 Ertsou a la revista estadounidense <em>Racer<\/em>.<\/p>\n\n\n\n<p class=\"wp-block-paragraph\">\u00abVamos bien en cuanto a fichajes. Todo va seg\u00fan lo previsto. Estamos pr\u00e1cticamente completos. Quiz\u00e1s queden algunos puestos por cubrir, pero todo est\u00e1 pr\u00e1cticamente listo. Hay unas 40 personas. Habr\u00e1 m\u00e1s en el futuro, pero hemos asegurado lo que creemos que es un buen n\u00famero de personas para tener los dos coches funcionando correctamente. Y luego quiz\u00e1 podamos aumentarlo un poco, pero creo que estamos hablando de un total de 50 personas para las <strong>500 Millas de Indian\u00e1polis<\/strong>\u00bb, prosigui\u00f3 el jefe de Prema.<\/p>\n\n\n\n<p class=\"wp-block-paragraph\">\u00abObviamente, nos gustar\u00eda estar en la sede un poco antes, pero ya sabes c\u00f3mo es esto de la construcci\u00f3n. Hay que tener paciencia. Preferimos hacerlo todo bien que precipitarnos. Queremos construir como lo planeamos desde el principio, as\u00ed que va muy bien\u00bb, a\u00f1adi\u00f3.<\/p>\n\n\n\n<p class=\"wp-block-paragraph\">Prema ya ha recibido el chasis comprado a <strong>Dallara<\/strong> para las pr\u00f3ximas temporadas de la Indy y, como subray\u00f3 Ertsou, los trabajos de montaje ya est\u00e1n en marcha. Sin embargo, no hay planes para poner los coches en pista. Seg\u00fan las indicaciones, la escuadra italiana no podr\u00e1 probar los monoplazas hasta 2025.<\/p>\n\n\n\n<figure class=\"wp-block-image size-large\"><img decoding=\"async\" src=\"https:\/\/grandepremio.com\/cdn-cgi\/image\/width=893,height=558,fit=contain,gravity=0.5x0.5,quality=75,format=webp\/es\/wp-content\/uploads\/2024\/11\/Prema-Indy-1024x626.jpg\" alt=\"\" class=\"wp-image-300135\"\/><figcaption class=\"wp-element-caption\">Prema debutar\u00e1 en la Indy en la temporada 2025. (Foto: Prema)<\/figcaption><\/figure>\n\n\n\n<p class=\"wp-block-paragraph\">\u23e9\u00a0<em><strong>\u00a1Seguinos en redes por\u00a0<\/strong><\/em><a href=\"https:\/\/twitter.com\/grandepremioES\"><em>Twitter\u00a0<\/em><\/a><em><strong>e\u00a0<\/strong><\/em><a href=\"https:\/\/www.instagram.com\/grandepremioes\/\"><em>Instagram!<\/em><\/a><br>\u23e9\u00a0<em><strong>Adem\u00e1s, tenemos nuestro\u00a0<\/strong><\/em><a href=\"https:\/\/whatsapp.com\/channel\/0029VaDZ5zb0gcfDxuwxBM05\"><em>canal de Whatsapp<\/em><\/a><em><strong>\u00a0con toda la informaci\u00f3n al instante<\/strong><\/em>\u00a0\ud83c\udfc1<\/p>\n\n\n\n<p class=\"wp-block-paragraph\">\u00abA\u00fan no tenemos una fecha concreta [para el shakedown], pero obviamente depende de los proveedores, los motores y todo lo dem\u00e1s, as\u00ed que no es algo que decidamos por nuestra cuenta\u00bb, coment\u00f3 el jefe de Prema.<\/p>\n\n\n\n<p class=\"wp-block-paragraph\">\u00abPero no creo que sea el mes que viene, ser\u00e1 un poco m\u00e1s tarde, pero ya veremos. Vamos a intentar por todos los medios hacerlo lo antes posible. Pero, obviamente, tampoco queremos probar por probar. Queremos algo que tenga sentido. Los d\u00edas de pruebas son limitados, as\u00ed que no queremos utilizarlos de forma inadecuada\u00bb, prosigui\u00f3.<\/p>\n\n\n\n<p class=\"wp-block-paragraph\">Ertsou tambi\u00e9n aprovech\u00f3 para destacar la alianza entre Prema e Indy, destacando la receptividad que ha recibido por parte de la categor\u00eda en esta nueva andadura.<\/p>\n\n\n\n<p class=\"wp-block-paragraph\">\u00abIndy nos ha ayudado mucho, tengo que decirlo. Tenemos una comunicaci\u00f3n abierta. Cada vez que tenemos una pregunta o algo as\u00ed, nos han apoyado mucho. Estamos muy, muy contentos de empezar esta nueva aventura. Ha sido genial hasta ahora, y no tengo ninguna duda de que ser\u00e1 genial el a\u00f1o que viene\u00bb, concluy\u00f3.<\/p>\n\n\n\n<p class=\"wp-block-paragraph\">Se espera que Prema est\u00e9 en pista el 2 de marzo, cuando arranque la temporada 2025 de la <strong>IndyCar <\/strong>con el <strong>Gran Premio de<\/strong> <strong>St. Petersburg<\/strong>, un circuito urbano de <strong>Florida<\/strong>.<\/p>\n","protected":false},"excerpt":{"rendered":"<p>Angelina Ertsou, una de las directoras de Prema, se\u00f1al\u00f3 que Prema a\u00fan no tiene lista su sede, pero asegur\u00f3 que el \u00abcalendario est\u00e1 al d\u00eda\u00bb para su debut en Indy en 2025.<\/p>\n","protected":false},"author":0,"featured_media":1010300137,"comment_status":"closed","ping_status":"closed","sticky":false,"template":"","format":"standard","meta":{"42wp_featured_image_caption":"","42wp_featured_image_credits":"","42wp_featured_video":"","42wp_featured_image_hidden":false,"42wp_authors_list":[],"footnotes":""},"categories":[7],"tags":[598,11053,255,617,925,10163,282,10168,369],"42wp_author":[14240],"class_list":["post-10692","post","type-post","status-publish","format-standard","has-post-thumbnail","hentry","category-indy","tag-500-millas-de-indianapolis","tag-angelina-ertsou","tag-callum-ilott","tag-indianapolis","tag-indy","tag-indy-2025","tag-prema","tag-rene-rosin","tag-robert-shwartzman","42wp_author-ignacio-bogado"],"_links":{"self":[{"href":"https:\/\/grandepremio.com\/es\/wp-json\/wp\/v2\/posts\/10692","targetHints":{"allow":["GET"]}}],"collection":[{"href":"https:\/\/grandepremio.com\/es\/wp-json\/wp\/v2\/posts"}],"about":[{"href":"https:\/\/grandepremio.com\/es\/wp-json\/wp\/v2\/types\/post"}],"replies":[{"embeddable":true,"href":"https:\/\/grandepremio.com\/es\/wp-json\/wp\/v2\/comments?post=10692"}],"version-history":[{"count":0,"href":"https:\/\/grandepremio.com\/es\/wp-json\/wp\/v2\/posts\/10692\/revisions"}],"wp:featuredmedia":[{"embeddable":true,"href":"https:\/\/grandepremio.com\/es\/wp-json\/wp\/v2\/media\/1010300137"}],"wp:attachment":[{"href":"https:\/\/grandepremio.com\/es\/wp-json\/wp\/v2\/media?parent=10692"}],"wp:term":[{"taxonomy":"category","embeddable":true,"href":"https:\/\/grandepremio.com\/es\/wp-json\/wp\/v2\/categories?post=10692"},{"taxonomy":"post_tag","embeddable":true,"href":"https:\/\/grandepremio.com\/es\/wp-json\/wp\/v2\/tags?post=10692"},{"taxonomy":"42wp_author","embeddable":true,"href":"https:\/\/grandepremio.com\/es\/wp-json\/wp\/v2\/42wp_author?post=10692"}],"curies":[{"name":"wp","href":"https:\/\/api.w.org\/{rel}","templated":true}]}}