{"id":1071,"date":"2026-05-24T19:31:45","date_gmt":"2026-05-24T22:31:45","guid":{"rendered":"https:\/\/grandepremio.com\/es\/2026\/05\/24\/colapinto-celebra-mejor-resultado-formula-1-carrera-solitaria\/"},"modified":"2026-05-24T19:31:50","modified_gmt":"2026-05-24T22:31:50","slug":"colapinto-celebra-mejor-resultado-formula-1-carrera-solitaria","status":"publish","type":"post","link":"https:\/\/grandepremio.com\/es\/f1\/colapinto-celebra-mejor-resultado-formula-1-carrera-solitaria\/","title":{"rendered":"Colapinto celebra su mejor resultado en F\u00f3rmula 1: &#8220;Fue una carrera larga y solitaria&#8221;"},"content":{"rendered":"\n<p class=\"wp-block-paragraph\">Tras haber logrado su mejor resultado en la <strong>F\u00f3rmula 1<\/strong> con el s\u00e9ptimo puesto en el <strong>GP de Miami<\/strong>, fue el <strong>GP de Canad\u00e1<\/strong> un paso m\u00e1s para <strong>Franco Colapinto<\/strong>, que finaliz\u00f3 sexto, y bati\u00f3 lo que hab\u00eda hecho hace tres semanas, sumando ocho puntos m\u00e1s para el equipo <strong>Alpine<\/strong>, que sum\u00f3 tambi\u00e9n con <strong>Pierre Gasly<\/strong>, que acab\u00f3 octavo.<\/p>\n\n\n\n<p class=\"wp-block-paragraph\">\ud83d\udfe5&nbsp;<strong><em>\u00a1Todas las novedades te esperan en el canal de&nbsp;<\/em><\/strong><a href=\"https:\/\/www.youtube.com\/@GrandePremioES\"><em>YouTube<\/em><\/a><strong><em>&nbsp;de Grande Pr\u00eamio en Espa\u00f1ol!<\/em><\/strong>&nbsp;\ud83d\udfe8<\/p>\n\n\n\n<p class=\"wp-block-paragraph\">\u00a0Al cabo de la competencia en el <strong>Circuito Gilles Villeneuve<\/strong> de <strong>Montreal<\/strong>, el piloto argentino habl\u00f3 con la cadena <em>ESPN <\/em>sobre el desarrollo de una carrera que no consider\u00f3 precisamente entretenida: <strong>\u201cMuy aburrido al principio, empuj\u00e9 mucho. Ven\u00eda a fondo, ven\u00eda fuerte en la primera parte de la carrera, y, despu\u00e9s cuando sal\u00ed de boxes y le pegue a la pared, pise un poco de agua y me fui contra la pared con la parte izquierda del auto\u201d.<\/strong><\/p>\n\n\n\n<p class=\"wp-block-paragraph\"><strong>\u201cQued\u00f3 la suspensi\u00f3n un poco mal, pero igualmente ten\u00edamos un gap muy grande solo que la primera parte de la carrera de querer hacerlo m\u00e1s grande con Lawson para que me quede bien la parada, sal\u00ed r\u00e1pido y comet\u00ed ese error\u201d,<\/strong> a\u00f1adi\u00f3 Franco, pr\u00f3ximo a cumplir 23 a\u00f1os, sobre un leve da\u00f1o que tuvo a la salida de su parada en boxes, pero admiti\u00f3 que se tranquiliz\u00f3 y complet\u00f3 sin dramas la carrera de hoy.<\/p>\n\n\n\n<p class=\"wp-block-paragraph\"><strong>\u201cDespu\u00e9s de eso me tranquilic\u00e9 y fuimos tranquilos hasta el final, fue una carrera muy larga y muy solitaria, pero nos llevamos doble puntos para el equipo otra vez y es muy bueno, ahora hay que enfocarnos en la pr\u00f3xima\u201d<\/strong>, indic\u00f3 y no quiso dejar de hablarle a los fans que lo han apoyado desde su llegada a la F1 con Williams en 2024.<\/p>\n\n\n\n<p class=\"wp-block-paragraph\"><strong>\u201cEstoy feliz de haberles podido dar este resultado a todos los fans, se lo merec\u00edan por haberme apoyado tanto despu\u00e9s de haber ido al Road Show, fue todo muy r\u00e1pido, hay que seguir as\u00ed\u201d,<\/strong> concluy\u00f3.<\/p>\n\n\n\n<p class=\"wp-block-paragraph\">\u23e9&nbsp;<strong><em>\u00a1Seguinos en redes por&nbsp;<\/em><\/strong><a href=\"https:\/\/twitter.com\/grandepremioES\"><em>Twitter&nbsp;<\/em><\/a><strong><em>e&nbsp;<\/em><\/strong><a href=\"https:\/\/www.instagram.com\/grandepremioes\/\"><em>Instagram!<br><\/em><\/a>\u23e9&nbsp;<strong><em>Adem\u00e1s, tenemos nuestro&nbsp;<\/em><\/strong><a href=\"https:\/\/whatsapp.com\/channel\/0029VaDZ5zb0gcfDxuwxBM05\"><em>canal de Whatsapp<\/em><\/a><strong><em>&nbsp;con toda la informaci\u00f3n al instante<\/em><\/strong>&nbsp;\ud83c\udfc1<\/p>\n\n\n\n<p class=\"wp-block-paragraph\">La F\u00f3rmula 1 volver\u00e1 a las pistas con el Gran Premio de M\u00f3naco, la sexta prueba del campeonato 2026, entre el 5 y el 7 de junio.<\/p>\n","protected":false},"excerpt":{"rendered":"<p>Franco Colapinto habl\u00f3 despu\u00e9s de haber alcanzado su mejor resultado en la F\u00f3rmula 1 con el sexto puesto en el Gran Premio de Canad\u00e1 y revel\u00f3 da\u00f1os en la suspensi\u00f3n despu\u00e9s de un leve golpe contra la pared, pero festej\u00f3 darle m\u00e1s puntos a Alpine este fin de semana. <\/p>\n","protected":false},"author":0,"featured_media":1010402376,"comment_status":"closed","ping_status":"closed","sticky":false,"template":"","format":"standard","meta":{"42wp_featured_image_caption":"","42wp_featured_image_credits":"","42wp_featured_video":"","42wp_featured_image_hidden":false,"42wp_authors_list":[],"footnotes":""},"categories":[5],"tags":[678,2911,179,814,1298,1534,1299,427,204],"42wp_author":[14237],"class_list":["post-1071","post","type-post","status-publish","format-standard","has-post-thumbnail","hentry","category-f1","tag-alpine","tag-circuito-gilles-villeneuve","tag-formula-1","tag-franco-colapinto","tag-gp-de-canada","tag-gp-de-miami","tag-montreal","tag-pierre-gasly","tag-williams","42wp_author-gabriel-garcia"],"_links":{"self":[{"href":"https:\/\/grandepremio.com\/es\/wp-json\/wp\/v2\/posts\/1071","targetHints":{"allow":["GET"]}}],"collection":[{"href":"https:\/\/grandepremio.com\/es\/wp-json\/wp\/v2\/posts"}],"about":[{"href":"https:\/\/grandepremio.com\/es\/wp-json\/wp\/v2\/types\/post"}],"replies":[{"embeddable":true,"href":"https:\/\/grandepremio.com\/es\/wp-json\/wp\/v2\/comments?post=1071"}],"version-history":[{"count":0,"href":"https:\/\/grandepremio.com\/es\/wp-json\/wp\/v2\/posts\/1071\/revisions"}],"wp:featuredmedia":[{"embeddable":true,"href":"https:\/\/grandepremio.com\/es\/wp-json\/wp\/v2\/media\/1010402376"}],"wp:attachment":[{"href":"https:\/\/grandepremio.com\/es\/wp-json\/wp\/v2\/media?parent=1071"}],"wp:term":[{"taxonomy":"category","embeddable":true,"href":"https:\/\/grandepremio.com\/es\/wp-json\/wp\/v2\/categories?post=1071"},{"taxonomy":"post_tag","embeddable":true,"href":"https:\/\/grandepremio.com\/es\/wp-json\/wp\/v2\/tags?post=1071"},{"taxonomy":"42wp_author","embeddable":true,"href":"https:\/\/grandepremio.com\/es\/wp-json\/wp\/v2\/42wp_author?post=1071"}],"curies":[{"name":"wp","href":"https:\/\/api.w.org\/{rel}","templated":true}]}}