{"id":10712,"date":"2024-11-12T15:27:09","date_gmt":"2024-11-12T18:27:09","guid":{"rendered":"https:\/\/grandepremio.com\/es\/2024\/11\/12\/vina-del-mar-comienza-gestiones-retorno-formula-e-chile\/"},"modified":"2024-11-12T15:27:13","modified_gmt":"2024-11-12T18:27:13","slug":"vina-del-mar-comienza-gestiones-retorno-formula-e-chile","status":"publish","type":"post","link":"https:\/\/grandepremio.com\/es\/formula-e\/vina-del-mar-comienza-gestiones-retorno-formula-e-chile\/","title":{"rendered":"Vi\u00f1a del Mar comienza gestiones para el retorno de la F\u00f3rmula E a Chile"},"content":{"rendered":"\n<p class=\"wp-block-paragraph\">Hace casi dos meses que Chile recibi\u00f3 al <strong>WRC <\/strong>como su gran evento internacional de automovilismo, pero quieren recuperar a la <strong>F\u00f3rmula E<\/strong>, que pas\u00f3 por la capital, por<strong> Santiago<\/strong>, entre 2018 y 2020, la primera edici\u00f3n en un circuito callejero ubicado en <strong>Plaza Baquedano<\/strong> y las otras dos dentro del predio del <strong>Parque O&#8217;Higgins<\/strong>. Sin embargo, no es la \u00fanica ciudad interesada.<\/p>\n\n\n\n<p class=\"wp-block-paragraph\">Y es que la presencia de <strong>Nico Pino<\/strong> como parte del <a href=\"https:\/\/grandepremio.com\/es\/formula-e\/ds-penske-formula-e-2024-programa-jovenes-pilotos-nico-pino\/\" target=\"_blank\" rel=\"noreferrer noopener\">programa de desarrollo del grupo Stellantis<\/a>, habiendo probado un auto del equipo <strong>DS Penske,<\/strong> ha motivado a las nuevas autoridades capitalinas y de<strong> Vi\u00f1a del Mar<\/strong> a pugnar por la fecha sudamericana de la categor\u00eda totalmente el\u00e9ctrica. El inter\u00e9s de ambas ciudades es contar con el ePrix desde, por lo menos, 2026. Eso s\u00ed, deber\u00e1 competir en el inter\u00e9s con el <strong>eP de Sao Paulo<\/strong>, que se corre desde 2023.<\/p>\n\n\n\n<p class=\"wp-block-paragraph\">Adem\u00e1s, Pino ha competido en la clase LMGT3 del <strong>WEC<\/strong>, con United Autosport en el <strong>IMSA<\/strong> y con Idec Sport en la <strong>European le Mans Series<\/strong>. Seg\u00fan se ha reportado desde el pa\u00eds sudamericano, las principales voces pol\u00edticas de Santiago de Chile y de Vi\u00f1a del Mar ven con buenos ojos una posible llega de Nico a la F\u00f3rmula E en el futuro, lo que impulsar\u00eda el evento a nivel local, que tuvo la participaci\u00f3n de <strong>Jos\u00e9 Mar\u00eda L\u00f3pez<\/strong> en 2018 y 2019 y de <strong>Lucas Di Grassi<\/strong> en todas sus ediciones.<\/p>\n\n\n\n<p class=\"wp-block-paragraph\">\ud83d\udfe5<em><strong>\u00a1Todas las novedades te esperan en el canal de\u00a0<\/strong><\/em><a href=\"https:\/\/www.youtube.com\/@GrandePremioES\"><em>YouTube<\/em><\/a><em><strong>\u00a0de Grande Pr\u00eamio en Espa\u00f1ol!<\/strong><\/em>\u00a0\ud83d\udfe8<\/p>\n\n\n\n<figure class=\"wp-block-image size-full\"><img decoding=\"async\" src=\"https:\/\/grandepremio.com\/es\/wp-content\/uploads\/2024\/07\/Nico-Pino.jpg\" alt=\"\" class=\"wp-image-247532\"\/><figcaption class=\"wp-element-caption\">Nico Pino es visto como la posibilidad de Chile de recuperar a la F\u00f3rmula E (Foto: Joao Filipe\/DPPI)<\/figcaption><\/figure>\n\n\n\n<p class=\"wp-block-paragraph\">Tras las protestas que ocurrieron enrte 2019 y 2020, Chile perdi\u00f3 su evento debido a la pandemia de coronavirus y no pudo recuperarlo. Por eso, Mario Desbordes, electo alcalde del <strong>Municipio de Santiago<\/strong>, declar\u00f3 en una entrevista que quiere contar con eventos deportivos en la capital. Pero, claro, deber\u00e1 pugnar con Vi\u00f1a del Mar, que quiere reactivar su econom\u00eda local y desea visibilizar su <strong>\u201cEstrategia Nacional del Litio\u201d<\/strong>, para convertirse en un polo el\u00e9ctrico en la regi\u00f3n.<\/p>\n\n\n\n<p class=\"wp-block-paragraph\">Con la situaci\u00f3n social y pol\u00edtica m\u00e1s calmada, ambas ciudades chilenas desean que el pa\u00eds vuelva a insertarse en el calendario internacional de pista, dado que, tambi\u00e9n, han perdido la carrera del <strong>Extreme E<\/strong>, que se realizaba en el desierto de Atacama. La actualidad de <strong>Nico Pino<\/strong> a nivel global en el automovilismo ha generado el inter\u00e9s p\u00fablico y privado, que deber\u00e1 aunarse para devolver el eP a Chile lo m\u00e1s pronto posible.<\/p>\n\n\n\n<p class=\"wp-block-paragraph\">\u23e9&nbsp;<em><strong>\u00a1Seguinos en redes por&nbsp;<\/strong><\/em><a href=\"https:\/\/twitter.com\/grandepremioES\"><em>Twitter&nbsp;<\/em><\/a><em><strong>e&nbsp;<\/strong><\/em><a href=\"https:\/\/www.instagram.com\/grandepremioes\/\"><em>Instagram!<\/em><\/a><br>\u23e9&nbsp;<em><strong>Adem\u00e1s, tenemos nuestro&nbsp;<\/strong><\/em><a href=\"https:\/\/whatsapp.com\/channel\/0029VaDZ5zb0gcfDxuwxBM05\"><em>canal de Whatsapp<\/em><\/a><em><strong>&nbsp;con toda la informaci\u00f3n al instante<\/strong><\/em>&nbsp;\ud83c\udfc1<\/p>\n\n\n\n<p class=\"wp-block-paragraph\">La F\u00f3rmula E comenzar\u00e1 su temporada 11 el 7 de diciembre con el eP de Sao Paulo en el Samb\u00f3dromo de Anhemb\u00ed. Cobertura de GRANDE PREMIO.<\/p>\n\n\n\n<figure class=\"wp-block-embed is-type-video is-provider-youtube wp-block-embed-youtube wp-embed-aspect-16-9 wp-has-aspect-ratio\"><div class=\"wp-block-embed__wrapper\">\n<iframe loading=\"lazy\" title=\"NORRIS Y EL DESAF\u00cdO DE SER CAMPE\u00d3N DE LA F\u00d3RMULA 1\" width=\"500\" height=\"281\" src=\"https:\/\/www.youtube.com\/embed\/39N3bdvNqw0?start=1&amp;feature=oembed\" frameborder=\"0\" allow=\"accelerometer; autoplay; clipboard-write; encrypted-media; gyroscope; picture-in-picture; web-share\" referrerpolicy=\"strict-origin-when-cross-origin\" allowfullscreen><\/iframe>\n<\/div><\/figure>\n","protected":false},"excerpt":{"rendered":"<p>La presencia del piloto chileno, Nicol\u00e1s Pino, como piloto de desarrollo de DS Penske, ha motivado a las autoridades de Santiago de Chile y de Vi\u00f1a del Mar para intentar concretar el regreso de la F\u00f3rmula E al pa\u00eds desde 2026, como fecha m\u00e1s temprana. <\/p>\n","protected":false},"author":0,"featured_media":1010299951,"comment_status":"closed","ping_status":"closed","sticky":false,"template":"","format":"standard","meta":{"42wp_featured_image_caption":"","42wp_featured_image_credits":"","42wp_featured_video":"","42wp_featured_image_hidden":false,"42wp_authors_list":[],"footnotes":""},"categories":[18],"tags":[3642,1623,5221,462,322,1553,1086,10238,11049,11048,11050,11051,311,1226],"42wp_author":[14237],"class_list":["post-10712","post","type-post","status-publish","format-standard","has-post-thumbnail","hentry","category-formula-e","tag-ds-penske","tag-elms","tag-ep-de-sao-paulo","tag-formula-e","tag-imsa","tag-jose-maria-lopez","tag-lucas-di-grassi","tag-nico-pino","tag-parque-ohiggins","tag-plaza-baquedano","tag-santiago","tag-vina-del-mar","tag-wec","tag-wrc","42wp_author-gabriel-garcia"],"_links":{"self":[{"href":"https:\/\/grandepremio.com\/es\/wp-json\/wp\/v2\/posts\/10712","targetHints":{"allow":["GET"]}}],"collection":[{"href":"https:\/\/grandepremio.com\/es\/wp-json\/wp\/v2\/posts"}],"about":[{"href":"https:\/\/grandepremio.com\/es\/wp-json\/wp\/v2\/types\/post"}],"replies":[{"embeddable":true,"href":"https:\/\/grandepremio.com\/es\/wp-json\/wp\/v2\/comments?post=10712"}],"version-history":[{"count":0,"href":"https:\/\/grandepremio.com\/es\/wp-json\/wp\/v2\/posts\/10712\/revisions"}],"wp:featuredmedia":[{"embeddable":true,"href":"https:\/\/grandepremio.com\/es\/wp-json\/wp\/v2\/media\/1010299951"}],"wp:attachment":[{"href":"https:\/\/grandepremio.com\/es\/wp-json\/wp\/v2\/media?parent=10712"}],"wp:term":[{"taxonomy":"category","embeddable":true,"href":"https:\/\/grandepremio.com\/es\/wp-json\/wp\/v2\/categories?post=10712"},{"taxonomy":"post_tag","embeddable":true,"href":"https:\/\/grandepremio.com\/es\/wp-json\/wp\/v2\/tags?post=10712"},{"taxonomy":"42wp_author","embeddable":true,"href":"https:\/\/grandepremio.com\/es\/wp-json\/wp\/v2\/42wp_author?post=10712"}],"curies":[{"name":"wp","href":"https:\/\/api.w.org\/{rel}","templated":true}]}}