{"id":10716,"date":"2024-11-12T12:39:37","date_gmt":"2024-11-12T15:39:37","guid":{"rendered":"https:\/\/grandepremio.com\/es\/2024\/11\/12\/presentacion-colectiva-temporada-2025-f1-o2-arena-londres\/"},"modified":"2024-11-12T12:40:55","modified_gmt":"2024-11-12T15:40:55","slug":"presentacion-colectiva-temporada-2025-f1-o2-arena-londres","status":"publish","type":"post","link":"https:\/\/grandepremio.com\/es\/f1\/presentacion-colectiva-temporada-2025-f1-o2-arena-londres\/","title":{"rendered":"F1 anuncia presentaci\u00f3n colectiva de los coches de 2025 en Londres"},"content":{"rendered":"\n<p class=\"wp-block-paragraph\">Las celebraciones del 75 aniversario de la<strong> F\u00f3rmula 1<\/strong> arrancar\u00e1n con un acontecimiento sin precedentes en la historia de la categor\u00eda. Las 10 escuder\u00edas del Campeonato Mundial presentar\u00e1n simult\u00e1neamente sus decoraciones para la temporada 2025, en un acto que tendr\u00e1 lugar el 18 de febrero en el <strong>O2 Arena<\/strong> de <strong>Londres <\/strong>(Reino Unido).<\/p>\n\n\n\n<p class=\"wp-block-paragraph\">\ud83d\udfe5<em><strong>\u00a1Todas las novedades te esperan en el canal de&nbsp;<\/strong><\/em><a href=\"https:\/\/www.youtube.com\/@GrandePremioES\"><em>YouTube<\/em><\/a><em><strong>&nbsp;de Grande Pr\u00eamio en Espa\u00f1ol!<\/strong><\/em>&nbsp;\ud83d\udfe8<\/p>\n\n\n\n<p class=\"wp-block-paragraph\">En el acto, los 20 pilotos y diez jefes de equipo presentar\u00e1n a los aficionados los dise\u00f1os de los coches para la 75\u00aa temporada de la historia de la categor\u00eda, cuyo inicio est\u00e1 previsto para el 16 de marzo con el <strong>Gran Premio de Australia.<\/strong> La venta de entradas para el evento londinense comenzar\u00e1 el pr\u00f3ximo viernes, con precios que oscilan entre 58 y 113 libras esterlinas.<\/p>\n\n\n\n<p class=\"wp-block-paragraph\">La F1 sigue la tendencia de <strong>MotoGP<\/strong>, que recientemente anunci\u00f3 un evento similar, previsto para el 9 de febrero en <strong>Bangkok (Tailandia)<\/strong>. El pa\u00eds tambi\u00e9n albergar\u00e1 las pruebas de pretemporada y el inicio del campeonato en <strong>Buriram<\/strong>.<\/p>\n\n\n\n<p class=\"wp-block-paragraph\">El evento se transmitir\u00e1 por Internet, coordinado por BrianBurkeCreative, que tambi\u00e9n organiza las ceremonias de apertura y clausura del <strong>GP de Las Vegas<\/strong>. No ser\u00e1 la presentaci\u00f3n propiamente dicha de los coches, ya que las escuder\u00edas a\u00fan no anunciaron las fechas de lanzamiento.<\/p>\n\n\n\n<p class=\"wp-block-paragraph\">\u23e9&nbsp;<em><strong>\u00a1Seguinos en redes por&nbsp;<\/strong><\/em><a href=\"https:\/\/twitter.com\/grandepremioES\"><em>Twitter&nbsp;<\/em><\/a><em><strong>e&nbsp;<\/strong><\/em><a href=\"https:\/\/www.instagram.com\/grandepremioes\/\"><em>Instagram!<\/em><\/a><br>\u23e9&nbsp;<em><strong>Adem\u00e1s, tenemos nuestro&nbsp;<\/strong><\/em><a href=\"https:\/\/whatsapp.com\/channel\/0029VaDZ5zb0gcfDxuwxBM05\"><em>canal de Whatsapp<\/em><\/a><em><strong>&nbsp;con toda la informaci\u00f3n al instante<\/strong><\/em>&nbsp;\ud83c\udfc1<\/p>\n\n\n\n<figure class=\"wp-block-image size-large\"><img decoding=\"async\" src=\"https:\/\/grandepremio.com\/es\/wp-content\/uploads\/2024\/11\/GP-de-Sao-Paulo-1024x576.jpg\" alt=\"\" class=\"wp-image-299926\"\/><figcaption class=\"wp-element-caption\">En 2025, la F1 celebra el 75 aniversario de su creaci\u00f3n (Foto: Reproducci\u00f3n)<\/figcaption><\/figure>\n\n\n\n<p class=\"wp-block-paragraph\">\u00abPor primera vez en la historia, vamos a reunir a nuestros fans, a las 20 superestrellas de nuestro deporte y a algunos invitados especiales para dar comienzo a la temporada que marca el 75\u00ba aniverario del campeonato\u00bb, dijo<strong> Stefano Domenicali,<\/strong> CEO de la <strong>F1<\/strong>.<\/p>\n\n\n\n<p class=\"wp-block-paragraph\">\u00abCon 2025 preparada para ser una temporada emocionante, es una oportunidad fant\u00e1stica para que los aficionados de todas las edades experimenten de cerca el incre\u00edble espect\u00e1culo de entretenimiento que es la F1\u00bb, a\u00f1adi\u00f3.<\/p>\n\n\n\n<p class=\"wp-block-paragraph\">La&nbsp;<strong><a href=\"https:\/\/es.grandepremio.com\/f1\/\" target=\"_blank\" rel=\"noreferrer noopener\"><\/a><a href=\"https:\/\/es.grandepremio.com\/f1\/\" target=\"_blank\" rel=\"noreferrer noopener\"><\/a><a href=\"https:\/\/es.grandepremio.com\/f1\/\" target=\"_blank\" rel=\"noreferrer noopener\"><\/a><a href=\"https:\/\/es.grandepremio.com\/f1\/\" target=\"_blank\" rel=\"noreferrer noopener\"><\/a><a href=\"https:\/\/es.grandepremio.com\/f1\/\" target=\"_blank\" rel=\"noreferrer noopener\"><\/a><a href=\"https:\/\/es.grandepremio.com\/f1\/\" target=\"_blank\" rel=\"noreferrer noopener\"><\/a><a href=\"https:\/\/es.grandepremio.com\/f1\/\" target=\"_blank\" rel=\"noreferrer noopener\"><\/a><a href=\"https:\/\/es.grandepremio.com\/f1\/\" target=\"_blank\" rel=\"noreferrer noopener\"><\/a><a href=\"https:\/\/es.grandepremio.com\/f1\/\" target=\"_blank\" rel=\"noreferrer noopener\"><\/a><a href=\"https:\/\/es.grandepremio.com\/f1\/\" target=\"_blank\" rel=\"noreferrer noopener\"><\/a><a href=\"https:\/\/es.grandepremio.com\/f1\/\" target=\"_blank\" rel=\"noreferrer noopener\"><\/a><a href=\"https:\/\/es.grandepremio.com\/f1\/\" target=\"_blank\" rel=\"noreferrer noopener\"><\/a><a href=\"https:\/\/es.grandepremio.com\/f1\/\" target=\"_blank\" rel=\"noreferrer noopener\"><\/a><a href=\"https:\/\/es.grandepremio.com\/f1\/\" target=\"_blank\" rel=\"noreferrer noopener\"><\/a><a href=\"https:\/\/es.grandepremio.com\/f1\/\" target=\"_blank\" rel=\"noreferrer noopener\"><\/a><a href=\"https:\/\/es.grandepremio.com\/f1\/\" target=\"_blank\" rel=\"noreferrer noopener\"><\/a><a href=\"https:\/\/es.grandepremio.com\/f1\/\" target=\"_blank\" rel=\"noreferrer noopener\"><\/a><a href=\"https:\/\/es.grandepremio.com\/f1\/\" target=\"_blank\" rel=\"noreferrer noopener\"><\/a><a href=\"https:\/\/es.grandepremio.com\/f1\/\" target=\"_blank\" rel=\"noreferrer noopener\"><\/a><a href=\"https:\/\/es.grandepremio.com\/f1\/\" target=\"_blank\" rel=\"noreferrer noopener\"><\/a><a href=\"https:\/\/es.grandepremio.com\/f1\/\" target=\"_blank\" rel=\"noreferrer noopener\"><\/a><a href=\"https:\/\/es.grandepremio.com\/f1\/\" target=\"_blank\" rel=\"noreferrer noopener\"><\/a><a href=\"https:\/\/es.grandepremio.com\/f1\/\" target=\"_blank\" rel=\"noreferrer noopener\"><\/a><a href=\"https:\/\/es.grandepremio.com\/f1\/\" target=\"_blank\" rel=\"noreferrer noopener\"><\/a><a href=\"https:\/\/es.grandepremio.com\/f1\/\" target=\"_blank\" rel=\"noreferrer noopener\"><\/a><a href=\"https:\/\/es.grandepremio.com\/f1\/\" target=\"_blank\" rel=\"noreferrer noopener\"><\/a><a href=\"https:\/\/es.grandepremio.com\/f1\/\" target=\"_blank\" rel=\"noreferrer noopener\"><\/a><a href=\"https:\/\/es.grandepremio.com\/f1\/\" target=\"_blank\" rel=\"noreferrer noopener\">F\u00f3rmula 1<\/a><\/strong>&nbsp;volver\u00e1 a los circuitos la pr\u00f3xima semana con motivo del&nbsp;<strong>Gran Premio de Las Vegas<\/strong>, en&nbsp;<strong>Estados Unidos<\/strong>, del 21 al 23 de noviembre.<\/p>\n\n\n\n<figure class=\"wp-block-embed is-type-video is-provider-youtube wp-block-embed-youtube wp-embed-aspect-16-9 wp-has-aspect-ratio\"><div class=\"wp-block-embed__wrapper\">\n<iframe loading=\"lazy\" title=\"NORRIS Y EL DESAF\u00cdO DE SER CAMPE\u00d3N DE LA F\u00d3RMULA 1\" width=\"500\" height=\"281\" src=\"https:\/\/www.youtube.com\/embed\/39N3bdvNqw0?feature=oembed\" frameborder=\"0\" allow=\"accelerometer; autoplay; clipboard-write; encrypted-media; gyroscope; picture-in-picture; web-share\" referrerpolicy=\"strict-origin-when-cross-origin\" allowfullscreen><\/iframe>\n<\/div><\/figure>\n","protected":false},"excerpt":{"rendered":"<p>F1 confirm\u00f3 un evento in\u00e9dito para el 18 de febrero de 2025: en el O2 Arena de Londres, todos los equipos y pilotos estar\u00e1n presentes para una presentaci\u00f3n colectiva de los colores de los coches de la pr\u00f3xima temporada.<\/p>\n","protected":false},"author":0,"featured_media":1010299925,"comment_status":"closed","ping_status":"closed","sticky":false,"template":"","format":"standard","meta":{"42wp_featured_image_caption":"","42wp_featured_image_credits":"","42wp_featured_video":"","42wp_featured_image_hidden":false,"42wp_authors_list":[],"footnotes":""},"categories":[5],"tags":[678,209,181,1710,185,179,8059,1488,414,269,197,9812,206,497,9647,204],"42wp_author":[14239],"class_list":["post-10716","post","type-post","status-publish","format-standard","has-post-thumbnail","hentry","category-f1","tag-alpine","tag-aston-martin","tag-f1","tag-f1-2025","tag-ferrari","tag-formula-1","tag-formula-1-2025","tag-grande-premio","tag-haas","tag-mclaren","tag-mercedes","tag-racing-bulls","tag-red-bull","tag-sauber","tag-temporada-2025-f1","tag-williams","42wp_author-jp-otrosky"],"_links":{"self":[{"href":"https:\/\/grandepremio.com\/es\/wp-json\/wp\/v2\/posts\/10716","targetHints":{"allow":["GET"]}}],"collection":[{"href":"https:\/\/grandepremio.com\/es\/wp-json\/wp\/v2\/posts"}],"about":[{"href":"https:\/\/grandepremio.com\/es\/wp-json\/wp\/v2\/types\/post"}],"replies":[{"embeddable":true,"href":"https:\/\/grandepremio.com\/es\/wp-json\/wp\/v2\/comments?post=10716"}],"version-history":[{"count":0,"href":"https:\/\/grandepremio.com\/es\/wp-json\/wp\/v2\/posts\/10716\/revisions"}],"wp:featuredmedia":[{"embeddable":true,"href":"https:\/\/grandepremio.com\/es\/wp-json\/wp\/v2\/media\/1010299925"}],"wp:attachment":[{"href":"https:\/\/grandepremio.com\/es\/wp-json\/wp\/v2\/media?parent=10716"}],"wp:term":[{"taxonomy":"category","embeddable":true,"href":"https:\/\/grandepremio.com\/es\/wp-json\/wp\/v2\/categories?post=10716"},{"taxonomy":"post_tag","embeddable":true,"href":"https:\/\/grandepremio.com\/es\/wp-json\/wp\/v2\/tags?post=10716"},{"taxonomy":"42wp_author","embeddable":true,"href":"https:\/\/grandepremio.com\/es\/wp-json\/wp\/v2\/42wp_author?post=10716"}],"curies":[{"name":"wp","href":"https:\/\/api.w.org\/{rel}","templated":true}]}}