{"id":10722,"date":"2024-11-12T10:44:22","date_gmt":"2024-11-12T13:44:22","guid":{"rendered":"https:\/\/grandepremio.com\/es\/2024\/11\/12\/pedrosa-renueva-ktm-probador-motogp-2025\/"},"modified":"2024-11-12T10:44:26","modified_gmt":"2024-11-12T13:44:26","slug":"pedrosa-renueva-ktm-probador-motogp-2025","status":"publish","type":"post","link":"https:\/\/grandepremio.com\/es\/motogp\/pedrosa-renueva-ktm-probador-motogp-2025\/","title":{"rendered":"Pedrosa renueva con KTM y contin\u00faa como piloto probador para MotoGP 2025"},"content":{"rendered":"\n<p class=\"wp-block-paragraph\">Mientras que <strong>MotoGP 2024<\/strong> se acabar\u00e1 el fin de semana venidero con la gran pelea del campeonato entre <strong>Jorge Mart\u00edn<\/strong> y <strong>Francesco Bagnaia<\/strong>, los otros fabricantes ya piensan en 2025 y <strong>KTM<\/strong> se asegur\u00f3 por un a\u00f1o m\u00e1s los servicios de <strong>Dani Pedrosa<\/strong> como piloto probador.<\/p>\n\n\n\n<p class=\"wp-block-paragraph\">Tras haber dejado <strong>Honda<\/strong>, el espa\u00f1ol lleg\u00f3 a KTM en 2019 con la misi\u00f3n de desarrollar la moto de la casa austr\u00edaca, la <strong>RC16<\/strong>, y ha competido en cuatro ocasiones en el <strong>Mundial de Motociclismo<\/strong> desde 2021. El mejor resultado del ex compa\u00f1ero de <strong>Marc M\u00e1rquez<\/strong> fue en el GP de San Marino del a\u00f1o pasado con un cuarto puesto.<\/p>\n\n\n\n<p class=\"wp-block-paragraph\">\ud83d\udfe5<em><strong>\u00a1Todas las novedades te esperan en el canal de&nbsp;<\/strong><\/em><a href=\"https:\/\/www.youtube.com\/@GrandePremioES\"><em>YouTube<\/em><\/a><em><strong>&nbsp;de Grande Pr\u00eamio en Espa\u00f1ol!<\/strong><\/em>&nbsp;\ud83d\udfe8<\/p>\n\n\n\n<p class=\"wp-block-paragraph\"><strong>\u201cEs un placer emprender nuestro viaje un a\u00f1o m\u00e1s. Sabemos d\u00f3nde hay que mejorar y los esfuerzos en toda la f\u00e1brica contin\u00faan para hacer la mejor moto posible para los pilotos. Estoy deseando ver lo que podemos hacer en 2025 y las ideas que surgir\u00e1n\u201d<\/strong>, dijo el piloto de 39 a\u00f1os.<\/p>\n\n\n\n<figure class=\"wp-block-image size-full\"><img decoding=\"async\" src=\"https:\/\/grandepremio.com\/es\/wp-content\/uploads\/2024\/11\/591789_Dani-Pedrosa_Red-Bull-KTM_MotoGP_RC16_Circuito-de-Jerez-Angel-Nieto-_ESP_26-04-2024-22_4th-Rnd.-MotoGP-2024-Circuito-de-Jerez-Angel-Nieto-_SPA_-1024x682-1.jpg\" alt=\"\" class=\"wp-image-299888\"\/><figcaption class=\"wp-element-caption\">Dani Pedrosa es piloto probador de KTM desde 2019 (Foto: KTM)<\/figcaption><\/figure>\n\n\n\n<p class=\"wp-block-paragraph\">Pedrosa trabajar\u00e1 la pr\u00f3xima temporada con el objetivo de acercar a la moto de <strong>Mattighofen<\/strong> al rendimiento de <strong>Ducati<\/strong>, que gan\u00f3 casi todas las carreras de este a\u00f1o, con excepci\u00f3n del GP de las Am\u00e9ricas, que fue victoria de la Aprilia de <strong>Maverick Vi\u00f1ales<\/strong>, que, precisamente, cambiar\u00e1 de equipo y llegar\u00e1 al equipo sat\u00e9lite de los austr\u00edacos en 2025, <strong>Tech3<\/strong>, para ser compa\u00f1ero de <strong>Enea Bastianini<\/strong>, en tanto que <strong>Brad Binder<\/strong> y <strong>Pedro Acosta<\/strong> estar\u00e1n en el equipo oficial.<\/p>\n\n\n\n<p class=\"wp-block-paragraph\">Hay que recordar que Dani corri\u00f3 m\u00e1s de una d\u00e9cada en MotoGP entre 2006 y 2018 con Honda. Durante este periodo, disput\u00f3 220 carreras, con 31 victorias, 112 podios y 31 poles. El espa\u00f1ol tambi\u00e9n cuenta con un t\u00edtulo en 125cc y dos en 250cc, actualmente denominadas Moto3 y Moto2, respectivamente.<\/p>\n\n\n\n<p class=\"wp-block-paragraph\">\u23e9&nbsp;<em><strong>\u00a1Seguinos en redes por&nbsp;<\/strong><\/em><a href=\"https:\/\/twitter.com\/grandepremioES\"><em>Twitter&nbsp;<\/em><\/a><em><strong>e&nbsp;<\/strong><\/em><a href=\"https:\/\/www.instagram.com\/grandepremioes\/\"><em>Instagram!<\/em><\/a><br>\u23e9&nbsp;<em><strong>Adem\u00e1s, tenemos nuestro&nbsp;<\/strong><\/em><a href=\"https:\/\/whatsapp.com\/channel\/0029VaDZ5zb0gcfDxuwxBM05\"><em>canal de Whatsapp<\/em><\/a><em><strong>&nbsp;con toda la informaci\u00f3n al instante<\/strong><\/em>&nbsp;\ud83c\udfc1<\/p>\n\n\n\n<p class=\"wp-block-paragraph\">MotoGP volver\u00e1 a la actividad entre el 15 y el 17 de noviembre, con el GP de la Solidaridad en Barcelona (Catalunya), \u00faltima prueba de la temporada 2024. GRANDE PR\u00caMIO ofrece una cobertura completa del evento.<\/p>\n\n\n\n<figure class=\"wp-block-embed is-type-video is-provider-youtube wp-block-embed-youtube wp-embed-aspect-16-9 wp-has-aspect-ratio\"><div class=\"wp-block-embed__wrapper\">\n<iframe loading=\"lazy\" title=\"NORRIS Y EL DESAF\u00cdO DE SER CAMPE\u00d3N DE LA F\u00d3RMULA 1\" width=\"500\" height=\"281\" src=\"https:\/\/www.youtube.com\/embed\/39N3bdvNqw0?start=1&amp;feature=oembed\" frameborder=\"0\" allow=\"accelerometer; autoplay; clipboard-write; encrypted-media; gyroscope; picture-in-picture; web-share\" referrerpolicy=\"strict-origin-when-cross-origin\" allowfullscreen><\/iframe>\n<\/div><\/figure>\n","protected":false},"excerpt":{"rendered":"<p>Dani Pedrosa continuar\u00e1 como piloto probador de KTM para la temporada 2025 de MotoGP. El piloto de 39 a\u00f1os lleva en el fabricante austriaco desde 2019 y fue una pieza clave en el desarrollo de la moto RC16.<\/p>\n","protected":false},"author":0,"featured_media":1010299883,"comment_status":"closed","ping_status":"closed","sticky":false,"template":"","format":"standard","meta":{"42wp_featured_image_caption":"","42wp_featured_image_credits":"","42wp_featured_video":"","42wp_featured_image_hidden":false,"42wp_authors_list":[],"footnotes":""},"categories":[8],"tags":[1415,1531,1340,2058,1376,221,1526,1381,1392,10531,1391,2254,1764,1693,5301,1528],"42wp_author":[14237],"class_list":["post-10722","post","type-post","status-publish","format-standard","has-post-thumbnail","hentry","category-motogp","tag-brad-binder","tag-dani-pedrosa","tag-ducati","tag-enea-bastianini","tag-francesco-bagnaia","tag-honda","tag-jorge-martin","tag-ktm","tag-marc-marquez-2","tag-mattinghofen","tag-maverick-vinales","tag-motogp-2024","tag-mundial-de-motociclismo","tag-pedro-acosta","tag-rc16","tag-tech3","42wp_author-gabriel-garcia"],"_links":{"self":[{"href":"https:\/\/grandepremio.com\/es\/wp-json\/wp\/v2\/posts\/10722","targetHints":{"allow":["GET"]}}],"collection":[{"href":"https:\/\/grandepremio.com\/es\/wp-json\/wp\/v2\/posts"}],"about":[{"href":"https:\/\/grandepremio.com\/es\/wp-json\/wp\/v2\/types\/post"}],"replies":[{"embeddable":true,"href":"https:\/\/grandepremio.com\/es\/wp-json\/wp\/v2\/comments?post=10722"}],"version-history":[{"count":0,"href":"https:\/\/grandepremio.com\/es\/wp-json\/wp\/v2\/posts\/10722\/revisions"}],"wp:featuredmedia":[{"embeddable":true,"href":"https:\/\/grandepremio.com\/es\/wp-json\/wp\/v2\/media\/1010299883"}],"wp:attachment":[{"href":"https:\/\/grandepremio.com\/es\/wp-json\/wp\/v2\/media?parent=10722"}],"wp:term":[{"taxonomy":"category","embeddable":true,"href":"https:\/\/grandepremio.com\/es\/wp-json\/wp\/v2\/categories?post=10722"},{"taxonomy":"post_tag","embeddable":true,"href":"https:\/\/grandepremio.com\/es\/wp-json\/wp\/v2\/tags?post=10722"},{"taxonomy":"42wp_author","embeddable":true,"href":"https:\/\/grandepremio.com\/es\/wp-json\/wp\/v2\/42wp_author?post=10722"}],"curies":[{"name":"wp","href":"https:\/\/api.w.org\/{rel}","templated":true}]}}