{"id":10904,"date":"2024-11-01T17:47:47","date_gmt":"2024-11-01T20:47:47","guid":{"rendered":"https:\/\/grandepremio.com\/es\/2024\/11\/01\/verstappen-red-bull-desventaja-interlagos-f1-2024\/"},"modified":"2024-11-01T19:38:35","modified_gmt":"2024-11-01T22:38:35","slug":"verstappen-red-bull-desventaja-interlagos-f1-2024","status":"publish","type":"post","link":"https:\/\/grandepremio.com\/es\/f1\/verstappen-red-bull-desventaja-interlagos-f1-2024\/","title":{"rendered":"Verstappen ve a Red Bull &#8220;en desventaja&#8221; en Interlagos: &#8220;No mejorar\u00e1 en carrera&#8221;"},"content":{"rendered":"\n<p class=\"wp-block-paragraph\">El viernes del <strong>GP de Sao Paulo <\/strong>no fue del todo positivo para <strong>Max Verstappen<\/strong>, ya que qued\u00f3 atr\u00e1s de los <strong>McLaren<\/strong> en la clasificaci\u00f3n para la carrera sprint del s\u00e1bado, y largar\u00e1 desde la cuarta posici\u00f3n, por lo que consider\u00f3 estar <em>\u201cen desventaja\u201d<\/em> con respecto a <strong>Lando Norris<\/strong> y a <strong>Oscar Piastri<\/strong>, el m\u00e1s r\u00e1pido hoy.<\/p>\n\n\n\n<p class=\"wp-block-paragraph\">Al igual que <strong>Lewis Hamilton<\/strong>, el piloto de <strong>Red Bull<\/strong> tambi\u00e9n se quej\u00f3 de la pista reasfaltada de Interlagos, por los tramos irregulares, adem\u00e1s de los baches que se generaron al paso de los autos y no cree que el <strong>RB20<\/strong> pueda ser competitivo en lo que resta del fin de semana.<\/p>\n\n\n\n<p class=\"wp-block-paragraph\">\ud83d\udfe5<em><strong>\u00a1Todas las novedades te esperan en el canal de&nbsp;<\/strong><\/em><a href=\"https:\/\/www.youtube.com\/@GrandePremioES\"><em>YouTube<\/em><\/a><em><strong>&nbsp;de Grande Pr\u00eamio en Espa\u00f1ol!<\/strong><\/em>&nbsp;\ud83d\udfe8<\/p>\n\n\n\n<p class=\"wp-block-paragraph\"><strong>\u201cTan pronto como entramos en la clasificaci\u00f3n, sent\u00ed que definitivamente est\u00e1bamos en desventaja. Las zonas bacheadas no son buenas para el coche, me cuestan tiempos por vuelta. Cuando ya estamos en desventaja en una sola vuelta, no creo que seamos m\u00e1s fuertes en la carrera, pero ya veremos\u201d<\/strong>, dijo el campe\u00f3n del mundo.<\/p>\n\n\n\n<figure class=\"wp-block-image size-large\"><img decoding=\"async\" src=\"https:\/\/grandepremio.com\/cdn-cgi\/image\/width=893,height=558,fit=contain,gravity=0.5x0.5,quality=75,format=webp\/es\/wp-content\/uploads\/2024\/11\/sao-paulo-brasil-interlagos-warm-up-2024-f1-treino-livre-red-bull-max-verstappen-01-1200x755-1-1024x644.jpg\" alt=\"\" class=\"wp-image-297407\"\/><figcaption class=\"wp-element-caption\">Max Verstappen fue cuarto este viernes en Interlagos (Foto: Rodrigo Berton\/Warm Up)<\/figcaption><\/figure>\n\n\n\n<p class=\"wp-block-paragraph\">Por otro lado, Verstappen se\u00f1al\u00f3 que tendr\u00e1 que afrontar un desaf\u00edo con el recargo de cinco puestos por cambiar el motor de combusti\u00f3n interna de cara a la carrera del dominngo en suelo brasile\u00f1o: <strong>\u201cCon la penalizaci\u00f3n, tengo m\u00e1s trabajo por hacer\u201d.<\/strong><\/p>\n\n\n\n<p class=\"wp-block-paragraph\">Hasta el momento, el neerland\u00e9s le lleva 47 puntos a<strong> Lando Norris<\/strong> en el Mundial de Pilotos. El brit\u00e1nico fue segundo en la clasificaci\u00f3n para la carrera sprint del s\u00e1bado. A su vez, en el Mundial de Constructores, <strong>Red Bull<\/strong> est\u00e1 en desventaja y ocupa la tercera posici\u00f3n, con 512 puntos, detr\u00e1s de <strong>Ferrari<\/strong> (537) y<strong> McLaren<\/strong> (566).<\/p>\n\n\n\n<p class=\"wp-block-paragraph\">\u23e9&nbsp;<em><strong>\u00a1Seguinos en redes por&nbsp;<\/strong><\/em><a href=\"https:\/\/twitter.com\/grandepremioES\"><em>Twitter&nbsp;<\/em><\/a><em><strong>e&nbsp;<\/strong><\/em><a href=\"https:\/\/www.instagram.com\/grandepremioes\/\"><em>Instagram!<\/em><\/a><br>\u23e9&nbsp;<em><strong>Adem\u00e1s, tenemos nuestro&nbsp;<\/strong><\/em><a href=\"https:\/\/whatsapp.com\/channel\/0029VaDZ5zb0gcfDxuwxBM05\"><em>canal de Whatsapp<\/em><\/a><em><strong>&nbsp;con toda la informaci\u00f3n al instante<\/strong><\/em>&nbsp;\ud83c\udfc1<\/p>\n\n\n\n<p class=\"wp-block-paragraph\">La F\u00f3rmula 1 vuelve a pista ma\u00f1ana a las 11:00 para disputar la carrera sprint en Interlagos. GRANDE PR\u00caMIO cubrir\u00e1 in situ con un gran equipo lo que ocurra en el GP de Sao Paulo.<\/p>\n\n\n\n<figure class=\"wp-block-embed is-type-video is-provider-youtube wp-block-embed-youtube wp-embed-aspect-16-9 wp-has-aspect-ratio\"><div class=\"wp-block-embed__wrapper\">\n<iframe loading=\"lazy\" title=\"GP DE SAO PAULO - LA PREVIA\" width=\"500\" height=\"281\" src=\"https:\/\/www.youtube.com\/embed\/UrFTM7TajPM?feature=oembed\" frameborder=\"0\" allow=\"accelerometer; autoplay; clipboard-write; encrypted-media; gyroscope; picture-in-picture; web-share\" referrerpolicy=\"strict-origin-when-cross-origin\" allowfullscreen><\/iframe>\n<\/div><\/figure>\n","protected":false},"excerpt":{"rendered":"<p>Max Verstappen termin\u00f3 la clasificaci\u00f3n para la carrera sprint del GP de S\u00e3o Paulo por detr\u00e1s de los McLaren, en cuarta posici\u00f3n, y piensa que el ritmo no cambiar\u00e1 demasiado en la prueba corta de ma\u00f1ana.<\/p>\n","protected":false},"author":0,"featured_media":1010297395,"comment_status":"closed","ping_status":"closed","sticky":false,"template":"","format":"standard","meta":{"42wp_featured_image_caption":"","42wp_featured_image_credits":"","42wp_featured_video":"","42wp_featured_image_hidden":false,"42wp_authors_list":[],"footnotes":""},"categories":[5],"tags":[181,179,1491,268,199,249,269,278,9712,206],"42wp_author":[14237],"class_list":["post-10904","post","type-post","status-publish","format-standard","has-post-thumbnail","hentry","category-f1","tag-f1","tag-formula-1","tag-gp-de-sao-paulo-2","tag-lando-norris","tag-lewis-hamilton","tag-max-verstappen","tag-mclaren","tag-oscar-piastri","tag-rb20","tag-red-bull","42wp_author-gabriel-garcia"],"_links":{"self":[{"href":"https:\/\/grandepremio.com\/es\/wp-json\/wp\/v2\/posts\/10904","targetHints":{"allow":["GET"]}}],"collection":[{"href":"https:\/\/grandepremio.com\/es\/wp-json\/wp\/v2\/posts"}],"about":[{"href":"https:\/\/grandepremio.com\/es\/wp-json\/wp\/v2\/types\/post"}],"replies":[{"embeddable":true,"href":"https:\/\/grandepremio.com\/es\/wp-json\/wp\/v2\/comments?post=10904"}],"version-history":[{"count":0,"href":"https:\/\/grandepremio.com\/es\/wp-json\/wp\/v2\/posts\/10904\/revisions"}],"wp:featuredmedia":[{"embeddable":true,"href":"https:\/\/grandepremio.com\/es\/wp-json\/wp\/v2\/media\/1010297395"}],"wp:attachment":[{"href":"https:\/\/grandepremio.com\/es\/wp-json\/wp\/v2\/media?parent=10904"}],"wp:term":[{"taxonomy":"category","embeddable":true,"href":"https:\/\/grandepremio.com\/es\/wp-json\/wp\/v2\/categories?post=10904"},{"taxonomy":"post_tag","embeddable":true,"href":"https:\/\/grandepremio.com\/es\/wp-json\/wp\/v2\/tags?post=10904"},{"taxonomy":"42wp_author","embeddable":true,"href":"https:\/\/grandepremio.com\/es\/wp-json\/wp\/v2\/42wp_author?post=10904"}],"curies":[{"name":"wp","href":"https:\/\/api.w.org\/{rel}","templated":true}]}}