{"id":1092,"date":"2026-05-23T19:13:01","date_gmt":"2026-05-23T22:13:01","guid":{"rendered":"https:\/\/grandepremio.com\/es\/2026\/05\/23\/colapinto-destaca-clasificacion-perfecta-llegar-q3-canada-f1-2026\/"},"modified":"2026-05-23T19:13:21","modified_gmt":"2026-05-23T22:13:21","slug":"colapinto-destaca-clasificacion-perfecta-llegar-q3-canada-f1-2026","status":"publish","type":"post","link":"https:\/\/grandepremio.com\/es\/f1\/colapinto-destaca-clasificacion-perfecta-llegar-q3-canada-f1-2026\/","title":{"rendered":"Colapinto destaca &#8220;clasificaci\u00f3n perfecta&#8221; tras llegar a la Q3 en Canad\u00e1"},"content":{"rendered":"\n<p class=\"wp-block-paragraph\"><strong>Franco Colapinto<\/strong> volvi\u00f3 a dar un paso adelante en el fin de semana del <strong>Gran Premio de Canad\u00e1<\/strong> y clasific\u00f3 10\u00b0 para este domingo. El piloto de <strong>Alpine<\/strong> se meti\u00f3 en la Q3 y fue nuevamente la referencia de la escuder\u00eda de <strong>Enstone<\/strong>, que vio a <strong>Pierre Gasly<\/strong> quedar eliminado en la Q2. Tras la clasificaci\u00f3n, el argentino destac\u00f3 su confianza con el <strong>A526<\/strong>.<\/p>\n\n\n\n<p class=\"wp-block-paragraph\">Tras avanzar cuatro posiciones en la sprint y finalizar 9\u00b0, Colapinto se meti\u00f3 entre los 10 mejores de la <a href=\"https:\/\/grandepremio.com\/es\/f1\/george-russell-pole-canada-formula-1-2026\/\">clasificaci\u00f3n este s\u00e1bado<\/a> y largar\u00e1 desde la quinta fila en <strong>Montreal<\/strong> ma\u00f1ana. Luego de la sesi\u00f3n, Franco valor\u00f3 su confianza y adaptaci\u00f3n con el monoplaza.<\/p>\n\n\n\n<p class=\"wp-block-paragraph\">&#8220;Yo en general di un paso. Todo el a\u00f1o tuve confianza, pero no ten\u00eda los resultados&#8221;, declar\u00f3 el <strong>#43<\/strong> a <em>ESPN<\/em> sobre su inicio de a\u00f1o y su mejor\u00eda de las \u00faltimas fechas.<\/p>\n\n\n\n<p class=\"wp-block-paragraph\">\ud83d\udfe5&nbsp;<strong><em>\u00a1Todas las novedades te esperan en el canal de&nbsp;<\/em><\/strong><a href=\"https:\/\/www.youtube.com\/@GrandePremioES\"><em>YouTube<\/em><\/a><strong><em>&nbsp;de Grande Pr\u00eamio en Espa\u00f1ol!<\/em><\/strong>&nbsp;\ud83d\udfe8<\/p>\n\n\n\n<figure class=\"wp-block-image size-large\"><img decoding=\"async\" src=\"https:\/\/grandepremio.com\/es\/wp-content\/uploads\/2026\/05\/6abd36460d51e4cff0a659809a366dab-l.png-1024x682.webp\" alt=\"\" class=\"wp-image-401977\"\/><figcaption class=\"wp-element-caption\">Franco Colapinto destac\u00f3 su confianza con el A526 en Montreal. (Foto: Alpine)<\/figcaption><\/figure>\n\n\n\n<p class=\"wp-block-paragraph\">\u23e9&nbsp;<strong><em>\u00a1Seguinos en redes por&nbsp;<\/em><\/strong><a href=\"https:\/\/twitter.com\/grandepremioES\"><em>Twitter&nbsp;<\/em><\/a><strong><em>e&nbsp;<\/em><\/strong><a href=\"https:\/\/www.instagram.com\/grandepremioes\/\"><em>Instagram!<\/em><\/a><br>\u23e9&nbsp;<strong><em>Adem\u00e1s, tenemos nuestro&nbsp;<\/em><\/strong><a href=\"https:\/\/whatsapp.com\/channel\/0029VaDZ5zb0gcfDxuwxBM05\"><em>canal de Whatsapp<\/em><\/a><strong><em>&nbsp;con toda la informaci\u00f3n al instante<\/em><\/strong>&nbsp;\ud83c\udfc1<\/p>\n\n\n\n<p class=\"wp-block-paragraph\">&#8220;Me sent\u00eda c\u00f3modo con el auto desde los tests y despu\u00e9s por alguna raz\u00f3n perd\u00ed bastante performance en las primeras carreras. Ahora estamos de vuelta muy firmes&#8221;, agreg\u00f3.<\/p>\n\n\n\n<p class=\"wp-block-paragraph\">&#8220;Contento con el resultado, con mi adaptaci\u00f3n. Siempre fui de adaptarme muy r\u00e1pido, solo que capaz cuando el auto no acompa\u00f1a o no est\u00e1 tan ajustado a lo que a vos te gusta o como a vos te es natural manejar se complica. En general fue un gran d\u00eda&#8221;, continu\u00f3.<\/p>\n\n\n\n<p class=\"wp-block-paragraph\">&#8220;La carrera [sprint] fue una gran carrera, con muy buen ritmo y la qualy fue perfecta. Muy feliz con mi performance, estoy bastante orgulloso despu\u00e9s de un comienzo de a\u00f1o complicado y lo dimos vuelta muy bien. Estoy contento con el esfuerzo de todo el equipo, me ayudaron y me acompa\u00f1aron&#8221;, concluy\u00f3.<\/p>\n\n\n\n<p class=\"wp-block-paragraph\">Este domingo a las&nbsp;<strong>17<\/strong>&nbsp;(hora de Argentina) se largar\u00e1 en&nbsp;<strong>Montreal<\/strong>&nbsp;el&nbsp;<strong>Gran Premio de Canad\u00e1<\/strong>, la quinta prueba de la&nbsp;<strong>temporada 2026<\/strong>&nbsp;de&nbsp;<strong>F\u00f3rmula 1<\/strong>.<\/p>\n\n\n\n<figure class=\"wp-block-embed is-type-video is-provider-youtube wp-block-embed-youtube wp-embed-aspect-16-9 wp-has-aspect-ratio\"><div class=\"wp-block-embed__wrapper\">\n<iframe loading=\"lazy\" title=\"GP DE CANAD\u00c1 2026 - LA PREVIA\" width=\"500\" height=\"281\" src=\"https:\/\/www.youtube.com\/embed\/ZU6f65xLO4M?feature=oembed\" frameborder=\"0\" allow=\"accelerometer; autoplay; clipboard-write; encrypted-media; gyroscope; picture-in-picture; web-share\" referrerpolicy=\"strict-origin-when-cross-origin\" allowfullscreen><\/iframe>\n<\/div><\/figure>\n","protected":false},"excerpt":{"rendered":"<p>El argentino se meti\u00f3 entre los 10 mejores de la sesi\u00f3n del s\u00e1bado y largar\u00e1 en Montreal desde el 10\u00b0 lugar. El piloto de Alpine destac\u00f3 su confianza con el A526.<\/p>\n","protected":false},"author":0,"featured_media":1010402207,"comment_status":"closed","ping_status":"closed","sticky":false,"template":"","format":"standard","meta":{"42wp_featured_image_caption":"","42wp_featured_image_credits":"","42wp_featured_video":"","42wp_featured_image_hidden":false,"42wp_authors_list":[],"footnotes":""},"categories":[5],"tags":[13445,678,2911,1680,179,814,1298,1299,427],"42wp_author":[14240],"class_list":["post-1092","post","type-post","status-publish","format-standard","has-post-thumbnail","hentry","category-f1","tag-a526","tag-alpine","tag-circuito-gilles-villeneuve","tag-f1-2026","tag-formula-1","tag-franco-colapinto","tag-gp-de-canada","tag-montreal","tag-pierre-gasly","42wp_author-ignacio-bogado"],"_links":{"self":[{"href":"https:\/\/grandepremio.com\/es\/wp-json\/wp\/v2\/posts\/1092","targetHints":{"allow":["GET"]}}],"collection":[{"href":"https:\/\/grandepremio.com\/es\/wp-json\/wp\/v2\/posts"}],"about":[{"href":"https:\/\/grandepremio.com\/es\/wp-json\/wp\/v2\/types\/post"}],"replies":[{"embeddable":true,"href":"https:\/\/grandepremio.com\/es\/wp-json\/wp\/v2\/comments?post=1092"}],"version-history":[{"count":0,"href":"https:\/\/grandepremio.com\/es\/wp-json\/wp\/v2\/posts\/1092\/revisions"}],"wp:featuredmedia":[{"embeddable":true,"href":"https:\/\/grandepremio.com\/es\/wp-json\/wp\/v2\/media\/1010402207"}],"wp:attachment":[{"href":"https:\/\/grandepremio.com\/es\/wp-json\/wp\/v2\/media?parent=1092"}],"wp:term":[{"taxonomy":"category","embeddable":true,"href":"https:\/\/grandepremio.com\/es\/wp-json\/wp\/v2\/categories?post=1092"},{"taxonomy":"post_tag","embeddable":true,"href":"https:\/\/grandepremio.com\/es\/wp-json\/wp\/v2\/tags?post=1092"},{"taxonomy":"42wp_author","embeddable":true,"href":"https:\/\/grandepremio.com\/es\/wp-json\/wp\/v2\/42wp_author?post=1092"}],"curies":[{"name":"wp","href":"https:\/\/api.w.org\/{rel}","templated":true}]}}