{"id":10978,"date":"2024-10-28T12:44:33","date_gmt":"2024-10-28T15:44:33","guid":{"rendered":"https:\/\/grandepremio.com\/es\/2024\/10\/28\/colapinto-niega-oferta-para-2025\/"},"modified":"2024-10-28T12:44:38","modified_gmt":"2024-10-28T15:44:38","slug":"colapinto-niega-oferta-para-2025","status":"publish","type":"post","link":"https:\/\/grandepremio.com\/es\/f1\/colapinto-niega-oferta-para-2025\/","title":{"rendered":"Colapinto niega oferta para 2025 y fija objetivo: \u201cDemostrar que merezco volver\u201d"},"content":{"rendered":"\n<p class=\"wp-block-paragraph\">Aunque recibi\u00f3 elogios por sus buenas actuaciones con <strong>Williams <\/strong>a pesar de su falta de experiencia, <strong>Franco Colapinto<\/strong> afirm\u00f3 que no tiene nada garantizado para el pr\u00f3ximo a\u00f1o, aunque su jefe, <strong>James Vowles<\/strong>, confirm\u00f3 \u201cconversaciones amistosas\u201d con <strong>Red Bull<\/strong>. El argentino destac\u00f3 que el objetivo en estos momentos es demostrar que merece volver a la parrilla de <strong>F\u00f3rmula 1<\/strong> \u201cen <strong>2026 <\/strong>o <strong>2027<\/strong>\u201d.<\/p>\n\n\n\n<p class=\"wp-block-paragraph\">Miembro de la Academia Williams, Colapinto fue la elecci\u00f3n de Vowles para ocupar el puesto de <strong>Logan Sargeant<\/strong>, despedido tras el <strong>GP de Pa\u00edses Bajos<\/strong>. En su segunda carrera, en <strong>Azerbaiy\u00e1n<\/strong>, sum\u00f3 puntos al cruzar la meta en octava posici\u00f3n.<\/p>\n\n\n\n<p class=\"wp-block-paragraph\">En <strong>Estados Unidos<\/strong>, Franco tambi\u00e9n acab\u00f3 entre los 10 primeros, anotando otro punto, y Williams pronto inici\u00f3 conversaciones con los \u00fanicos equipos que a\u00fan tienen plazas abiertas: <strong>Sauber <\/strong>y <strong>RB<\/strong>. El primero tiene actualmente una disputa entre <strong>Valtteri Bottas<\/strong> y <strong>Gabriel Bortoleto<\/strong>.<\/p>\n\n\n\n<p class=\"wp-block-paragraph\">\ud83d\udfe5<em><strong>\u00a1Todas las novedades te esperan en el canal de\u00a0<\/strong><\/em><a href=\"https:\/\/www.youtube.com\/@GrandePremioES\"><em>YouTube<\/em><\/a><em><strong>\u00a0de Grande Pr\u00eamio en Espa\u00f1ol!<\/strong><\/em>\u00a0\ud83d\udfe8<\/p>\n\n\n\n<figure class=\"wp-block-image size-full\"><img decoding=\"async\" src=\"https:\/\/www.grandepremio.com\/br\/wp-content\/uploads\/2024\/10\/cidade-do-mexico-2024-f1-corrida-williams-franco-colapinto-01.jpg\" alt=\"\" class=\"wp-image-296034\"\/><figcaption class=\"wp-element-caption\">Franco Colapinto neg\u00f3 negociaciones con Red Bull para 2025. (Foto: Williams)<\/figcaption><\/figure>\n\n\n\n<p class=\"wp-block-paragraph\">\u23e9\u00a0<em><strong>\u00a1Seguinos en redes por\u00a0<\/strong><\/em><a href=\"https:\/\/twitter.com\/grandepremioES\"><em>Twitter\u00a0<\/em><\/a><em><strong>e\u00a0<\/strong><\/em><a href=\"https:\/\/www.instagram.com\/grandepremioes\/\"><em>Instagram!<\/em><\/a><br>\u23e9\u00a0<em><strong>Adem\u00e1s, tenemos nuestro\u00a0<\/strong><\/em><a href=\"https:\/\/whatsapp.com\/channel\/0029VaDZ5zb0gcfDxuwxBM05\"><em>canal de Whatsapp<\/em><\/a><em><strong>\u00a0con toda la informaci\u00f3n al instante<\/strong><\/em>\u00a0\ud83c\udfc1<\/p>\n\n\n\n<p class=\"wp-block-paragraph\">RB surgi\u00f3 como una opci\u00f3n luego de que el propio Vowles anunciara durante la transmisi\u00f3n del <strong>GP de la Ciudad de M\u00e9xico<\/strong> que hab\u00eda alg\u00fan tipo de negociaci\u00f3n con el <strong>Grupo Red Bull<\/strong>. El asesor austr\u00edaco, <strong>Helmut Marko<\/strong>, incluso elogi\u00f3 al joven de 21 a\u00f1os, pero afirm\u00f3 que \u201cel problema es el largo contrato con WIlliams\u201d.<\/p>\n\n\n\n<p class=\"wp-block-paragraph\">Para <em>F1 TV<\/em>, Colapinto dio su punto de vista. \u201cNo, no s\u00e9 de qu\u00e9 est\u00e1n hablando en este momento. No s\u00e9 de d\u00f3nde vino. No tengo ninguna vacante para el a\u00f1o que viene y, por el momento, no correr\u00e9 en la F\u00f3rmula 1. Probablemente correr\u00e9 en otro lugar\u201d, asegur\u00f3.<\/p>\n\n\n\n<p class=\"wp-block-paragraph\">\u201cTal vez sea un a\u00f1o en el que no est\u00e9 aqu\u00ed, pero espero demostrar que merezco un lugar para regresar en 2026 o 2027. Es mi objetivo, por eso estoy haciendo lo que puedo carrera a carrera\u201d , enfatiz\u00f3.<\/p>\n\n\n\n<p class=\"wp-block-paragraph\">\u201cPor eso qued\u00e9 decepcionado con el resultado [de la clasificaci\u00f3n], s\u00f3lo estoy tratando de dar lo mejor de m\u00ed sesi\u00f3n tras sesi\u00f3n para intentar demostrar que merezco estar aqu\u00ed\u201d, concluy\u00f3.<\/p>\n\n\n\n<p class=\"wp-block-paragraph\">La\u00a0<strong><a href=\"https:\/\/es.grandepremio.com\/f1\/\" target=\"_blank\" rel=\"noreferrer noopener\"><\/a><a href=\"https:\/\/es.grandepremio.com\/f1\/\" target=\"_blank\" rel=\"noreferrer noopener\">F\u00f3rmula 1<\/a><\/strong>\u00a0regresa el pr\u00f3ximo fin de semana, entre el 1 y el 3 de noviembre, con el\u00a0<strong>GP de Sao Paulo<\/strong>, etapa brasile\u00f1a del calendario.<\/p>\n\n\n\n<figure class=\"wp-block-embed is-type-video is-provider-youtube wp-block-embed-youtube wp-embed-aspect-16-9 wp-has-aspect-ratio\"><div class=\"wp-block-embed__wrapper\">\n<iframe loading=\"lazy\" title=\"RESUMEN - GP DE CIUDAD DE M\u00c9XICO\" width=\"500\" height=\"281\" src=\"https:\/\/www.youtube.com\/embed\/kA8p9zgjHGs?feature=oembed\" frameborder=\"0\" allow=\"accelerometer; autoplay; clipboard-write; encrypted-media; gyroscope; picture-in-picture; web-share\" referrerpolicy=\"strict-origin-when-cross-origin\" allowfullscreen><\/iframe>\n<\/div><\/figure>\n","protected":false},"excerpt":{"rendered":"<p>Franco Colapinto afirm\u00f3 que deber\u00eda correr en otra categor\u00eda en 2025, pero el objetivo principal es demostrar que merece regresar pronto a la F1.<\/p>\n","protected":false},"author":0,"featured_media":1000885242,"comment_status":"closed","ping_status":"closed","sticky":false,"template":"","format":"standard","meta":{"42wp_featured_image_caption":"","42wp_featured_image_credits":"","42wp_featured_video":"","42wp_featured_image_hidden":false,"42wp_authors_list":[],"footnotes":""},"categories":[5],"tags":[1826,2249,179,814,4071,1665,1358,1799,9881,206,497,252,204],"42wp_author":[14240],"class_list":["post-10978","post","type-post","status-publish","format-standard","has-post-thumbnail","hentry","category-f1","tag-autodromo-hermanos-rodriguez","tag-f1-2024","tag-formula-1","tag-franco-colapinto","tag-gabriel-bortoleto","tag-gp-de-mexico","tag-helmut-marko","tag-james-vowles","tag-rb","tag-red-bull","tag-sauber","tag-valtteri-bottas","tag-williams","42wp_author-ignacio-bogado"],"_links":{"self":[{"href":"https:\/\/grandepremio.com\/es\/wp-json\/wp\/v2\/posts\/10978","targetHints":{"allow":["GET"]}}],"collection":[{"href":"https:\/\/grandepremio.com\/es\/wp-json\/wp\/v2\/posts"}],"about":[{"href":"https:\/\/grandepremio.com\/es\/wp-json\/wp\/v2\/types\/post"}],"replies":[{"embeddable":true,"href":"https:\/\/grandepremio.com\/es\/wp-json\/wp\/v2\/comments?post=10978"}],"version-history":[{"count":0,"href":"https:\/\/grandepremio.com\/es\/wp-json\/wp\/v2\/posts\/10978\/revisions"}],"wp:featuredmedia":[{"embeddable":true,"href":"https:\/\/grandepremio.com\/es\/wp-json\/wp\/v2\/media\/1000885242"}],"wp:attachment":[{"href":"https:\/\/grandepremio.com\/es\/wp-json\/wp\/v2\/media?parent=10978"}],"wp:term":[{"taxonomy":"category","embeddable":true,"href":"https:\/\/grandepremio.com\/es\/wp-json\/wp\/v2\/categories?post=10978"},{"taxonomy":"post_tag","embeddable":true,"href":"https:\/\/grandepremio.com\/es\/wp-json\/wp\/v2\/tags?post=10978"},{"taxonomy":"42wp_author","embeddable":true,"href":"https:\/\/grandepremio.com\/es\/wp-json\/wp\/v2\/42wp_author?post=10978"}],"curies":[{"name":"wp","href":"https:\/\/api.w.org\/{rel}","templated":true}]}}