{"id":11040,"date":"2024-10-25T23:55:16","date_gmt":"2024-10-26T02:55:16","guid":{"rendered":"https:\/\/grandepremio.com\/es\/2024\/10\/25\/mercedes-utiliza-chasis-repuesto-russell-luego-del-accidente-fp2-mexico\/"},"modified":"2024-10-25T23:55:20","modified_gmt":"2024-10-26T02:55:20","slug":"mercedes-utiliza-chasis-repuesto-russell-luego-del-accidente-fp2-mexico","status":"publish","type":"post","link":"https:\/\/grandepremio.com\/es\/f1\/mercedes-utiliza-chasis-repuesto-russell-luego-del-accidente-fp2-mexico\/","title":{"rendered":"Mercedes utiliza chasis de repuesto para Russell luego del accidente en la FP2 en M\u00e9xico"},"content":{"rendered":"\n<p class=\"wp-block-paragraph\">Los mec\u00e1nicos de <strong>Mercedes <\/strong>trabajar\u00e1n horas extras en el garaje tras el grave <a href=\"https:\/\/grandepremio.com\/es\/video\/f1\/russell-choca-fp2-gp-mexico-provoca-bandera-roja\/\">accidente que sufri\u00f3 <strong>George Russell<\/strong><\/a> al inicio de la <strong>FP2 <\/strong>este viernes, en <strong>Ciudad de M\u00e9xico<\/strong>. El coche n\u00ba 63 perdi\u00f3 el control en los primeros 15 minutos de la sesi\u00f3n y choc\u00f3 de lado con la barrera protectora, causando da\u00f1os importantes al <strong>W15 <\/strong>del brit\u00e1nico.<\/p>\n\n\n\n<p class=\"wp-block-paragraph\">Seg\u00fan informaci\u00f3n del periodista Tobi Gr\u00fcner, de la revista alemana <em>Auto Motor und Sport<\/em>, el equipo plateado necesitar\u00e1 utilizar el chasis de repuesto del monoplaza de Russell para este fin de semana. Sin embargo, lo positivo es que ni el propulsor ni la caja de cambios han sufrido da\u00f1os importantes y no requieren sustituci\u00f3n, seg\u00fan Gr\u00fcner.<\/p>\n\n\n\n<p class=\"wp-block-paragraph\">\ud83d\udfe5<em><strong>\u00a1Todas las novedades te esperan en el canal de\u00a0<\/strong><\/em><a href=\"https:\/\/www.youtube.com\/@GrandePremioES\"><em>YouTube<\/em><\/a><em><strong>\u00a0de Grande Pr\u00eamio en Espa\u00f1ol!<\/strong><\/em>\u00a0\ud83d\udfe8<\/p>\n\n\n\n<figure class=\"wp-block-image size-large\"><img decoding=\"async\" src=\"https:\/\/grandepremio.com\/es\/wp-content\/uploads\/2024\/10\/image-4-1-1024x576.png\" alt=\"\" class=\"wp-image-295162\"\/><figcaption class=\"wp-element-caption\">George Russell tuvo un complicado final del viernes en M\u00e9xico (Foto: Reproducci\u00f3n \/ F1)<\/figcaption><\/figure>\n\n\n\n<p class=\"wp-block-paragraph\">\u23e9\u00a0<em><strong>\u00a1Seguinos en redes por\u00a0<\/strong><\/em><a href=\"https:\/\/twitter.com\/grandepremioES\"><em>Twitter\u00a0<\/em><\/a><em><strong>e\u00a0<\/strong><\/em><a href=\"https:\/\/www.instagram.com\/grandepremioes\/\"><em>Instagram!<\/em><\/a><br>\u23e9\u00a0<em><strong>Adem\u00e1s, tenemos nuestro\u00a0<\/strong><\/em><a href=\"https:\/\/whatsapp.com\/channel\/0029VaDZ5zb0gcfDxuwxBM05\"><em>canal de Whatsapp<\/em><\/a><em><strong>\u00a0con toda la informaci\u00f3n al instante<\/strong><\/em>\u00a0\ud83c\udfc1<\/p>\n\n\n\n<p class=\"wp-block-paragraph\">Russell, que lideraba la FP1, perdi\u00f3 el control del W15 cuando se sali\u00f3 del bordillo en la curva 8 y se estrell\u00f3 contra la pared cuando quedaban 1h17m de sesi\u00f3n. La fuerza del impacto, estimada en <strong>30G<\/strong>, hizo que la barrera protectora se moviera.<\/p>\n\n\n\n<p class=\"wp-block-paragraph\">Al igual que el <a href=\"https:\/\/grandepremio.com\/es\/video\/f1\/albon-y-bearman-fuerte-choque-gp-mexico-bandera-roja\/\">accidente de <strong>Alexander Albon<\/strong> en el FP1<\/a>, Russell tambi\u00e9n acudi\u00f3 directamente al centro m\u00e9dico del <strong>Aut\u00f3dromo Hermanos Rodr\u00edguez<\/strong>, pero ya ha sido dado de alta y se encuentra bien.<\/p>\n\n\n\n<p class=\"wp-block-paragraph\">Tras la FP2, en una conversaci\u00f3n con la prensa, Russell explic\u00f3 que repiti\u00f3 lo que hab\u00eda estado haciendo hasta entonces, pero \u201calgo no sali\u00f3\u201d. Seg\u00fan el brit\u00e1nico de Mercedes, \u201cel coche empez\u00f3 a rebotar y, antes de que pudiera controlarlo, ya estaba patinando\u201d.<\/p>\n\n\n\n<p class=\"wp-block-paragraph\"><strong>GRANDE PR\u00caMIO en ESPA\u00d1OL<\/strong>\u00a0sigue en VIVO y EN TIEMPO REAL todas las actividades del\u00a0<strong>Gran Premio de Ciudad de M\u00e9xico<\/strong>. La FP3 comenzar\u00e1 ma\u00f1ana a las 14:30, hora de Brasilia y Buenos Aires.<\/p>\n\n\n\n<figure class=\"wp-block-embed is-type-video is-provider-youtube wp-block-embed-youtube wp-embed-aspect-16-9 wp-has-aspect-ratio\"><div class=\"wp-block-embed__wrapper\">\n<iframe loading=\"lazy\" title=\"GP DE CIUDAD DE M\u00c9XICO - LA PREVIA\" width=\"500\" height=\"281\" src=\"https:\/\/www.youtube.com\/embed\/X1vD-rIb7jg?feature=oembed\" frameborder=\"0\" allow=\"accelerometer; autoplay; clipboard-write; encrypted-media; gyroscope; picture-in-picture; web-share\" referrerpolicy=\"strict-origin-when-cross-origin\" allowfullscreen><\/iframe>\n<\/div><\/figure>\n","protected":false},"excerpt":{"rendered":"<p>Despu\u00e9s de un grave accidente en la FP2, George Russell tendr\u00e1 que correr con el chasis de repuesto durante el resto del fin de semana. La unidad de potencia y la caja de cambios no se vieron afectadas.<\/p>\n","protected":false},"author":0,"featured_media":1010295311,"comment_status":"closed","ping_status":"closed","sticky":false,"template":"","format":"standard","meta":{"42wp_featured_image_caption":"","42wp_featured_image_credits":"","42wp_featured_video":"","42wp_featured_image_hidden":false,"42wp_authors_list":[],"footnotes":""},"categories":[5],"tags":[1826,2249,179,253,1665,197,9580],"42wp_author":[14240],"class_list":["post-11040","post","type-post","status-publish","format-standard","has-post-thumbnail","hentry","category-f1","tag-autodromo-hermanos-rodriguez","tag-f1-2024","tag-formula-1","tag-george-russell","tag-gp-de-mexico","tag-mercedes","tag-w15","42wp_author-ignacio-bogado"],"_links":{"self":[{"href":"https:\/\/grandepremio.com\/es\/wp-json\/wp\/v2\/posts\/11040","targetHints":{"allow":["GET"]}}],"collection":[{"href":"https:\/\/grandepremio.com\/es\/wp-json\/wp\/v2\/posts"}],"about":[{"href":"https:\/\/grandepremio.com\/es\/wp-json\/wp\/v2\/types\/post"}],"replies":[{"embeddable":true,"href":"https:\/\/grandepremio.com\/es\/wp-json\/wp\/v2\/comments?post=11040"}],"version-history":[{"count":0,"href":"https:\/\/grandepremio.com\/es\/wp-json\/wp\/v2\/posts\/11040\/revisions"}],"wp:featuredmedia":[{"embeddable":true,"href":"https:\/\/grandepremio.com\/es\/wp-json\/wp\/v2\/media\/1010295311"}],"wp:attachment":[{"href":"https:\/\/grandepremio.com\/es\/wp-json\/wp\/v2\/media?parent=11040"}],"wp:term":[{"taxonomy":"category","embeddable":true,"href":"https:\/\/grandepremio.com\/es\/wp-json\/wp\/v2\/categories?post=11040"},{"taxonomy":"post_tag","embeddable":true,"href":"https:\/\/grandepremio.com\/es\/wp-json\/wp\/v2\/tags?post=11040"},{"taxonomy":"42wp_author","embeddable":true,"href":"https:\/\/grandepremio.com\/es\/wp-json\/wp\/v2\/42wp_author?post=11040"}],"curies":[{"name":"wp","href":"https:\/\/api.w.org\/{rel}","templated":true}]}}