{"id":11051,"date":"2024-10-25T22:02:02","date_gmt":"2024-10-26T01:02:02","guid":{"rendered":"https:\/\/grandepremio.com\/es\/2024\/10\/25\/verstappen-queja-desastroso-viernes-mexico\/"},"modified":"2024-10-25T22:02:06","modified_gmt":"2024-10-26T01:02:06","slug":"verstappen-queja-desastroso-viernes-mexico","status":"publish","type":"post","link":"https:\/\/grandepremio.com\/es\/f1\/verstappen-queja-desastroso-viernes-mexico\/","title":{"rendered":"&#8220;Un d\u00eda para olvidar&#8221;: Verstappen se queja tras el desastroso viernes en el GP de M\u00e9xico"},"content":{"rendered":"\n<p class=\"wp-block-paragraph\">Despu\u00e9s de un regreso victorioso en la carrera sprint del <strong>GP de Estados Unidos<\/strong>, y el podio de hace una semana en Austin, <strong>Max Verstappen<\/strong> ha sufrido con la potencia de su motor en el <strong>RB20<\/strong> durante los dos entrenamientos del <strong>GP de M\u00e9xico<\/strong> y termin\u00f3 el d\u00eda sin tiempos en la FP2.<\/p>\n\n\n\n<p class=\"wp-block-paragraph\">Verstappen report\u00f3 problemas de motor en la parte final de la primera sesi\u00f3n de entrenamientos libres y termin\u00f3 retir\u00e1ndose unos cinco minutos antes de la bandera a cuadros. <strong>Red Bull<\/strong> inform\u00f3 m\u00e1s tarde de que, efectivamente, hab\u00eda un problema, pero solucionable.<\/p>\n\n\n\n<p class=\"wp-block-paragraph\">\ud83d\udfe5<em><strong>\u00a1Todas las novedades te esperan en el canal de\u00a0<\/strong><\/em><a href=\"https:\/\/www.youtube.com\/@GrandePremioES\"><em>YouTube<\/em><\/a><em><strong>\u00a0de Grande Pr\u00eamio en Espa\u00f1ol!<\/strong><\/em>\u00a0\ud83d\udfe8<\/p>\n\n\n\n<p class=\"wp-block-paragraph\">Sin embargo, cuando Verstappen regres\u00f3 para la segunda sesi\u00f3n de entrenamientos libres, los problemas de motor continuaron: <strong>\u201cEsto no es normal\u201d<\/strong>, advirti\u00f3 por radio tras una cadena de quejas. Tras esto, se volvi\u00f3 a quejar de los frenos, como en la FP1, por lo que fue una jornada muy poco productiva.<\/p>\n\n\n\n<figure class=\"wp-block-image size-large\"><img decoding=\"async\" src=\"https:\/\/grandepremio.com\/cdn-cgi\/image\/width=893,height=558,fit=contain,gravity=0.5x0.5,quality=75,format=webp\/es\/wp-content\/uploads\/2024\/10\/cidade-do-mexico-2024-f1-treinos-livres-red-bull-max-verstappen-05-1200x800-1-1024x683.jpg\" alt=\"\" class=\"wp-image-295238\"\/><figcaption class=\"wp-element-caption\">Max Verstappen tuvo un d\u00eda ca\u00f3tico (Foto: Red Bull Content Pool)<\/figcaption><\/figure>\n\n\n\n<p class=\"wp-block-paragraph\"><strong>\u201cTodav\u00eda estamos evaluando el motor. Hemos tenido un d\u00eda para olvidar\u201d,<\/strong> declar\u00f3 Verstappen a la prensa despu\u00e9s de los entrenamientos de hoy en el <strong>Aut\u00f3dromo Hermanos Rodr\u00edguez<\/strong>.<\/p>\n\n\n\n<p class=\"wp-block-paragraph\">Con apenas 28 vueltas completadas en todo el d\u00eda, el l\u00edder del campeonato de pilotos fue cuarto en la FP1 de la ma\u00f1ana, pero no pudo aprovechar que la FP2 dur\u00f3 90 minutos por la prueba der neum\u00e1ticos de <strong>Pirelli<\/strong> de 2025. Teniendo en cuenta que la actividad se suspendi\u00f3 durante 25 minutos tras el accidente de <strong>George Russell<\/strong> y que Verstappen abandon\u00f3 a 45 minutos del final, s\u00f3lo particip\u00f3 en 20 minutos.<\/p>\n\n\n\n<p class=\"wp-block-paragraph\">\u23e9&nbsp;<em><strong>\u00a1Seguinos en redes por&nbsp;<\/strong><\/em><a href=\"https:\/\/twitter.com\/grandepremioES\"><em>Twitter&nbsp;<\/em><\/a><em><strong>e&nbsp;<\/strong><\/em><a href=\"https:\/\/www.instagram.com\/grandepremioes\/\"><em>Instagram!<\/em><\/a><br>\u23e9&nbsp;<em><strong>Adem\u00e1s, tenemos nuestro&nbsp;<\/strong><\/em><a href=\"https:\/\/whatsapp.com\/channel\/0029VaDZ5zb0gcfDxuwxBM05\"><em>canal de Whatsapp<\/em><\/a><em><strong>&nbsp;con toda la informaci\u00f3n al instante<\/strong><\/em>&nbsp;\ud83c\udfc1<\/p>\n\n\n\n<p class=\"wp-block-paragraph\">GRANDE PR\u00caMIO sigue en VIVO y EN TIEMPO REAL todas las actividades del Gran Premio de la Ciudad de M\u00e9xico. La FP3 comenzar\u00e1 ma\u00f1ana a las 14:30, hora de Brasilia y Buenos Aires.<\/p>\n\n\n\n<figure class=\"wp-block-embed is-type-video is-provider-youtube wp-block-embed-youtube wp-embed-aspect-16-9 wp-has-aspect-ratio\"><div class=\"wp-block-embed__wrapper\">\n<iframe loading=\"lazy\" title=\"GP DE CIUDAD DE M\u00c9XICO - LA PREVIA\" width=\"500\" height=\"281\" src=\"https:\/\/www.youtube.com\/embed\/X1vD-rIb7jg?feature=oembed\" frameborder=\"0\" allow=\"accelerometer; autoplay; clipboard-write; encrypted-media; gyroscope; picture-in-picture; web-share\" referrerpolicy=\"strict-origin-when-cross-origin\" allowfullscreen><\/iframe>\n<\/div><\/figure>\n","protected":false},"excerpt":{"rendered":"<p>Max Verstappen tuvo uno de los d\u00edas m\u00e1s duros de la F\u00f3rmula 1 2024: problemas en las dos sesiones de entrenamientos con la potencia en el motor y en el segundo ensayo ni siquiera pudo marcar un tiempo, por lo que acab\u00f3 el viernes del GP de M\u00e9xico totalmente frustrado.<\/p>\n","protected":false},"author":0,"featured_media":1010295235,"comment_status":"closed","ping_status":"closed","sticky":false,"template":"","format":"standard","meta":{"42wp_featured_image_caption":"","42wp_featured_image_credits":"","42wp_featured_video":"","42wp_featured_image_hidden":false,"42wp_authors_list":[],"footnotes":""},"categories":[5],"tags":[1826,181,179,253,1750,1665,249,520,9712],"42wp_author":[14237],"class_list":["post-11051","post","type-post","status-publish","format-standard","has-post-thumbnail","hentry","category-f1","tag-autodromo-hermanos-rodriguez","tag-f1","tag-formula-1","tag-george-russell","tag-gp-de-estados-unidos","tag-gp-de-mexico","tag-max-verstappen","tag-pirelli","tag-rb20","42wp_author-gabriel-garcia"],"_links":{"self":[{"href":"https:\/\/grandepremio.com\/es\/wp-json\/wp\/v2\/posts\/11051","targetHints":{"allow":["GET"]}}],"collection":[{"href":"https:\/\/grandepremio.com\/es\/wp-json\/wp\/v2\/posts"}],"about":[{"href":"https:\/\/grandepremio.com\/es\/wp-json\/wp\/v2\/types\/post"}],"replies":[{"embeddable":true,"href":"https:\/\/grandepremio.com\/es\/wp-json\/wp\/v2\/comments?post=11051"}],"version-history":[{"count":0,"href":"https:\/\/grandepremio.com\/es\/wp-json\/wp\/v2\/posts\/11051\/revisions"}],"wp:featuredmedia":[{"embeddable":true,"href":"https:\/\/grandepremio.com\/es\/wp-json\/wp\/v2\/media\/1010295235"}],"wp:attachment":[{"href":"https:\/\/grandepremio.com\/es\/wp-json\/wp\/v2\/media?parent=11051"}],"wp:term":[{"taxonomy":"category","embeddable":true,"href":"https:\/\/grandepremio.com\/es\/wp-json\/wp\/v2\/categories?post=11051"},{"taxonomy":"post_tag","embeddable":true,"href":"https:\/\/grandepremio.com\/es\/wp-json\/wp\/v2\/tags?post=11051"},{"taxonomy":"42wp_author","embeddable":true,"href":"https:\/\/grandepremio.com\/es\/wp-json\/wp\/v2\/42wp_author?post=11051"}],"curies":[{"name":"wp","href":"https:\/\/api.w.org\/{rel}","templated":true}]}}