{"id":11058,"date":"2024-10-25T19:40:36","date_gmt":"2024-10-25T22:40:36","guid":{"rendered":"https:\/\/grandepremio.com\/es\/2024\/10\/25\/max-verstappen-reparacion-motor-practicas-gp-ciudad-de-mexico-f1-2024\/"},"modified":"2024-10-25T19:43:30","modified_gmt":"2024-10-25T22:43:30","slug":"max-verstappen-reparacion-motor-practicas-gp-ciudad-de-mexico-f1-2024","status":"publish","type":"post","link":"https:\/\/grandepremio.com\/es\/f1\/max-verstappen-reparacion-motor-practicas-gp-ciudad-de-mexico-f1-2024\/","title":{"rendered":"Red Bull arregla el motor de Verstappen y coloca un nuevo suelo para la FP2 en M\u00e9xico"},"content":{"rendered":"\n<p class=\"wp-block-paragraph\"><strong>Red Bull<\/strong> encontr\u00f3 un fallo en la unidad de potencia del coche de <strong>Max Verstappen<\/strong> durante la primera sesi\u00f3n de entrenamientos libres del <strong>Gran Premio de M\u00e9xico<\/strong>, celebrados este viernes. El neerland\u00e9s, que termin\u00f3 con el tercer mejor tiempo, se quej\u00f3 de falta de potencia en el motor en la parte final de la sesi\u00f3n y tuvo que llevar el coche de vuelta a boxes antes de la bandera.<\/p>\n\n\n\n<p class=\"wp-block-paragraph\">\ud83d\udfe5<em><strong>\u00a1Todas las novedades te esperan en el canal de&nbsp;<\/strong><\/em><a href=\"https:\/\/www.youtube.com\/@GrandePremioES\"><em>YouTube<\/em><\/a><em><strong>&nbsp;de Grande Pr\u00eamio en Espa\u00f1ol!<\/strong><\/em>&nbsp;\ud83d\udfe8<\/p>\n\n\n\n<p class=\"wp-block-paragraph\">Seg\u00fan el periodista Tobi Gr\u00fcner, del medio alem\u00e1n Auto Motor und Sport, <strong>Verstappen <\/strong>sufri\u00f3 una fuga en el colector de admisi\u00f3n del turbocompresor, pero el problema se solucion\u00f3 r\u00e1pidamente. El profesional tambi\u00e9n inform\u00f3 de que el coche de Max necesitaba un suelo nuevo.<\/p>\n\n\n\n<p class=\"wp-block-paragraph\">La sustituci\u00f3n llev\u00f3 m\u00e1s tiempo porque un trozo de metal, que al parecer cay\u00f3 desde un puente sobre la pista, caus\u00f3 da\u00f1os en los bajos del coche. <\/p>\n\n\n\n<p class=\"wp-block-paragraph\">\u23e9&nbsp;<em><strong>\u00a1Seguinos en redes por&nbsp;<\/strong><\/em><a href=\"https:\/\/twitter.com\/grandepremioES\"><em>Twitter&nbsp;<\/em><\/a><em><strong>e&nbsp;<\/strong><\/em><a href=\"https:\/\/www.instagram.com\/grandepremioes\/\"><em>Instagram!<\/em><\/a><br>\u23e9&nbsp;<em><strong>Adem\u00e1s, tenemos nuestro&nbsp;<\/strong><\/em><a href=\"https:\/\/whatsapp.com\/channel\/0029VaDZ5zb0gcfDxuwxBM05\"><em>canal de Whatsapp<\/em><\/a><em><strong>&nbsp;con toda la informaci\u00f3n al instante<\/strong><\/em>&nbsp;\ud83c\udfc1<\/p>\n\n\n\n<figure class=\"wp-block-image size-large\"><img decoding=\"async\" src=\"https:\/\/grandepremio.com\/es\/wp-content\/uploads\/2024\/10\/SI202410250652-1-1024x683.jpg\" alt=\"\" class=\"wp-image-295144\"\/><figcaption class=\"wp-element-caption\">Max Verstappen tuvo problemas en la FP1 en Ciudad de M\u00e9xico (Foto: Red Bull Content Pool)<\/figcaption><\/figure>\n\n\n\n<p class=\"wp-block-paragraph\">A pesar de los cambios, en los primeros diez minutos de la FP2, Verstappen volvi\u00f3 a quejarse de un ruido extra\u00f1o en el motor.<\/p>\n\n\n\n<p class=\"wp-block-paragraph\">La acci\u00f3n continuar\u00e1 este mismo viernes, con el segundo entrenamiento del&nbsp;<strong>GP de Ciudad de M\u00e9xico.<\/strong>&nbsp;<strong>Grande Pr\u00eamio en Espa\u00f1ol<\/strong>&nbsp;sigue&nbsp;<strong>EN VIVO Y EN TIEMPO REAL<\/strong>&nbsp;todas las actividades del Mundial de&nbsp;<a href=\"https:\/\/grandepremio.com\/es\/\/f1\/\" target=\"_blank\" rel=\"noreferrer noopener\"><\/a><a href=\"https:\/\/grandepremio.com\/es\/\/f1\/\" target=\"_blank\" rel=\"noreferrer noopener\"><\/a><a href=\"https:\/\/grandepremio.com\/es\/\/f1\/\" target=\"_blank\" rel=\"noreferrer noopener\"><\/a><a href=\"https:\/\/grandepremio.com\/es\/\/f1\/\" target=\"_blank\" rel=\"noreferrer noopener\"><\/a><a href=\"https:\/\/grandepremio.com\/es\/\/f1\/\" target=\"_blank\" rel=\"noreferrer noopener\"><\/a><a href=\"https:\/\/grandepremio.com\/es\/\/f1\/\" target=\"_blank\" rel=\"noreferrer noopener\"><\/a><a href=\"https:\/\/grandepremio.com\/es\/\/f1\/\" target=\"_blank\" rel=\"noreferrer noopener\"><\/a><a href=\"https:\/\/grandepremio.com\/es\/\/f1\/\" target=\"_blank\" rel=\"noreferrer noopener\"><\/a><a href=\"https:\/\/grandepremio.com\/es\/\/f1\/\" target=\"_blank\" rel=\"noreferrer noopener\"><\/a><a href=\"https:\/\/grandepremio.com\/es\/\/f1\/\" target=\"_blank\" rel=\"noreferrer noopener\"><\/a><a href=\"https:\/\/grandepremio.com\/es\/\/f1\/\" target=\"_blank\" rel=\"noreferrer noopener\"><\/a><a href=\"https:\/\/es.grandepremio.com\/f1\/\" target=\"_blank\" rel=\"noreferrer noopener\"><\/a><a href=\"https:\/\/es.grandepremio.com\/f1\/\" target=\"_blank\" rel=\"noreferrer noopener\"><\/a><a href=\"https:\/\/es.grandepremio.com\/f1\/\" target=\"_blank\" rel=\"noreferrer noopener\"><\/a><a href=\"https:\/\/es.grandepremio.com\/f1\/\" target=\"_blank\" rel=\"noreferrer noopener\"><\/a><a href=\"https:\/\/es.grandepremio.com\/f1\/\" target=\"_blank\" rel=\"noreferrer noopener\">F\u00f3rmula 1<\/a>.<\/p>\n\n\n\n<figure class=\"wp-block-embed is-type-video is-provider-youtube wp-block-embed-youtube wp-embed-aspect-16-9 wp-has-aspect-ratio\"><div class=\"wp-block-embed__wrapper\">\n<iframe loading=\"lazy\" title=\"GP DE CIUDAD DE M\u00c9XICO - LA PREVIA\" width=\"500\" height=\"281\" src=\"https:\/\/www.youtube.com\/embed\/X1vD-rIb7jg?feature=oembed\" frameborder=\"0\" allow=\"accelerometer; autoplay; clipboard-write; encrypted-media; gyroscope; picture-in-picture; web-share\" referrerpolicy=\"strict-origin-when-cross-origin\" allowfullscreen><\/iframe>\n<\/div><\/figure>\n","protected":false},"excerpt":{"rendered":"<p>Una fuga en el colector de admisi\u00f3n del turbocompresor provoc\u00f3 que el coche de Max Verstappen perdiera potencia en la FP1 del Gran Premio de M\u00e9xico<\/p>\n","protected":false},"author":0,"featured_media":1000885860,"comment_status":"closed","ping_status":"closed","sticky":false,"template":"","format":"standard","meta":{"42wp_featured_image_caption":"","42wp_featured_image_credits":"","42wp_featured_video":"","42wp_featured_image_hidden":false,"42wp_authors_list":[],"footnotes":""},"categories":[5],"tags":[181,2249,179,2259,10992,1488,249,206,4540],"42wp_author":[14239],"class_list":["post-11058","post","type-post","status-publish","format-standard","has-post-thumbnail","hentry","category-f1","tag-f1","tag-f1-2024","tag-formula-1","tag-formula-1-2024","tag-gp-de-ciudad-de-mexico-2024","tag-grande-premio","tag-max-verstappen","tag-red-bull","tag-temporada-2024-f1","42wp_author-jp-otrosky"],"_links":{"self":[{"href":"https:\/\/grandepremio.com\/es\/wp-json\/wp\/v2\/posts\/11058","targetHints":{"allow":["GET"]}}],"collection":[{"href":"https:\/\/grandepremio.com\/es\/wp-json\/wp\/v2\/posts"}],"about":[{"href":"https:\/\/grandepremio.com\/es\/wp-json\/wp\/v2\/types\/post"}],"replies":[{"embeddable":true,"href":"https:\/\/grandepremio.com\/es\/wp-json\/wp\/v2\/comments?post=11058"}],"version-history":[{"count":0,"href":"https:\/\/grandepremio.com\/es\/wp-json\/wp\/v2\/posts\/11058\/revisions"}],"wp:featuredmedia":[{"embeddable":true,"href":"https:\/\/grandepremio.com\/es\/wp-json\/wp\/v2\/media\/1000885860"}],"wp:attachment":[{"href":"https:\/\/grandepremio.com\/es\/wp-json\/wp\/v2\/media?parent=11058"}],"wp:term":[{"taxonomy":"category","embeddable":true,"href":"https:\/\/grandepremio.com\/es\/wp-json\/wp\/v2\/categories?post=11058"},{"taxonomy":"post_tag","embeddable":true,"href":"https:\/\/grandepremio.com\/es\/wp-json\/wp\/v2\/tags?post=11058"},{"taxonomy":"42wp_author","embeddable":true,"href":"https:\/\/grandepremio.com\/es\/wp-json\/wp\/v2\/42wp_author?post=11058"}],"curies":[{"name":"wp","href":"https:\/\/api.w.org\/{rel}","templated":true}]}}