{"id":11082,"date":"2024-10-24T08:53:50","date_gmt":"2024-10-24T11:53:50","guid":{"rendered":"https:\/\/grandepremio.com\/es\/2024\/10\/24\/fernando-alonso-aston-martin-400-carreras-gp-ciudad-de-mexico-f1-2024\/"},"modified":"2024-10-24T08:59:04","modified_gmt":"2024-10-24T11:59:04","slug":"fernando-alonso-aston-martin-400-carreras-gp-ciudad-de-mexico-f1-2024","status":"publish","type":"post","link":"https:\/\/grandepremio.com\/es\/f1\/fernando-alonso-aston-martin-400-carreras-gp-ciudad-de-mexico-f1-2024\/","title":{"rendered":"Alonso celebra 400 carreras en M\u00e9xico y planea \u00abal menos 50 m\u00e1s\u00bb en F1"},"content":{"rendered":"\n<p class=\"wp-block-paragraph\"><strong>Fernando Alonso<\/strong> est\u00e1 a punto de alcanzar una cifra hist\u00f3rica en su ya exitosa carrera en la <strong>F1<\/strong>. El asturiano cumplir\u00e1 este fin de semana en <strong>Ciudad de M\u00e9xico<\/strong> su participaci\u00f3n n\u00famero 400 en un fin de semana de Gran Premio, r\u00e9cord absoluto en el ranking hist\u00f3rico de pilotos con m\u00e1s carreras disputadas, y el espa\u00f1ol ha advertido de que su objetivo es completar \u00abal menos 50 m\u00e1s\u00bb de aqu\u00ed al final de su carrera en la m\u00e1xima categor\u00eda del automovilismo mundial.<\/p>\n\n\n\n<p class=\"wp-block-paragraph\">\ud83d\udfe5<em><strong>\u00a1Todas las novedades te esperan en el canal de&nbsp;<\/strong><\/em><a href=\"https:\/\/www.youtube.com\/@GrandePremioES\"><em>YouTube<\/em><\/a><em><strong>&nbsp;de Grande Pr\u00eamio en Espa\u00f1ol!<\/strong><\/em>&nbsp;\ud83d\udfe8<\/p>\n\n\n\n<p class=\"wp-block-paragraph\"><strong>Alonso <\/strong>debut\u00f3 en 2001 con la modesta escuder\u00eda <strong>Minardi <\/strong>y luego pas\u00f3 a <strong>Renault<\/strong>, primero como piloto de pruebas y luego como titular a partir de 2003. Fue con la escuder\u00eda francesa con la que el veterano piloto gan\u00f3 sus dos t\u00edtulos de F1, en 2005 y 2006, superando nada menos que a <strong>Michael Schumacher.<\/strong><\/p>\n\n\n\n<p class=\"wp-block-paragraph\">Su siguiente parada fue <strong>McLaren <\/strong>en 2007, un a\u00f1o marcado por un duro enfrentamiento entre \u00e9l y el entonces novato <strong>Lewis Hamilton.<\/strong> Alonso s\u00f3lo pas\u00f3 una temporada en la escuder\u00eda de Woking, regres\u00f3 a <strong>Renault <\/strong>y, dos a\u00f1os despu\u00e9s, lleg\u00f3 a <strong>Ferrari<\/strong>, donde luch\u00f3 por el t\u00edtulo contra <strong>Sebastian Vettel<\/strong> en 2010, 2012 y 2013. El alem\u00e1n, sin embargo, se impuso en todas las ocasiones. Dej\u00f3 <strong>Ferrari <\/strong>en 2014 y decidi\u00f3 volver a <strong>McLaren<\/strong>, donde permaneci\u00f3 cuatro temporadas m\u00e1s. La era h\u00edbrida, sin embargo, estuvo marcada por el dominio de <strong>Mercedes<\/strong>, y Alonso tuvo que conformarse con una luchar en la zona media.<\/p>\n\n\n\n<p class=\"wp-block-paragraph\">Tras aventurarse en el <strong>Mundial de Resistencia<\/strong> e incluso ganar las <strong>24 Horas de Le Mans<\/strong> en 2018 y 2019, adem\u00e1s de participar en las 500 Millas de Indian\u00e1polis, Alonso regres\u00f3 a Enstone por tercera vez en su carrera, ahora bajo la marca <strong>Alpine<\/strong>, para perseguir su sue\u00f1o de un tercer campeonato. El intento, sin embargo, se frustr\u00f3, y Fernando ve ahora en <strong>Aston Martin<\/strong> una especie de punto y final, sobre todo con la llegada de <strong>Adrian Newey<\/strong> en 2025.<\/p>\n\n\n\n<p class=\"wp-block-paragraph\">\u23e9\u00a0<em><strong>\u00a1Seguinos en redes por\u00a0<\/strong><\/em><a href=\"https:\/\/twitter.com\/grandepremioES\"><em>Twitter\u00a0<\/em><\/a><em><strong>e\u00a0<\/strong><\/em><a href=\"https:\/\/www.instagram.com\/grandepremioes\/\"><em>Instagram!<\/em><\/a><br>\u23e9\u00a0<em><strong>Adem\u00e1s, tenemos nuestro\u00a0<\/strong><\/em><a href=\"https:\/\/whatsapp.com\/channel\/0029VaDZ5zb0gcfDxuwxBM05\"><em>canal de Whatsapp<\/em><\/a><em><strong>\u00a0con toda la informaci\u00f3n al instante<\/strong><\/em>\u00a0\ud83c\udfc1<\/p>\n\n\n\n<figure class=\"wp-block-image size-large\"><img decoding=\"async\" src=\"https:\/\/grandepremio.com\/es\/wp-content\/uploads\/2024\/10\/belgica-2024-f1-classificacao-aston-martin-fernando-alonso-02-1200x800-1-1024x683.jpg\" alt=\"\" class=\"wp-image-293453\"\/><figcaption class=\"wp-element-caption\">Fernando Alonso debut\u00f3 en F1 en 2001 (Foto: Aston Martin)<\/figcaption><\/figure>\n\n\n\n<p class=\"wp-block-paragraph\">\u00abEs algo bueno de conseguir\u00bb, dijo el bicampe\u00f3n a la prensa sobre el hito de las 400 carreras. \u00abPor supuesto, los t\u00edtulos y las victorias son lo que m\u00e1s nos importa a los pilotos y, al mismo tiempo, demuestra el amor que tengo por este deporte y la disciplina que he tenido para rendir a tan alto nivel durante m\u00e1s de 20 a\u00f1os. He conseguido lo que todo piloto sue\u00f1a: ser campe\u00f3n del mundo\u00bb, subraya.<\/p>\n\n\n\n<p class=\"wp-block-paragraph\">\u00abTambi\u00e9n he vivido experiencias incre\u00edbles compitiendo contra los mejores pilotos del mundo en los mejores circuitos\u00bb, a\u00f1adi\u00f3 Alonso, pero tambi\u00e9n dej\u00f3 entrever el final de su larga carrera en la <strong>F1<\/strong>. \u00abNo creo que a\u00f1ada otras 400 carreras a mi total, pero espero tener al menos otras 40 o 50 en los pr\u00f3ximos a\u00f1os\u00bb.<\/p>\n\n\n\n<p class=\"wp-block-paragraph\">Por \u00faltimo, de cara al fin de semana en Ciudad de M\u00e9xico, Alonso afirm\u00f3 que siempre ha disfrutado pilotando en el <strong>Aut\u00f3dromo Hermanos Rodr\u00edguez<\/strong>. \u00abLos aficionados son muy apasionados y crean un ambiente incre\u00edble, y algunos de ellos tambi\u00e9n lucen los colores de <strong>Aston Martin<\/strong>. Es un circuito hist\u00f3rico, y la secci\u00f3n del Foro Sol al final de la vuelta es uno de los puntos culminantes. Es uno de los lugares m\u00e1s emblem\u00e1ticos en los que se puede pilotar un F1\u00bb, concluy\u00f3 Alonso.<\/p>\n\n\n\n<p class=\"wp-block-paragraph\">La\u00a0<a href=\"https:\/\/es.grandepremio.com\/f1\/\" target=\"_blank\" rel=\"noreferrer noopener\"><\/a><a href=\"https:\/\/es.grandepremio.com\/f1\/\" target=\"_blank\" rel=\"noreferrer noopener\"><\/a><a href=\"https:\/\/es.grandepremio.com\/f1\/\" target=\"_blank\" rel=\"noreferrer noopener\"><\/a><a href=\"https:\/\/es.grandepremio.com\/f1\/\" target=\"_blank\" rel=\"noreferrer noopener\"><\/a><a href=\"https:\/\/es.grandepremio.com\/f1\/\" target=\"_blank\" rel=\"noreferrer noopener\"><\/a><a href=\"https:\/\/es.grandepremio.com\/f1\/\" target=\"_blank\" rel=\"noreferrer noopener\">F\u00f3rmula 1<\/a>\u00a0regresa del 25 al 27 de octubre con el\u00a0<strong>Gran Premio de la Ciudad de M\u00e9xico<\/strong>\u00a0en el\u00a0<strong>Aut\u00f3dromo Hermanos Rodr\u00edguez.<\/strong><\/p>\n\n\n\n<figure class=\"wp-block-embed is-type-video is-provider-youtube wp-block-embed-youtube wp-embed-aspect-16-9 wp-has-aspect-ratio\"><div class=\"wp-block-embed__wrapper\">\n<iframe loading=\"lazy\" title=\"LA F1 ENTRA EN RECAMBIO CON SU NUEVA GENERACI\u00d3N DE PILOTOS\" width=\"500\" height=\"281\" src=\"https:\/\/www.youtube.com\/embed\/7OrYvwnsPqE?feature=oembed\" frameborder=\"0\" allow=\"accelerometer; autoplay; clipboard-write; encrypted-media; gyroscope; picture-in-picture; web-share\" referrerpolicy=\"strict-origin-when-cross-origin\" allowfullscreen><\/iframe>\n<\/div><\/figure>\n","protected":false},"excerpt":{"rendered":"<p>Fernando Alonso, el piloto con m\u00e1s participaciones en Grandes Premios de F\u00f3rmula 1 de la historia, asegura que espera llegar al menos a 50 carreras m\u00e1s, lo que supone el final de la temporada 2026<\/p>\n","protected":false},"author":0,"featured_media":1010293454,"comment_status":"closed","ping_status":"closed","sticky":false,"template":"","format":"standard","meta":{"42wp_featured_image_caption":"","42wp_featured_image_credits":"","42wp_featured_video":"","42wp_featured_image_hidden":false,"42wp_authors_list":[],"footnotes":""},"categories":[5],"tags":[209,181,2249,184,179,2259,10992,1488,4540],"42wp_author":[14239],"class_list":["post-11082","post","type-post","status-publish","format-standard","has-post-thumbnail","hentry","category-f1","tag-aston-martin","tag-f1","tag-f1-2024","tag-fernando-alonso","tag-formula-1","tag-formula-1-2024","tag-gp-de-ciudad-de-mexico-2024","tag-grande-premio","tag-temporada-2024-f1","42wp_author-jp-otrosky"],"_links":{"self":[{"href":"https:\/\/grandepremio.com\/es\/wp-json\/wp\/v2\/posts\/11082","targetHints":{"allow":["GET"]}}],"collection":[{"href":"https:\/\/grandepremio.com\/es\/wp-json\/wp\/v2\/posts"}],"about":[{"href":"https:\/\/grandepremio.com\/es\/wp-json\/wp\/v2\/types\/post"}],"replies":[{"embeddable":true,"href":"https:\/\/grandepremio.com\/es\/wp-json\/wp\/v2\/comments?post=11082"}],"version-history":[{"count":0,"href":"https:\/\/grandepremio.com\/es\/wp-json\/wp\/v2\/posts\/11082\/revisions"}],"wp:featuredmedia":[{"embeddable":true,"href":"https:\/\/grandepremio.com\/es\/wp-json\/wp\/v2\/media\/1010293454"}],"wp:attachment":[{"href":"https:\/\/grandepremio.com\/es\/wp-json\/wp\/v2\/media?parent=11082"}],"wp:term":[{"taxonomy":"category","embeddable":true,"href":"https:\/\/grandepremio.com\/es\/wp-json\/wp\/v2\/categories?post=11082"},{"taxonomy":"post_tag","embeddable":true,"href":"https:\/\/grandepremio.com\/es\/wp-json\/wp\/v2\/tags?post=11082"},{"taxonomy":"42wp_author","embeddable":true,"href":"https:\/\/grandepremio.com\/es\/wp-json\/wp\/v2\/42wp_author?post=11082"}],"curies":[{"name":"wp","href":"https:\/\/api.w.org\/{rel}","templated":true}]}}