{"id":11095,"date":"2024-10-22T15:51:43","date_gmt":"2024-10-22T18:51:43","guid":{"rendered":"https:\/\/grandepremio.com\/es\/2024\/10\/22\/bezzecchi-cuestiona-vinales-caida-australia\/"},"modified":"2024-10-22T15:51:47","modified_gmt":"2024-10-22T18:51:47","slug":"bezzecchi-cuestiona-vinales-caida-australia","status":"publish","type":"post","link":"https:\/\/grandepremio.com\/es\/motogp\/bezzecchi-cuestiona-vinales-caida-australia\/","title":{"rendered":"Bezzecchi cuestiona la actitud de Vi\u00f1ales tras su ca\u00edda en Australia: &#8220;La cag\u00f3&#8221;"},"content":{"rendered":"\n<p class=\"wp-block-paragraph\">El <strong>GP de Australia<\/strong> tuvo varias maniobras al l\u00edmite, y una de ellas fue en la pen\u00faltima vuelta de la carrera sprint en <strong>Phillip Island<\/strong>, donde <strong>Marco Bezzecchi<\/strong> choc\u00f3 de atr\u00e1s a <strong>Maverick Vi\u00f1ales<\/strong> por estar en la succi\u00f3n de la <strong>Aprilia <\/strong>del piloto espa\u00f1ol. Ambos se cayeron de manera espectacular, sin graves lesiones para los protagonistas.<\/p>\n\n\n\n<p class=\"wp-block-paragraph\">Tras ser atendidos en el centro m\u00e9dico del circuito australiano, fueron dados de alta para la carrera principal del fin de semana, en la que Bezzecchi tuvo que cumplir una penalizaci\u00f3n de una vuelta larga, la <strong>\u201clong lap penalty\u201d<\/strong>, debido a que fue responsabilizado por el accidente.<\/p>\n\n\n\n<figure class=\"wp-block-image size-large\"><img decoding=\"async\" src=\"https:\/\/grandepremio.com\/cdn-cgi\/image\/width=893,height=558,fit=contain,gravity=0.5x0.5,quality=75,format=webp\/es\/wp-content\/uploads\/2024\/10\/ACIDENTE-BEZZECCHI-MOTOGP-2-1024x574.jpg\" alt=\"\" class=\"wp-image-293379\"\/><figcaption class=\"wp-element-caption\">Marco Bezzecchi y Maverick Vi\u00f1ales sufrieron un fuerte accidente (Foto: Reproducci\u00f3n)<\/figcaption><\/figure>\n\n\n\n<p class=\"wp-block-paragraph\">\ud83d\udfe5<em><strong>\u00a1Todas las novedades te esperan en el canal de&nbsp;<\/strong><\/em><a href=\"https:\/\/www.youtube.com\/@GrandePremioES\"><em>YouTube<\/em><\/a><em><strong>&nbsp;de Grande Pr\u00eamio en Espa\u00f1ol!<\/strong><\/em>&nbsp;\ud83d\udfe8<\/p>\n\n\n\n<p class=\"wp-block-paragraph\">Bezzecchi se quej\u00f3 de la actitud de Vi\u00f1ales de pasar por el lado suyo despu\u00e9s de las ca\u00eddas sin acercarse a ver como estaba: <strong>\u201cEl accidente ha sido extra\u00f1o. Maverick me ha pasado por el vac\u00edo y mi moto se ha ido hacia la izquierda, as\u00ed que he tenido que inclinarme un poco para mantenerme recto. Cuando lo hice, \u00e9l se puso delante y fren\u00f3. En el v\u00eddeo se le ve frenar, soltarse y repetir el acto. Acab\u00e9 siendo succionado [por el vac\u00edo]\u201d.<\/strong><\/p>\n\n\n\n<p class=\"wp-block-paragraph\">Marco insisti\u00f3 en que le molest\u00f3 m\u00e1s lo que hizo Maverick que la sanci\u00f3n de los comisarios: <strong>\u201cEn cuanto a la sanci\u00f3n, entiendo que no era f\u00e1cil juzgar y que normalmente quien est\u00e1 detr\u00e1s es el responsable. No me molesta la sanci\u00f3n, pero s\u00ed su comportamiento despu\u00e9s del accidente. Hablamos en el centro m\u00e9dico y me dijo que era importante no tener lesiones. Luego habl\u00f3 con los periodistas y estaba muy enfadado. No me gust\u00f3 su comportamiento en ese momento. Me habr\u00eda preocupado, no habr\u00eda hecho gestos obscenos y le habr\u00eda mandado a la mierda varias veces\u201d.<\/strong><\/p>\n\n\n\n<figure class=\"wp-block-embed is-type-video is-provider-youtube wp-block-embed-youtube wp-embed-aspect-16-9 wp-has-aspect-ratio\"><div class=\"wp-block-embed__wrapper\">\n<iframe loading=\"lazy\" title=\"RESUMEN - GP DE ESTADOS UNIDOS\" width=\"500\" height=\"281\" src=\"https:\/\/www.youtube.com\/embed\/VBD12Vg7vpM?feature=oembed\" frameborder=\"0\" allow=\"accelerometer; autoplay; clipboard-write; encrypted-media; gyroscope; picture-in-picture; web-share\" referrerpolicy=\"strict-origin-when-cross-origin\" allowfullscreen><\/iframe>\n<\/div><\/figure>\n\n\n\n<p class=\"wp-block-paragraph\">Vi\u00f1ales, por su parte, se mostr\u00f3 muy irritado con lo sucedido: <strong>\u201cMe sacan a m\u00e1s de 300 km\/h. \u00bfQu\u00e9 voy a hacer? \u00bfMandar un beso?\u201d<\/strong>. Luego de acabar el Gran Premio, el compa\u00f1ero de <strong>Aleix Espargar\u00f3 <\/strong>tambi\u00e9n envi\u00f3 reproches a su rival: <strong>\u201cEl brazo est\u00e1 mejor de lo que pensaba despu\u00e9s del accidente. Bezzecchi ni siquiera me habl\u00f3 para disculparse\u201d.<\/strong><\/p>\n\n\n\n<p class=\"wp-block-paragraph\">\u23e9&nbsp;<em><strong>\u00a1Seguinos en redes por&nbsp;<\/strong><\/em><a href=\"https:\/\/twitter.com\/grandepremioES\"><em>Twitter&nbsp;<\/em><\/a><em><strong>e&nbsp;<\/strong><\/em><a href=\"https:\/\/www.instagram.com\/grandepremioes\/\"><em>Instagram!<\/em><\/a><br>\u23e9&nbsp;<em><strong>Adem\u00e1s, tenemos nuestro&nbsp;<\/strong><\/em><a href=\"https:\/\/whatsapp.com\/channel\/0029VaDZ5zb0gcfDxuwxBM05\"><em>canal de Whatsapp<\/em><\/a><em><strong>&nbsp;con toda la informaci\u00f3n al instante<\/strong><\/em>&nbsp;\ud83c\udfc1<\/p>\n\n\n\n<p class=\"wp-block-paragraph\">MotoGP vuelve a la actividad el pr\u00f3ximo fin de semana, entre el 25 y el 27 de octubre, con el GP de Tailandia en Buriram, 18\u00aa prueba de la temporada 2024. GRANDE PR\u00caMIO ofrece una cobertura completa del evento.<\/p>\n","protected":false},"excerpt":{"rendered":"<p>Marco Bezzecchi acept\u00f3 la culpa de la ca\u00edda que provoc\u00f3 al final de la carrera sprint en el circuito de Phillip Island, pero no le gust\u00f3 la reacci\u00f3n de Maverick Vi\u00f1ales, que no mostr\u00f3 preocupaci\u00f3n tras verle caer en la zona de escapatoria.<\/p>\n","protected":false},"author":0,"featured_media":1010293375,"comment_status":"closed","ping_status":"closed","sticky":false,"template":"","format":"standard","meta":{"42wp_featured_image_caption":"","42wp_featured_image_credits":"","42wp_featured_video":"","42wp_featured_image_hidden":false,"42wp_authors_list":[],"footnotes":""},"categories":[8],"tags":[1377,1394,1475,1615,1391,3575],"42wp_author":[14237],"class_list":["post-11095","post","type-post","status-publish","format-standard","has-post-thumbnail","hentry","category-motogp","tag-aleix-espargaro","tag-aprilia","tag-gp-de-australia","tag-marco-bezzecchi","tag-maverick-vinales","tag-phillip-island","42wp_author-gabriel-garcia"],"_links":{"self":[{"href":"https:\/\/grandepremio.com\/es\/wp-json\/wp\/v2\/posts\/11095","targetHints":{"allow":["GET"]}}],"collection":[{"href":"https:\/\/grandepremio.com\/es\/wp-json\/wp\/v2\/posts"}],"about":[{"href":"https:\/\/grandepremio.com\/es\/wp-json\/wp\/v2\/types\/post"}],"replies":[{"embeddable":true,"href":"https:\/\/grandepremio.com\/es\/wp-json\/wp\/v2\/comments?post=11095"}],"version-history":[{"count":0,"href":"https:\/\/grandepremio.com\/es\/wp-json\/wp\/v2\/posts\/11095\/revisions"}],"wp:featuredmedia":[{"embeddable":true,"href":"https:\/\/grandepremio.com\/es\/wp-json\/wp\/v2\/media\/1010293375"}],"wp:attachment":[{"href":"https:\/\/grandepremio.com\/es\/wp-json\/wp\/v2\/media?parent=11095"}],"wp:term":[{"taxonomy":"category","embeddable":true,"href":"https:\/\/grandepremio.com\/es\/wp-json\/wp\/v2\/categories?post=11095"},{"taxonomy":"post_tag","embeddable":true,"href":"https:\/\/grandepremio.com\/es\/wp-json\/wp\/v2\/tags?post=11095"},{"taxonomy":"42wp_author","embeddable":true,"href":"https:\/\/grandepremio.com\/es\/wp-json\/wp\/v2\/42wp_author?post=11095"}],"curies":[{"name":"wp","href":"https:\/\/api.w.org\/{rel}","templated":true}]}}