{"id":1118,"date":"2026-05-22T19:29:24","date_gmt":"2026-05-22T22:29:24","guid":{"rendered":"https:\/\/grandepremio.com\/es\/2026\/05\/22\/antonelli-admite-vuelta-mala-clasificacion-sprint-canada-f1-2026\/"},"modified":"2026-05-22T19:29:28","modified_gmt":"2026-05-22T22:29:28","slug":"antonelli-admite-vuelta-mala-clasificacion-sprint-canada-f1-2026","status":"publish","type":"post","link":"https:\/\/grandepremio.com\/es\/f1\/antonelli-admite-vuelta-mala-clasificacion-sprint-canada-f1-2026\/","title":{"rendered":"Antonelli admite &#8220;vuelta mala&#8221; en clasificaci\u00f3n sprint en Canad\u00e1"},"content":{"rendered":"\n<p class=\"wp-block-paragraph\"><strong>Andrea Kimi Antonelli<\/strong> no logr\u00f3 arrebatarle la pole position a <strong>George Russell<\/strong> en la clasificaci\u00f3n sprint del <strong>GP de Canad\u00e1<\/strong>, <a href=\"https:\/\/grandepremio.com\/es\/f1\/george-russell-pole-sprint-canada-formula-1-2026\/\">celebrada este viernes<\/a>, pero dej\u00f3 claro que el <strong>W17<\/strong> tiene a\u00fan m\u00e1s potencial en <strong>Montreal<\/strong>. Adem\u00e1s, el actual l\u00edder del campeonato afirm\u00f3 que las mejoras introducidas por <strong>Mercedes<\/strong> le han brindado una vez m\u00e1s cierta ventaja sobre sus rivales.<\/p>\n\n\n\n<p class=\"wp-block-paragraph\">Tras liderar la \u00fanica sesi\u00f3n de entrenamientos libres del fin de semana, el italiano se posicion\u00f3 como un firme candidato a ser el m\u00e1s r\u00e1pido nuevamente en la sesi\u00f3n que defini\u00f3 la parrilla de salida. Finalmente, registr\u00f3 <strong>1min13s033<\/strong> y tuvo que conformarse con el segundo lugar, a solo <strong>0s068<\/strong> de su compa\u00f1ero de equipo, quien necesitaba responder en el duelo interno de las <strong>Flechas Plateadas<\/strong>.<\/p>\n\n\n\n<p class=\"wp-block-paragraph\">\ud83d\udfe5&nbsp;<strong><em>\u00a1Todas las novedades te esperan en el canal de&nbsp;<\/em><\/strong><a href=\"https:\/\/www.youtube.com\/@GrandePremioES\"><em>YouTube<\/em><\/a><strong><em>&nbsp;de Grande Pr\u00eamio en Espa\u00f1ol!<\/em><\/strong>&nbsp;\ud83d\udfe8<\/p>\n\n\n\n<figure class=\"wp-block-image size-large\"><img decoding=\"async\" src=\"https:\/\/grandepremio.com\/es\/wp-content\/uploads\/2026\/05\/AFP__20260522__B3RW2ED__v2__HighRes__AutoFormulaOneCanadianGrandPrixPracticeQualifyi_11zon-1024x624.webp\" alt=\"\" class=\"wp-image-402029\"\/><figcaption class=\"wp-element-caption\">Kimi Antonelli asegur\u00f3 que el W17 tiene potencial en Montreal. (Foto: AFP)<\/figcaption><\/figure>\n\n\n\n<p class=\"wp-block-paragraph\">\u23e9&nbsp;<strong><em>\u00a1Seguinos en redes por&nbsp;<\/em><\/strong><a href=\"https:\/\/twitter.com\/grandepremioES\"><em>Twitter&nbsp;<\/em><\/a><strong><em>e&nbsp;<\/em><\/strong><a href=\"https:\/\/www.instagram.com\/grandepremioes\/\"><em>Instagram!<\/em><\/a><br>\u23e9&nbsp;<strong><em>Adem\u00e1s, tenemos nuestro&nbsp;<\/em><\/strong><a href=\"https:\/\/whatsapp.com\/channel\/0029VaDZ5zb0gcfDxuwxBM05\"><em>canal de Whatsapp<\/em><\/a><strong><em>&nbsp;con toda la informaci\u00f3n al instante<\/em><\/strong>&nbsp;\ud83c\udfc1<\/p>\n\n\n\n<p class=\"wp-block-paragraph\">&#8220;La vuelta fue bastante mala, para ser honesto. No fue limpia en absoluto. Comet\u00ed un error y eso me perjudic\u00f3 un poco&#8221;, dijo el italiano en la entrevista posterior a la clasificaci\u00f3n. &#8220;Entonces decid\u00ed probar una vuelta con los neum\u00e1ticos blandos sin ninguna preparaci\u00f3n. Los neum\u00e1ticos estaban un poco fr\u00edos. Pero aun as\u00ed termin\u00e9 segundo, as\u00ed que definitivamente hay potencial&#8221;, afirm\u00f3.<\/p>\n\n\n\n<p class=\"wp-block-paragraph\">&#8220;Hemos tra\u00eddo mejoras, as\u00ed que todav\u00eda necesitamos entender mejor el conjunto, ya que el equilibrio ha cambiado. Pero parece que esto nos ha dado una ligera ventaja de nuevo&#8221;, concluy\u00f3.<\/p>\n\n\n\n<p class=\"wp-block-paragraph\">La&nbsp;<strong>F\u00f3rmula 1<\/strong>&nbsp;disputa este fin de semana el&nbsp;<strong>Gran Premio de Canad\u00e1<\/strong>&nbsp;en&nbsp;<strong>Montreal<\/strong>, la quinta prueba de la&nbsp;<strong>temporada 2026<\/strong>.<\/p>\n\n\n\n<figure class=\"wp-block-embed is-type-video is-provider-youtube wp-block-embed-youtube wp-embed-aspect-16-9 wp-has-aspect-ratio\"><div class=\"wp-block-embed__wrapper\">\n<iframe loading=\"lazy\" title=\"GP DE CANAD\u00c1 2026 - LA PREVIA\" width=\"500\" height=\"281\" src=\"https:\/\/www.youtube.com\/embed\/ZU6f65xLO4M?feature=oembed\" frameborder=\"0\" allow=\"accelerometer; autoplay; clipboard-write; encrypted-media; gyroscope; picture-in-picture; web-share\" referrerpolicy=\"strict-origin-when-cross-origin\" allowfullscreen><\/iframe>\n<\/div><\/figure>\n","protected":false},"excerpt":{"rendered":"<p>A pesar de haber clasificado segundo para la sprint en Montreal, Andrea Kimi Antonelli se mostr\u00f3 optimista, afirmando que &#8220;hay potencial&#8221; en el coche de Mercedes con las actualizaciones.<\/p>\n","protected":false},"author":0,"featured_media":1010402019,"comment_status":"closed","ping_status":"closed","sticky":false,"template":"","format":"standard","meta":{"42wp_featured_image_caption":"","42wp_featured_image_credits":"","42wp_featured_video":"","42wp_featured_image_hidden":false,"42wp_authors_list":[],"footnotes":""},"categories":[5],"tags":[6800,2911,1680,179,253,1298,197,1299,13518],"42wp_author":[14240],"class_list":["post-1118","post","type-post","status-publish","format-standard","has-post-thumbnail","hentry","category-f1","tag-andrea-kimi-antonelli","tag-circuito-gilles-villeneuve","tag-f1-2026","tag-formula-1","tag-george-russell","tag-gp-de-canada","tag-mercedes","tag-montreal","tag-w17","42wp_author-ignacio-bogado"],"_links":{"self":[{"href":"https:\/\/grandepremio.com\/es\/wp-json\/wp\/v2\/posts\/1118","targetHints":{"allow":["GET"]}}],"collection":[{"href":"https:\/\/grandepremio.com\/es\/wp-json\/wp\/v2\/posts"}],"about":[{"href":"https:\/\/grandepremio.com\/es\/wp-json\/wp\/v2\/types\/post"}],"replies":[{"embeddable":true,"href":"https:\/\/grandepremio.com\/es\/wp-json\/wp\/v2\/comments?post=1118"}],"version-history":[{"count":0,"href":"https:\/\/grandepremio.com\/es\/wp-json\/wp\/v2\/posts\/1118\/revisions"}],"wp:featuredmedia":[{"embeddable":true,"href":"https:\/\/grandepremio.com\/es\/wp-json\/wp\/v2\/media\/1010402019"}],"wp:attachment":[{"href":"https:\/\/grandepremio.com\/es\/wp-json\/wp\/v2\/media?parent=1118"}],"wp:term":[{"taxonomy":"category","embeddable":true,"href":"https:\/\/grandepremio.com\/es\/wp-json\/wp\/v2\/categories?post=1118"},{"taxonomy":"post_tag","embeddable":true,"href":"https:\/\/grandepremio.com\/es\/wp-json\/wp\/v2\/tags?post=1118"},{"taxonomy":"42wp_author","embeddable":true,"href":"https:\/\/grandepremio.com\/es\/wp-json\/wp\/v2\/42wp_author?post=1118"}],"curies":[{"name":"wp","href":"https:\/\/api.w.org\/{rel}","templated":true}]}}