{"id":11217,"date":"2024-10-17T15:32:26","date_gmt":"2024-10-17T18:32:26","guid":{"rendered":"https:\/\/grandepremio.com\/es\/2024\/10\/17\/fia-carta-al-aca-posiciona-conflicto-automovilismo-argentino\/"},"modified":"2024-10-17T16:00:14","modified_gmt":"2024-10-17T19:00:14","slug":"fia-carta-al-aca-posiciona-conflicto-automovilismo-argentino","status":"publish","type":"post","link":"https:\/\/grandepremio.com\/es\/otras\/fia-carta-al-aca-posiciona-conflicto-automovilismo-argentino\/","title":{"rendered":"FIA env\u00eda carta al ACA y se posiciona en el conflicto interno del automovilismo argentino"},"content":{"rendered":"\n<p class=\"wp-block-paragraph\">Tras la llegada de <strong>Franco Colapinto<\/strong> a la <strong>F\u00f3rmula 1<\/strong> con el equipo <strong>Williams<\/strong> en reemplazo de <strong>Logan Sargeant<\/strong> por las \u00faltimas nueve carreras de la temporada 2024, la <strong>Federaci\u00f3n Internacional del Autom\u00f3vil <\/strong>(FIA) le hizo llegar al <strong>Autom\u00f3vil Club Argentino<\/strong> (ACA) una carta de felicitaci\u00f3n al presidente de la entidad, <strong>Cesar Carman III.<\/strong><\/p>\n\n\n\n<p class=\"wp-block-paragraph\">Pero no se dirgieron solo para eso al ente rector de las competencias de automovilismo en la Argentina. Es que, a trav\u00e9s de <strong>Fabiana Ecclestone<\/strong>, la esposa de Bernie, ex mandam\u00e1s de la F1, en su cargo de vicepresidente de deporte motor para Sudam\u00e9rica, le hizo saber al ACA que el pa\u00eds tiene que cumplir con las reglamentaciones vigentes.<\/p>\n\n\n\n<p class=\"wp-block-paragraph\">Hay que mencionar aqu\u00ed el hist\u00f3rico conflicto que se mantiene desde 1979 entre el ACA y la<strong> ACTC<\/strong>, la Asociaci\u00f3n Corredores de Turismo Carretera, que decidi\u00f3 separarse de la entidad y comenzar a <em>\u201cautofiscalizarse\u201d<\/em> sus pruebas, es decir, ser <em>\u201cjuez y parte\u201d<\/em> en los reglamentos t\u00e9cnicos y deportivos. Si bien durante muchos a\u00f1os ambas entidades convivieron de manera pac\u00edfica, se han avivado los clarines de guerra por la espantada de varias categor\u00edas del ACA a la ACTC.<\/p>\n\n\n\n<p class=\"wp-block-paragraph\">Es que el<strong> Turismo Nacional <\/strong>y el <strong>Turismo Pista<\/strong>, categor\u00edas argentinas de autos con techo, han cambiado de fiscalizaci\u00f3n para este a\u00f1o y se espera que varios equipos del <strong>TC2000<\/strong>, la principal categor\u00eda del ACA, tomen el mismo camino para formar una nueva categor\u00eda. De esta manera, la entidad de la Avenida del Libertador, la \u00fanica reconocida por la<strong> FIA<\/strong> en Argentina, tendr\u00eda solamente a algunos equipos del actual TC2000, al <strong>Top Race<\/strong> y al <strong>Rally Argentino<\/strong> como categor\u00edas nacionales que dependen de sus reglamentaciones.<\/p>\n\n\n\n<p class=\"wp-block-paragraph\">Debido al conflicto de las dos entidades, la FIA le pidi\u00f3 al ACA en la carta de la ejecutiva brasile\u00f1a que todas las carreras en Argentina, <strong>\u201cal igual que los dem\u00e1s pa\u00edses miembros de la FIA, debe organizar sus competencias deportivas en concordancia con el C\u00f3digo Deportivo Internacional (ISC)\u201d.<\/strong><\/p>\n\n\n\n<figure class=\"wp-block-image size-large\"><img decoding=\"async\" src=\"https:\/\/grandepremio.com\/cdn-cgi\/image\/width=893,height=558,fit=contain,gravity=0.5x0.5,quality=75,format=webp\/es\/wp-content\/uploads\/2024\/10\/image-22-1024x683.png\" alt=\"\" class=\"wp-image-292560\"\/><figcaption class=\"wp-element-caption\">Fabiana Ecclestone le pidi\u00f3 al ACA que se ordene el automovilismo argentino. (Foto: Reproducci\u00f3n)<\/figcaption><\/figure>\n\n\n\n<p class=\"wp-block-paragraph\">Con esta carta, el ente rector del automovilismo a nivel mundial reconce p\u00fablicamente por primera vez los problemas institucionales de las dos fiscalizadoras: <strong>\u201cDada la situaci\u00f3n institucional entre la CDA del ACA y la ACTC, ser\u00eda de inter\u00e9s para la FIA resolver estas diferencias, y que todo el automovilismo argentino se organice conforme al ISC. De este modo, junto con nuestra colaboraci\u00f3n, podremos proyectar la actividad internacionalmente sobre una base s\u00f3lida de calidad deportiva e institucional a nivel local\u201d.<\/strong><\/p>\n\n\n\n<p class=\"wp-block-paragraph\">La FIA, entonces, se colocar\u00eda como mediadora entre los intereses de las entidades, separadas no solo en lo deportivo, sino tambi\u00e9n en panatallas televisivas, algo que ha generado divisiones a nivel de emisi\u00f3n de licencias de pilotos y la intenci\u00f3n del ACA de declarar<em> \u201cilegales\u201d<\/em> los eventos que no se lleven a cabo bajo su paraguas. La CDA, a trav\u00e9s del ente fiscalizador, es la que ostenta el poder deportivo en Argentina, y el \u00fanico reconocido ante la Federaci\u00f3n Internacional.<\/p>\n\n\n\n<p class=\"wp-block-paragraph\">Un punto de quiebre que se ha dado en los \u00faltimos a\u00f1os ha sido la ruptura de un pacto no escrito del ACA y la <strong>ACTC<\/strong> de no crear m\u00e1s categor\u00edas, como s\u00ed lo hizo la entidad que rige los destinos del Turismo Carretera y de sus asociadas, lo cual fue menoscabando un acuerdo al que se hab\u00eda llegado para ordenar la actividad con la publicaci\u00f3n de los calendarios y evitar coincidencias de fechas de las principales carreras nacionales, lo que se rompi\u00f3 con el cambio generado por el TN y el Turismo Pista.<\/p>\n\n\n\n<p class=\"wp-block-paragraph\">Adem\u00e1s de esto, hay rumores de un cambio de conducci\u00f3n en la propia entidad de Palermo: se habla de una disconformidad con la gesti\u00f3n de <strong>Eugenio Breard<\/strong> al frente de la <strong>Comisi\u00f3n Deportiva Automovil\u00edstica<\/strong>, tras el reemplazo de <strong>Carlos Garc\u00eda Remoh\u00ed<\/strong>, en medio de un momento cr\u00edtico para las categor\u00edas que rige el ACA, que acusan a los directivos de no prestarles atenci\u00f3n a sus necesidades de mejorar los actuales modelos de negocio.<\/p>\n\n\n\n<p class=\"wp-block-paragraph\">\u00bfSer\u00e1 posible que la FIA pueda mediar entre el ACA y la ACTC para lograr que las categor\u00edas respeten el C\u00f3digo Deportivo Internacional? Parece complicado por la cantidad de a\u00f1os de la divisi\u00f3n y las diferentes capas que tiene el conflicto.<\/p>\n\n\n\n<figure class=\"wp-block-embed is-type-video is-provider-youtube wp-block-embed-youtube wp-embed-aspect-16-9 wp-has-aspect-ratio\"><div class=\"wp-block-embed__wrapper\">\n<iframe loading=\"lazy\" title=\"RENAULT: AUGE Y CA\u00cdDA DE UN EMBLEMA DE LA F\u00d3RMULA 1\" width=\"500\" height=\"281\" src=\"https:\/\/www.youtube.com\/embed\/viQAAtfFLws?feature=oembed\" frameborder=\"0\" allow=\"accelerometer; autoplay; clipboard-write; encrypted-media; gyroscope; picture-in-picture; web-share\" referrerpolicy=\"strict-origin-when-cross-origin\" allowfullscreen><\/iframe>\n<\/div><\/figure>\n","protected":false},"excerpt":{"rendered":"<p>Fabiana Ecclestone, la vicepresidente de automovilismo de Sudam\u00e9rica de la FIA, le envi\u00f3 una carta al Autom\u00f3vil Club Argentino (ACA) sobre la situaci\u00f3n interna del deporte y le solicit\u00f3 al ente rector que las carreras se tienen que llevar a cabo respetando los reglamentos internacionales.<\/p>\n","protected":false},"author":0,"featured_media":1010292559,"comment_status":"closed","ping_status":"closed","sticky":false,"template":"","format":"standard","meta":{"42wp_featured_image_caption":"","42wp_featured_image_credits":"","42wp_featured_video":"","42wp_featured_image_hidden":false,"42wp_authors_list":[],"footnotes":""},"categories":[20],"tags":[6896,10273,10972,10619,10973,4513,2537,179,814,285,10971,3211,10040,9575,10970],"42wp_author":[14237],"class_list":["post-11217","post","type-post","status-publish","format-standard","has-post-thumbnail","hentry","category-otras","tag-actc","tag-automovil-club-argentino","tag-carlos-garcia-remohi","tag-cesar-carman-iii","tag-comision-deportiva-automovilistica","tag-fabiana-ecclestone","tag-federacion-internacional-del-automovil","tag-formula-1","tag-franco-colapinto","tag-logan-sargeant","tag-rally-argentino","tag-tc2000","tag-top-race","tag-turismo-nacional","tag-turismo-pista","42wp_author-gabriel-garcia"],"_links":{"self":[{"href":"https:\/\/grandepremio.com\/es\/wp-json\/wp\/v2\/posts\/11217","targetHints":{"allow":["GET"]}}],"collection":[{"href":"https:\/\/grandepremio.com\/es\/wp-json\/wp\/v2\/posts"}],"about":[{"href":"https:\/\/grandepremio.com\/es\/wp-json\/wp\/v2\/types\/post"}],"replies":[{"embeddable":true,"href":"https:\/\/grandepremio.com\/es\/wp-json\/wp\/v2\/comments?post=11217"}],"version-history":[{"count":0,"href":"https:\/\/grandepremio.com\/es\/wp-json\/wp\/v2\/posts\/11217\/revisions"}],"wp:featuredmedia":[{"embeddable":true,"href":"https:\/\/grandepremio.com\/es\/wp-json\/wp\/v2\/media\/1010292559"}],"wp:attachment":[{"href":"https:\/\/grandepremio.com\/es\/wp-json\/wp\/v2\/media?parent=11217"}],"wp:term":[{"taxonomy":"category","embeddable":true,"href":"https:\/\/grandepremio.com\/es\/wp-json\/wp\/v2\/categories?post=11217"},{"taxonomy":"post_tag","embeddable":true,"href":"https:\/\/grandepremio.com\/es\/wp-json\/wp\/v2\/tags?post=11217"},{"taxonomy":"42wp_author","embeddable":true,"href":"https:\/\/grandepremio.com\/es\/wp-json\/wp\/v2\/42wp_author?post=11217"}],"curies":[{"name":"wp","href":"https:\/\/api.w.org\/{rel}","templated":true}]}}