{"id":11222,"date":"2024-10-17T11:38:21","date_gmt":"2024-10-17T14:38:21","guid":{"rendered":"https:\/\/grandepremio.com\/es\/2024\/10\/17\/red-bull-desliza-duelo-lawson-y-tsunoda-mas-alla-rb\/"},"modified":"2024-10-17T11:38:26","modified_gmt":"2024-10-17T14:38:26","slug":"red-bull-desliza-duelo-lawson-y-tsunoda-mas-alla-rb","status":"publish","type":"post","link":"https:\/\/grandepremio.com\/es\/f1\/red-bull-desliza-duelo-lawson-y-tsunoda-mas-alla-rb\/","title":{"rendered":"Red Bull desliza que el duelo entre Lawson y Tsunoda &#8220;va m\u00e1s all\u00e1 de RB&#8221;"},"content":{"rendered":"\n<p class=\"wp-block-paragraph\">Si bien el equipo<strong> Red Bull <\/strong>lidera el campeonato de pilotos con <strong>Max Verstappen<\/strong> en la <strong>F1 2024<\/strong>, el jefe de equipo, <strong>Christian Horner<\/strong>, dijo que necesitan <strong>\u201crespuestas desesperadamente\u201d<\/strong> de cara al a\u00f1o que viene, teniendo en cuenta que el rendimiento del <strong>RB20<\/strong> ha ca\u00eddo en las \u00faltimas carreras y el neerland\u00e9s no gana desde el <strong>GP de Espa\u00f1a<\/strong>.<\/p>\n\n\n\n<p class=\"wp-block-paragraph\">De cara a la reanudaci\u00f3n del campeonato, RB desplaz\u00f3 a <strong>Daniel Ricciardo<\/strong> para el <strong>GP de Estados Unidos<\/strong> en el <strong>Circuito de las Am\u00e9ricas<\/strong> en Austin, Texas, y lo reemplaz\u00f3 por <strong>Liam Lawson<\/strong>, que debut\u00f3 el a\u00f1o pasado por la lesi\u00f3n del australiano en Zandvoort. Ante este escenario, Horner sorprendi\u00f3 al decir que esperaba<em> \u201cm\u00e1s respuestas\u201d<\/em> de sus pilotos.<\/p>\n\n\n\n<p class=\"wp-block-paragraph\">\ud83d\udfe5<em><strong>\u00a1Todas las novedades te esperan en el canal de&nbsp;<\/strong><\/em><a href=\"https:\/\/www.youtube.com\/@GrandePremioES\"><em>YouTube<\/em><\/a><em><strong>&nbsp;de Grande Pr\u00eamio en Espa\u00f1ol!<\/strong><\/em>&nbsp;\ud83d\udfe8<\/p>\n\n\n\n<p class=\"wp-block-paragraph\"><strong>\u201cPor supuesto, en un mundo ideal, habr\u00edamos esperado hasta el final del campeonato. Pero, mirando desde una perspectiva m\u00e1s amplia, necesit\u00e1bamos respuestas m\u00e1s generales en relaci\u00f3n con nuestros pilotos. Y, por supuesto, con seis carreras a\u00fan por disputar, era una oportunidad perfecta para poner a Liam junto a Yuki y evaluar sus resultados en las carreras que quedan\u201d<\/strong>, comenz\u00f3 Horner en una entrevista con el podcast <em>F1 Nation<\/em>.<\/p>\n\n\n\n<figure class=\"wp-block-image size-large\"><img decoding=\"async\" src=\"https:\/\/grandepremio.com\/cdn-cgi\/image\/width=893,height=558,fit=contain,gravity=0.5x0.5,quality=75,format=webp\/es\/wp-content\/uploads\/2024\/10\/tsunoda-lawson-ricciardo-1200x675-1-1024x576.jpg\" alt=\"\" class=\"wp-image-292516\"\/><figcaption class=\"wp-element-caption\">Christian Horner destac\u00f3 la importancia del duelo entre Yuki Tsunoda y Liam Lawson para Red Bull (Foto: Peter Fox\/Getty Images)<\/figcaption><\/figure>\n\n\n\n<p class=\"wp-block-paragraph\">M\u00e1s all\u00e1 de que ha renovado su contrato por dos a\u00f1os m\u00e1s, <strong>Sergio P\u00e9rez <\/strong>fue se\u00f1alado directamente por Horner en la entrevista y el directivo asegur\u00f3 que espera una mejora en el rendimiento del mexicano: <strong>\u201cEs algo que va m\u00e1s all\u00e1 de RB y tambi\u00e9n concierne a Red Bull. Obviamente tenemos contrato con Sergio para el a\u00f1o que viene, pero siempre hay que estar atentos a lo que viene. \u00bfSer\u00e1 Liam o tendremos que buscar fuera del equipo? \u00bfO, de nuevo, alguno de los otros j\u00f3venes talentos como Isack Hadjar o Arvid Lindblad dar\u00e1 un paso adelante a su debido tiempo? Es dif\u00edcil decirlo ahora mismo\u201d.<\/strong><\/p>\n\n\n\n<p class=\"wp-block-paragraph\">Horner tambi\u00e9n alab\u00f3 la capacidad como piloto de Lawson y quiere ver lo que puede hacer con Yuki Tsunoda como compa\u00f1ero: <strong>\u201cEl a\u00f1o pasado, Lawson venci\u00f3 a Tsunoda en Singapur y Jap\u00f3n, siendo r\u00e1pido desde el principio. Sabemos que es un luchador, que se adapta r\u00e1pidamente y, sin duda, las pruebas que hizo para nosotros con Red Bull este a\u00f1o fueron prometedoras. Al mismo tiempo, Yuki es un piloto muy r\u00e1pido y maduro ahora que ya no es un novato. Est\u00e1 en su cuarta temporada en la F1, tiene mucha experiencia y, tom\u00e1ndolo como referencia, hemos visto d\u00f3nde est\u00e1 Daniel en comparaci\u00f3n con \u00e9l. Ser\u00e1 muy interesante ver lo que Liam puede hacer en las pr\u00f3ximas carreras\u201d<\/strong>.<\/p>\n\n\n\n<p class=\"wp-block-paragraph\">Lo m\u00e1s importante para el jefe del equipo campe\u00f3n del mundo, es que P\u00e9rez pueda volver a su nivel de comienzos de a\u00f1o, pero eval\u00faa un reemplazo para 2025: <strong>\u201c\u00bfMi escenario ideal? Obviamente, Checo necesita recuperar el rendimiento que tuvo a principios de a\u00f1o y que nada cambie. Pero, como sabemos, en este ambiente, dos semanas es tiempo de sobra\u201d.<\/strong><\/p>\n\n\n\n<p class=\"wp-block-paragraph\">\u23e9&nbsp;<em><strong>\u00a1Seguinos en redes por&nbsp;<\/strong><\/em><a href=\"https:\/\/twitter.com\/grandepremioES\"><em>Twitter&nbsp;<\/em><\/a><em><strong>e&nbsp;<\/strong><\/em><a href=\"https:\/\/www.instagram.com\/grandepremioes\/\"><em>Instagram!<\/em><\/a><br>\u23e9&nbsp;<em><strong>Adem\u00e1s, tenemos nuestro&nbsp;<\/strong><\/em><a href=\"https:\/\/whatsapp.com\/channel\/0029VaDZ5zb0gcfDxuwxBM05\"><em>canal de Whatsapp<\/em><\/a><em><strong>&nbsp;con toda la informaci\u00f3n al instante<\/strong><\/em>&nbsp;\ud83c\udfc1<\/p>\n\n\n\n<p class=\"wp-block-paragraph\">Tras una pausa de casi un mes, la F\u00f3rmula 1 regresa este fin de semana, entre el 18 y el 20 de octubre, para el Gran Premio de Estados Unidos, en Austin, con cobertura completa de GRANDE PR\u00caMIO.<\/p>\n\n\n\n<figure class=\"wp-block-embed is-type-video is-provider-youtube wp-block-embed-youtube wp-embed-aspect-16-9 wp-has-aspect-ratio\"><div class=\"wp-block-embed__wrapper\">\n<iframe loading=\"lazy\" title=\"RENAULT: AUGE Y CA\u00cdDA DE UN EMBLEMA DE LA F\u00d3RMULA 1\" width=\"500\" height=\"281\" src=\"https:\/\/www.youtube.com\/embed\/viQAAtfFLws?feature=oembed\" frameborder=\"0\" allow=\"accelerometer; autoplay; clipboard-write; encrypted-media; gyroscope; picture-in-picture; web-share\" referrerpolicy=\"strict-origin-when-cross-origin\" allowfullscreen><\/iframe>\n<\/div><\/figure>\n","protected":false},"excerpt":{"rendered":"<p>Christian Horner volvi\u00f3 a hablar sobre la marcha de Daniel Ricciardo tras el Gran Premio de Singapur y explic\u00f3 c\u00f3mo afectar\u00e1 el duelo entre Yuki Tsunoda y Liam Lawson en RB a la decisi\u00f3n de Red Bull para la temporada 2025 de la F\u00f3rmula 1. <\/p>\n","protected":false},"author":0,"featured_media":1010292511,"comment_status":"closed","ping_status":"closed","sticky":false,"template":"","format":"standard","meta":{"42wp_featured_image_caption":"","42wp_featured_image_credits":"","42wp_featured_video":"","42wp_featured_image_hidden":false,"42wp_authors_list":[],"footnotes":""},"categories":[5],"tags":[1336,1744,365,181,2249,179,588,1750,279,249,9712,206,294],"42wp_author":[14237],"class_list":["post-11222","post","type-post","status-publish","format-standard","has-post-thumbnail","hentry","category-f1","tag-christian-horner","tag-circuito-de-las-americas","tag-daniel-ricciardo","tag-f1","tag-f1-2024","tag-formula-1","tag-gp-de-espana","tag-gp-de-estados-unidos","tag-liam-lawson","tag-max-verstappen","tag-rb20","tag-red-bull","tag-sergio-perez","42wp_author-gabriel-garcia"],"_links":{"self":[{"href":"https:\/\/grandepremio.com\/es\/wp-json\/wp\/v2\/posts\/11222","targetHints":{"allow":["GET"]}}],"collection":[{"href":"https:\/\/grandepremio.com\/es\/wp-json\/wp\/v2\/posts"}],"about":[{"href":"https:\/\/grandepremio.com\/es\/wp-json\/wp\/v2\/types\/post"}],"replies":[{"embeddable":true,"href":"https:\/\/grandepremio.com\/es\/wp-json\/wp\/v2\/comments?post=11222"}],"version-history":[{"count":0,"href":"https:\/\/grandepremio.com\/es\/wp-json\/wp\/v2\/posts\/11222\/revisions"}],"wp:featuredmedia":[{"embeddable":true,"href":"https:\/\/grandepremio.com\/es\/wp-json\/wp\/v2\/media\/1010292511"}],"wp:attachment":[{"href":"https:\/\/grandepremio.com\/es\/wp-json\/wp\/v2\/media?parent=11222"}],"wp:term":[{"taxonomy":"category","embeddable":true,"href":"https:\/\/grandepremio.com\/es\/wp-json\/wp\/v2\/categories?post=11222"},{"taxonomy":"post_tag","embeddable":true,"href":"https:\/\/grandepremio.com\/es\/wp-json\/wp\/v2\/tags?post=11222"},{"taxonomy":"42wp_author","embeddable":true,"href":"https:\/\/grandepremio.com\/es\/wp-json\/wp\/v2\/42wp_author?post=11222"}],"curies":[{"name":"wp","href":"https:\/\/api.w.org\/{rel}","templated":true}]}}